{"id":5029,"date":"2024-12-02T12:47:15","date_gmt":"2024-12-02T11:47:15","guid":{"rendered":"https:\/\/cafeprensa.com.ar\/?p=5029"},"modified":"2024-12-02T12:47:15","modified_gmt":"2024-12-02T11:47:15","slug":"sturzenegger-explico-el-aumento-del-limite-para-compras-en-el-exterior","status":"publish","type":"post","link":"https:\/\/cafeprensa.com.ar\/index.php\/2024\/12\/02\/sturzenegger-explico-el-aumento-del-limite-para-compras-en-el-exterior\/","title":{"rendered":"Sturzenegger explic\u00f3 el aumento del l\u00edmite para compras en el exterior:"},"content":{"rendered":"<div class=\"article__header max-width-md\">\n<p class=\"article__title\"><em><strong>\u00a0\u00abDemocratizaci\u00f3n de la franquicia aduanera\u00bb<\/strong><\/em>. El ministro de Desregulaci\u00f3n y Transformaci\u00f3n del Estado detall\u00f3 a cu\u00e1nto se eleva el nuevo monto y qu\u00e9 aranceles se pagar\u00e1n.<\/p>\n<\/div>\n<div class=\"col-fluid col-fluid-max col-fluid--clip\">\n<div class=\"article__main max-width-md\">\n<div class=\"article__wrapper\">\n<div id=\"article-content\" class=\"article__content standard\">\n<p>El ministro de Desregulaci\u00f3n y Transformaci\u00f3n del Estado,\u00a0<strong>Federico Sturzenegger<\/strong>, explic\u00f3 este domingo 1 de diciembre el anuncio de la\u00a0<a href=\"https:\/\/www.perfil.com\/noticias\/economia\/arca-explica-como-facturar-desde-el-celular-en-tres-sencillos-pasos.phtml\" target=\"_blank\" rel=\"noopener\">Agencia de Recaudaci\u00f3n y Control Aduanero (ARCA)<\/a>\u00a0en relaci\u00f3n al\u00a0<strong>aumento de l\u00edmite del monto para compras en el exterior<\/strong>\u00a0a trav\u00e9s de Prestadores de Servicios Postales (PSP) y Courier.<\/p>\n<p>\u00abHasta ahora vos pod\u00edas traer cosas a trav\u00e9s de Courier por un monto m\u00e1ximo de US$1000.\u00a0<strong>Ma\u00f1ana saldr\u00e1 en el Bolet\u00edn una resoluci\u00f3n firmada por ARCA y la Secretar\u00eda de Comercio que eleva el monto a US$3000.\u00a0<\/strong>Sobre US$4000 no se pagar\u00e1n aranceles\u00bb, explic\u00f3 el funcionario.<\/p>\n<p>Sturzenegger se\u00f1al\u00f3 que la medida busca facilitar y agilizar el\u00a0<a href=\"https:\/\/www.perfil.com\/noticias\/economia\/el-fin-de-la-afip-y-algunas-medidas-concretas-de-desregulacion-del-comercio-exterior.phtml\" target=\"_blank\" rel=\"noopener\">comercio exterior<\/a>\u00a0y detall\u00f3: \u00abSi traes un tel\u00e9fono de US$500, no vas a tener que pagar aranceles por US$400.\u00a0<strong>En todo caso, pagaras los aranceles que correspondan en el valor excedente y\/o IVA interno<\/strong>\u00ab.<\/p>\n<p class=\"destacadoNota\"><a href=\"https:\/\/www.perfil.com\/noticias\/canal-e\/como-seran-las-rebajas-en-las-compras-al-exterior.phtml\" target=\"_blank\" rel=\"noopener\">C\u00f3mo ser\u00e1n las rebajas en las compras al exterior<\/a><\/p>\n<p>\u00abEl que se iba a Miami, se compraba algo, lo pasaba por equipaje y no pagaba franquicia.\u00a0<strong>El que no se va, ahora tampoco lo va a pagar<\/strong>\u00ab, a\u00f1adi\u00f3 el ministro en di\u00e1logo con Luis Majul en\u00a0<em>La Cornisa<\/em>\u00a0(<em>LN+<\/em>). Luego argument\u00f3 que la decisi\u00f3n del Gobierno de Javier Milei tiene como objetivo la\u00a0<strong>\u00abdemocratizaci\u00f3n de la franquicia aduanera\u00bb<\/strong>.<\/p>\n<p>Al ser consultado sobre los posibles impactos sobre el comercio nacional, el expresidente del Banco Central (BCRA) agreg\u00f3: \u00abEl secretario de Comercio (Pablo Lavigne) destacaba que los precios de, por ejemplo, celulares y computadores, van a empezar a alinearse con el costo de traerlos sin esta franquicia desde afuera v\u00eda Amazon. Es una oportunidad que se les est\u00e1 dando a las familias argentinas.\u00a0<strong>Ayudar\u00e1 tambi\u00e9n a que los precios se puedan alinear y se ordenen<\/strong>\u00ab.<\/p>\n<div>\n<figure class=\"image pointer\" data-order=\"1\"><img decoding=\"async\" src=\"https:\/\/fotos.perfil.com\/\/2024\/11\/21\/900\/0\/los-precios-de-la-ropa-en-la-argentina-y-en-el-exterior-1915731.jpeg\" alt=\"Los precios de la ropa en la argentina y en el exterior\" \/><figcaption>Los precios de la ropa en la argentina y en el exterior.<\/figcaption><\/figure>\n<\/div>\n<p>Sturzenegger hizo referencia al\u00a0<a href=\"https:\/\/www.perfil.com\/noticias\/actualidad\/dura-replica-de-sturzenegger-a-cfk-por-medicamentos-usted-pudo-desregularlos-en-12-anos-en-el-poder.phtml\" target=\"_blank\" rel=\"noopener\">discurso de la expresidenta Cristina Kirchner<\/a>\u00a0durante un acto en Rosario, quien apunt\u00f3 contra la gesti\u00f3n libertaria y lanz\u00f3:\u00a0<strong>\u00abA ver Milei si te animas a desregular los medicamentos gen\u00e9ricos importados\u00bb<\/strong>.<\/p>\n<p>\u00abEs sorprendente esa afirmaci\u00f3n.\u00a0<strong>Fue ocho a\u00f1os presidenta, cuatro a\u00f1os vicepresidenta y nunca hizo nada. Parece que ahora se acuerda<\/strong>\u00ab, reproch\u00f3 el ministro de\u00a0<a href=\"https:\/\/www.perfil.com\/noticias\/politica\/milei-cruzo-duramente-a-carrio-y-la-cc-lo-acuso-de-tener-un-pacto-de-impunidad-con-cristina-kirchner.phtml\" target=\"_blank\" rel=\"noopener\">Milei<\/a>.<\/p>\n<p><img loading=\"lazy\" decoding=\"async\" class=\"alignnone wp-image-5031 size-full\" src=\"https:\/\/cafeprensa.com.ar\/wp-content\/uploads\/2024\/12\/javier-milei-federico-sturzenegger-turismo-agencias-viajesjpg.webp\" alt=\"\" width=\"1200\" height=\"675\" srcset=\"https:\/\/cafeprensa.com.ar\/wp-content\/uploads\/2024\/12\/javier-milei-federico-sturzenegger-turismo-agencias-viajesjpg.webp 1200w, https:\/\/cafeprensa.com.ar\/wp-content\/uploads\/2024\/12\/javier-milei-federico-sturzenegger-turismo-agencias-viajesjpg-300x169.webp 300w, https:\/\/cafeprensa.com.ar\/wp-content\/uploads\/2024\/12\/javier-milei-federico-sturzenegger-turismo-agencias-viajesjpg-1024x576.webp 1024w, https:\/\/cafeprensa.com.ar\/wp-content\/uploads\/2024\/12\/javier-milei-federico-sturzenegger-turismo-agencias-viajesjpg-768x432.webp 768w, https:\/\/cafeprensa.com.ar\/wp-content\/uploads\/2024\/12\/javier-milei-federico-sturzenegger-turismo-agencias-viajesjpg-390x220.webp 390w\" sizes=\"auto, (max-width: 1200px) 100vw, 1200px\" \/><\/p>\n<p>Luego profundiz\u00f3: \u00ab<strong>Con el DNU 70\/23 nosotros pretend\u00edamos desregular los medicamentos y el acceso a gen\u00e9ricos. Queremos darle m\u00e1s competitividad al mercado.<\/strong>\u00a0Los medicamentos en la Argentina son cinco veces m\u00e1s caro que en Espa\u00f1a y 25 veces m\u00e1s caros que en la India. Cuando uno permite la competencia, disciplina al mercado dom\u00e9stico\u00bb.<\/p>\n<p class=\"destacadoNota\"><a href=\"https:\/\/www.perfil.com\/noticias\/economia\/el-fin-de-la-afip-y-algunas-medidas-concretas-de-desregulacion-del-comercio-exterior.phtml\" target=\"_blank\" rel=\"noopener\">El fin de la AFIP y algunas medidas concretas de desregulaci\u00f3n del comercio exterior<\/a><\/p>\n<p>Para cerrar, Sturzenegger habl\u00f3 sobre la nueva herramienta del Gobierno, llamada\u00a0<em><strong>\u00abReport\u00e1 tu burocracia\u00bb<\/strong><\/em>, un espacio para denunciar y eliminar las normas que obstruyen el comercio con el objetivo de profundizar la agenda desregulatoria que se est\u00e1 llevando adelante.<\/p>\n<p><img loading=\"lazy\" decoding=\"async\" class=\"alignnone wp-image-5032 size-full\" src=\"https:\/\/cafeprensa.com.ar\/wp-content\/uploads\/2024\/12\/l_1733127709_45428.webp\" alt=\"\" width=\"1200\" height=\"800\" srcset=\"https:\/\/cafeprensa.com.ar\/wp-content\/uploads\/2024\/12\/l_1733127709_45428.webp 1200w, https:\/\/cafeprensa.com.ar\/wp-content\/uploads\/2024\/12\/l_1733127709_45428-300x200.webp 300w, https:\/\/cafeprensa.com.ar\/wp-content\/uploads\/2024\/12\/l_1733127709_45428-1024x683.webp 1024w, https:\/\/cafeprensa.com.ar\/wp-content\/uploads\/2024\/12\/l_1733127709_45428-768x512.webp 768w\" sizes=\"auto, (max-width: 1200px) 100vw, 1200px\" \/><\/p>\n<p>\u00ab<strong>Nosotros creemos que el Estado no genera riqueza. La genera el privado. El Estado estorba. Con cosas como esta, lo que queremos es que la gente nos cuente lo que le molesta.\u00a0<\/strong>Lo lanzamos el viernes. Este s\u00e1bado a la tarde, ya ten\u00edamos 2600 sugerencias de todo tipo y color. Sobre regulaciones, reglamentaciones, resoluciones, leyes, que consideran son un incordio en su vida\u00bb, concluy\u00f3.<\/p>\n<p><em><strong><span style=\"font-size: 8pt;\">FUENTE: https:\/\/www.perfil.com\/noticias\/politica\/sturzenegger-explico-como-funciona-el-aumento-del-limite-para-compras-en-el-exterior-democratizacion-de-la-franquicia-aduanera.phtml<\/span><\/strong><\/em><\/p>\n<\/div>\n<\/div>\n<\/div>\n<\/div>\n","protected":false},"excerpt":{"rendered":"<p>\u00a0\u00abDemocratizaci\u00f3n de la franquicia aduanera\u00bb. El ministro de Desregulaci\u00f3n y Transformaci\u00f3n del Estado detall\u00f3 a cu\u00e1nto se eleva el nuevo monto y qu\u00e9 aranceles se pagar\u00e1n. El ministro de Desregulaci\u00f3n y Transformaci\u00f3n del Estado,\u00a0Federico Sturzenegger, explic\u00f3 este domingo 1 de diciembre el anuncio de la\u00a0Agencia de Recaudaci\u00f3n y Control Aduanero (ARCA)\u00a0en relaci\u00f3n al\u00a0aumento de l\u00edmite &hellip;<\/p>\n","protected":false},"author":2,"featured_media":5030,"comment_status":"open","ping_status":"open","sticky":false,"template":"","format":"standard","meta":{"footnotes":""},"categories":[28,33],"tags":[1301,1300],"class_list":["post-5029","post","type-post","status-publish","format-standard","has-post-thumbnail","hentry","category-economia","category-nacionales","tag-compras-en-el-exterior","tag-sturzenegger"],"_links":{"self":[{"href":"https:\/\/cafeprensa.com.ar\/index.php\/wp-json\/wp\/v2\/posts\/5029","targetHints":{"allow":["GET"]}}],"collection":[{"href":"https:\/\/cafeprensa.com.ar\/index.php\/wp-json\/wp\/v2\/posts"}],"about":[{"href":"https:\/\/cafeprensa.com.ar\/index.php\/wp-json\/wp\/v2\/types\/post"}],"author":[{"embeddable":true,"href":"https:\/\/cafeprensa.com.ar\/index.php\/wp-json\/wp\/v2\/users\/2"}],"replies":[{"embeddable":true,"href":"https:\/\/cafeprensa.com.ar\/index.php\/wp-json\/wp\/v2\/comments?post=5029"}],"version-history":[{"count":1,"href":"https:\/\/cafeprensa.com.ar\/index.php\/wp-json\/wp\/v2\/posts\/5029\/revisions"}],"predecessor-version":[{"id":5033,"href":"https:\/\/cafeprensa.com.ar\/index.php\/wp-json\/wp\/v2\/posts\/5029\/revisions\/5033"}],"wp:featuredmedia":[{"embeddable":true,"href":"https:\/\/cafeprensa.com.ar\/index.php\/wp-json\/wp\/v2\/media\/5030"}],"wp:attachment":[{"href":"https:\/\/cafeprensa.com.ar\/index.php\/wp-json\/wp\/v2\/media?parent=5029"}],"wp:term":[{"taxonomy":"category","embeddable":true,"href":"https:\/\/cafeprensa.com.ar\/index.php\/wp-json\/wp\/v2\/categories?post=5029"},{"taxonomy":"post_tag","embeddable":true,"href":"https:\/\/cafeprensa.com.ar\/index.php\/wp-json\/wp\/v2\/tags?post=5029"}],"curies":[{"name":"wp","href":"https:\/\/api.w.org\/{rel}","templated":true}]}}