{"id":5034,"date":"2024-12-02T13:28:04","date_gmt":"2024-12-02T12:28:04","guid":{"rendered":"https:\/\/cafeprensa.com.ar\/?p=5034"},"modified":"2024-12-02T13:28:04","modified_gmt":"2024-12-02T12:28:04","slug":"esperamos-que-la-justicia-actue-a-fondo","status":"publish","type":"post","link":"https:\/\/cafeprensa.com.ar\/index.php\/2024\/12\/02\/esperamos-que-la-justicia-actue-a-fondo\/","title":{"rendered":"\u00abEsperamos que la Justicia act\u00fae a fondo\u00bb"},"content":{"rendered":"<article>\n<div id=\"detail-header\" class=\"article-header\">\n<div class=\"row\">\n<div class=\"col-12\">\n<div class=\"article-title\">\n<p class=\"title\"><span style=\"font-size: 16px; font-weight: 400;\">Federico Masso, ministro de Desarrollo Social, habl\u00f3 sobre el secuestro de mercader\u00eda tras un allanamiento: <strong>\u00abhay que ir al fondo de las consecuencias\u00bb.<\/strong><\/span><\/p>\n<\/div>\n<div class=\"article-date\"><a title=\"\" href=\"https:\/\/media.lv12.com.ar\/p\/660bfb3b0afc19bcc90b9d6f9dbfe442\/adjuntos\/261\/imagenes\/001\/971\/0001971498\/imagepng.png\" rel=\"index, nofollow\"><img decoding=\"async\" title=\"Mercader\u00eda secuestrada: Esperamos que la Justicia act\u00fae a fondo\" src=\"https:\/\/media.lv12.com.ar\/p\/660bfb3b0afc19bcc90b9d6f9dbfe442\/adjuntos\/261\/imagenes\/001\/971\/0001971498\/imagepng.png\" alt=\"Mercader\u00eda secuestrada: Esperamos que la Justicia act\u00fae a fondo\" width=\"700\" \/><\/a><\/div>\n<div><\/div>\n<\/div>\n<\/div>\n<\/div>\n<\/article>\n<div class=\"row\">\n<div class=\"col col-8\">\n<article class=\"article-body first\">\n<div class=\"article-content selectionShareable\">\n<div class=\"cuerpo\" data-twitter-link=\"\">\n<p><strong>La semana pasada en un allanamiento por una causa de violencia de g\u00e9nero llevado a cabo por personal de la Polic\u00eda de Tucum\u00e1n, se termin\u00f3 secuestrando mercader\u00eda que pertenece al Ministerio de\u00a0<a id=\"2374_agrupador\" class=\"agrupador\" href=\"https:\/\/www.lv12.com.ar\/ministerio-desarrollo-social-a1540\">Desarrollo Social\u00a0<\/a>en una vivienda particular.<\/strong><\/p>\n<\/div>\n<\/div>\n<\/article>\n<article class=\"article-body\">\n<div class=\"article-content selectionShareable\">\n<div class=\"cuerpo\" data-twitter-link=\"\">\n<p>Desde el Gobierno provincial reafirmaron el compromiso con la transparencia en la entrega de los m\u00f3dulos alimentarios, y aseguraron que se contin\u00faa investigando sobre el destino indebido de la mercader\u00eda, ya que en la Provincia, <strong>se distribuyen a 137 mil familias que la necesitan,<\/strong> a trav\u00e9s de organizaciones de la sociedad civil, fundaciones, cooperativas, hogares y asociaciones, pero tambi\u00e9n mediante las comunas y municipios.<\/p>\n<p>Federico Masso, ministro de Desarrollo Social, habl\u00f3 sobre el tema .<em>\u00a0<strong>\u00abCreo que hoy la situaci\u00f3n de pobreza, de indigencia y de necesidad de tantos tucumanos no da margen ni que sea un gramo de arroz destinado a que inescrupulosos quieran sacar partida y sobre todo beneficios econ\u00f3micos de los mismos. Esperamos que la Justicia actu\u00e9 a fondo\u00bb<\/strong><\/em><strong>,<\/strong> sostuvo al inicio de la entrevista.<\/p>\n<div class=\"saysCMSEmphasis\">Record\u00f3 que en el mes de enero iniciaron una demanda \u00abpor que daba verg\u00fcenza ajena como en cualquier esquina, en cualquier despensa se vend\u00edan los alimentos del Ministerio. Hay una investigaci\u00f3n en curso todav\u00eda\u00bb.<\/div>\n<div id=\"312129-Libre-1004498865_wrap\" class=\"embed_cont type_imagen\" contenteditable=\"false\">\n<div id=\"312129-Libre-1004498865_content\" class=\"embed_content\"><img decoding=\"async\" id=\"312129-Libre-1004498865_embed\" title=\"Desarrollo Social. Masso brind\u00f3 detalles sobre la mercader\u00eda secuestrada. \" src=\"https:\/\/media.lv12.com.ar\/p\/fb0d6d49740f2a8d975958ef97a5df0a\/adjuntos\/261\/imagenes\/001\/971\/0001971510\/1200x0\/smart\/imagepng.png\" alt=\"Desarrollo Social. Masso brind\u00f3 detalles sobre la mercader\u00eda secuestrada. \" width=\"1200\" height=\"undefined\" longdesc=\"https:\/\/media.lv12.com.ar\/p\/fb0d6d49740f2a8d975958ef97a5df0a\/adjuntos\/261\/imagenes\/001\/971\/0001971510\/1200x0\/smart\/imagepng.png\" \/><\/div>\n<div id=\"312129-Libre-1004498865_epigrafe\" class=\"embed_epigrafe\">\n<p>Desarrollo Social. Masso brind\u00f3 detalles sobre la mercader\u00eda secuestrada.<\/p>\n<\/div>\n<\/div>\n<p>Tambi\u00e9n se\u00f1al\u00f3 que a partir de la denuncia realizada desde el Ministerio, con el acompa\u00f1amiento del gobernador, se cambiaron distintos mecanismos de control puertas adentro sobre los que recib\u00edan la mercader\u00eda.\u00a0<strong><em>\u00abA partir de eso se gener\u00f3 una divisi\u00f3n de control de entrega de los alimentos. Y sobre todo un nuevo esquema de rendici\u00f3n de cuentas a trav\u00e9s de una parte online y otra f\u00edsica que va a un cruzamiento para optimizar que esa mercader\u00eda llegue a los tucumanos que no tienen trabajo, que no tienen una pensi\u00f3n, que no son monotributistas y que no tienen ingresos\u00bb<\/em><\/strong>, dijo.<\/p>\n<p><span id=\"embed6qx63d6e6hs_wrap\" class=\"embed_cont type_highlight inlinehighlight\"><span id=\"embed6qx63d6e6hs_content\" class=\"embed_content inlinehighlight\">No vamos a permitir que nadie haga uso o abuso de algo que tiene que llegar a los que menos tienen<\/span><\/span><\/p>\n<p>Pero por otro lado consider\u00f3 no se puede poner\u00a0<strong>\u00aba todos por igual\u00bb\u00a0<\/strong>en referencia al trabajo que realizan las organizaciones de la sociedad civil.<em>\u00a0\u00abEn todo orden de la vida hay personas buenas y personas malas\u00bb<\/em>, asever\u00f3.<\/p>\n<p><strong><em>\u00abHay que ir al fondo de las consecuencias aparezca quien aparezca en esta situaci\u00f3n. Hemos puesto de la Justicia toda la documentaci\u00f3n necesaria\u00bb<\/em><\/strong>, coment\u00f3 el ministro.<\/p>\n<h2><strong>Sin intermediarios para que los beneficiario puedan acceder a la mercader\u00eda<\/strong><\/h2>\n<p>Sobre la eliminaci\u00f3n de intermediarios para la entrega de alimentos a trav\u00e9s de la implementaci\u00f3n de una tarjeta, el funcionario dijo:<strong><em>\u00a0\u00abestamos trabajando en la confecci\u00f3n de un padr\u00f3n de tucumanos y tucumanas que recib\u00edan v\u00eda distintas organizaciones de la sociedad civil\u00bb.<\/em><\/strong>\u00a0En ese entido cont\u00f3 que hoy viaja a la ciudad de Buenos Aires el\u00a0<strong>ministro de Econom\u00eda, Daniel Abad,<\/strong>\u00a0para reunirse con dos entidades bancarias.\u00a0<em>\u00abDe acuerdo a los requisitos vamos a seguir trabajando en el pulido de ese padr\u00f3n\u00bb<\/em>, explic\u00f3.<\/p>\n<p><span id=\"embedoiqnomggyr9_wrap\" class=\"embed_cont type_highlight inlinehighlight\"><span id=\"embedoiqnomggyr9_content\" class=\"embed_content inlinehighlight\">Nos hemos puesto como objetivo, que la entrega que generalmente se da los d\u00edas 15, podamos en el mes enero poder estar ya entregando las tarjetas para que cada tucumano pueda comprar sus alimentos<\/span><\/span><\/p>\n<h2><strong>Comedores escolares en verano<\/strong><\/h2>\n<p><strong><em>\u00abVamos a trabajar para que en enero y febrero los 104 mil ni\u00f1os que almuerzan hoy en las escuelas puedan almorzar en sus casas a partir de una ayuda que hacemos que en algunos casos concurren a las escuelas de elaboraci\u00f3n propia y otros recibir\u00e1n un m\u00f3dulo por el valor que significa el importe que reciben por d\u00eda para que la mam\u00e1 pueda darle un plato de comida todo los d\u00edas\u00bb<\/em><\/strong>, detall\u00f3 sobre el tema.<\/p>\n<p><span id=\"saysCMSEmphasisl9klri8tj4c\" class=\"saysCMSEmphasis\">Tambi\u00e9n mencion\u00f3 la posibilidad de implementar una experiencia piloto para que la madre en vez de recibir el m\u00f3dulo, las cerca de 42 mil familias, puedan tambi\u00e9n comprar sus alimentos. <em><strong>\u00abEs una propuesta, tenemos que analizarla<\/strong><\/em>\u00ab, dijo.<\/span><\/p>\n<p><strong><em>\u00abPero la decisi\u00f3n es que no se corte el muy buen trabajo que se viene haciendo con el trabajo nutricional con nuestros ni\u00f1os y ni\u00f1as que concurren a la escuela\u00bb<\/em><\/strong>, finaliz\u00f3.<\/p>\n<\/div>\n<\/div>\n<\/article>\n<\/div>\n<\/div>\n","protected":false},"excerpt":{"rendered":"<p>Federico Masso, ministro de Desarrollo Social, habl\u00f3 sobre el secuestro de mercader\u00eda tras un allanamiento: \u00abhay que ir al fondo de las consecuencias\u00bb. La semana pasada en un allanamiento por una causa de violencia de g\u00e9nero llevado a cabo por personal de la Polic\u00eda de Tucum\u00e1n, se termin\u00f3 secuestrando mercader\u00eda que pertenece al Ministerio de\u00a0Desarrollo &hellip;<\/p>\n","protected":false},"author":2,"featured_media":5035,"comment_status":"open","ping_status":"open","sticky":false,"template":"","format":"standard","meta":{"footnotes":""},"categories":[54,47,34],"tags":[230,395],"class_list":["post-5034","post","type-post","status-publish","format-standard","has-post-thumbnail","hentry","category-interes-ganeral","category-justicia","category-locales","tag-federico-masso","tag-ministro-de-desarrollo-social"],"_links":{"self":[{"href":"https:\/\/cafeprensa.com.ar\/index.php\/wp-json\/wp\/v2\/posts\/5034","targetHints":{"allow":["GET"]}}],"collection":[{"href":"https:\/\/cafeprensa.com.ar\/index.php\/wp-json\/wp\/v2\/posts"}],"about":[{"href":"https:\/\/cafeprensa.com.ar\/index.php\/wp-json\/wp\/v2\/types\/post"}],"author":[{"embeddable":true,"href":"https:\/\/cafeprensa.com.ar\/index.php\/wp-json\/wp\/v2\/users\/2"}],"replies":[{"embeddable":true,"href":"https:\/\/cafeprensa.com.ar\/index.php\/wp-json\/wp\/v2\/comments?post=5034"}],"version-history":[{"count":1,"href":"https:\/\/cafeprensa.com.ar\/index.php\/wp-json\/wp\/v2\/posts\/5034\/revisions"}],"predecessor-version":[{"id":5036,"href":"https:\/\/cafeprensa.com.ar\/index.php\/wp-json\/wp\/v2\/posts\/5034\/revisions\/5036"}],"wp:featuredmedia":[{"embeddable":true,"href":"https:\/\/cafeprensa.com.ar\/index.php\/wp-json\/wp\/v2\/media\/5035"}],"wp:attachment":[{"href":"https:\/\/cafeprensa.com.ar\/index.php\/wp-json\/wp\/v2\/media?parent=5034"}],"wp:term":[{"taxonomy":"category","embeddable":true,"href":"https:\/\/cafeprensa.com.ar\/index.php\/wp-json\/wp\/v2\/categories?post=5034"},{"taxonomy":"post_tag","embeddable":true,"href":"https:\/\/cafeprensa.com.ar\/index.php\/wp-json\/wp\/v2\/tags?post=5034"}],"curies":[{"name":"wp","href":"https:\/\/api.w.org\/{rel}","templated":true}]}}