{"id":5071,"date":"2024-12-04T00:40:21","date_gmt":"2024-12-03T23:40:21","guid":{"rendered":"https:\/\/cafeprensa.com.ar\/?p=5071"},"modified":"2024-12-04T00:40:21","modified_gmt":"2024-12-03T23:40:21","slug":"el-futuro-de-colapinto-tiene-en-vilo-a-la-f1","status":"publish","type":"post","link":"https:\/\/cafeprensa.com.ar\/index.php\/2024\/12\/04\/el-futuro-de-colapinto-tiene-en-vilo-a-la-f1\/","title":{"rendered":"El futuro de Colapinto tiene en vilo a la F1"},"content":{"rendered":"<header class=\"article-header-wrapper\">\n<div class=\"article-header\">\n<p id=\"del-&quot;no-esta-en-nuestra-lista&quot;-en-red-bull-a-ser-una-&quot;amenaza&quot;-para-el-nuevo-piloto-de-alpine:-el-futuro-de-colapinto-tiene-en-vilo-a-la-f1\" class=\"article-headline left\">Del \u201cno est\u00e1 en nuestra lista\u201d en Red Bull a ser una \u201camenaza\u201d para el nuevo piloto de Alpine:\u00a0A pocos d\u00edas de la \u00faltima carrera de la temporada, el argentino sigue en boca de todos en el paddock de la M\u00e1xima<\/p>\n<\/div>\n<\/header>\n<article class=\"article\">\n<div class=\"body-article \">\n<div class=\" visual__image\"><picture><source srcset=\"https:\/\/www.infobae.com\/resizer\/v2\/JEMZHIAVWBESBKP5XMIQ34V4LQ.jpg?auth=7d9d738c89e5021a37e25fa12c812dd739f81c01d135daeea75fe44100334f39&amp;smart=true&amp;width=992&amp;height=558&amp;quality=85\" media=\"(min-width: 1000px)\" \/><source srcset=\"https:\/\/www.infobae.com\/resizer\/v2\/JEMZHIAVWBESBKP5XMIQ34V4LQ.jpg?auth=7d9d738c89e5021a37e25fa12c812dd739f81c01d135daeea75fe44100334f39&amp;smart=true&amp;width=768&amp;height=432&amp;quality=85\" media=\"(min-width: 768px)\" \/><source srcset=\"https:\/\/www.infobae.com\/resizer\/v2\/JEMZHIAVWBESBKP5XMIQ34V4LQ.jpg?auth=7d9d738c89e5021a37e25fa12c812dd739f81c01d135daeea75fe44100334f39&amp;smart=true&amp;width=577&amp;height=325&amp;quality=85\" media=\"(min-width: 580px)\" \/><source srcset=\"https:\/\/www.infobae.com\/resizer\/v2\/JEMZHIAVWBESBKP5XMIQ34V4LQ.jpg?auth=7d9d738c89e5021a37e25fa12c812dd739f81c01d135daeea75fe44100334f39&amp;smart=true&amp;width=420&amp;height=236&amp;quality=85\" media=\"(min-width: 350px)\" \/><source srcset=\"https:\/\/www.infobae.com\/resizer\/v2\/JEMZHIAVWBESBKP5XMIQ34V4LQ.jpg?auth=7d9d738c89e5021a37e25fa12c812dd739f81c01d135daeea75fe44100334f39&amp;smart=true&amp;width=350&amp;height=197&amp;quality=85\" media=\"(min-width: 80px)\" \/><img loading=\"lazy\" decoding=\"async\" class=\"global-image\" src=\"https:\/\/www.infobae.com\/resizer\/v2\/JEMZHIAVWBESBKP5XMIQ34V4LQ.jpg?auth=7d9d738c89e5021a37e25fa12c812dd739f81c01d135daeea75fe44100334f39&amp;smart=true&amp;width=350&amp;height=197&amp;quality=85\" alt=\"La F1 habla sobre el futuro de Franco Colapinto (@williamsracing)\" width=\"1920\" height=\"1080\" \/><\/picture>La F1 habla sobre el futuro de Franco Colapinto (@williamsracing)<\/div>\n<p class=\"paragraph\" data-mrf-recirculation=\"Links inline\"><b>El futuro de Franco Colapinto tiene en vilo a los fan\u00e1ticos del automovilismo en Argentina<\/b>. Y tambi\u00e9n a los aficionados de la F\u00f3rmula 1 que se deslumbraron con la actuaci\u00f3n del oriundo de Pilar tras su estreno en la m\u00e1xima categor\u00eda del deporte motor. Cuando s\u00f3lo falta el Gran Premio en Abu Dhabi,\u00a0<b>todav\u00eda no hay indicios de lo que suceder\u00e1 con el hombre de Williams en 2025<\/b>.<\/p>\n<p class=\"paragraph\" data-mrf-recirculation=\"Links inline\">Luego de<a href=\"https:\/\/www.infobae.com\/deportes\/2024\/11\/01\/los-detalles-de-la-reunion-entre-horner-y-vowles-por-el-fichaje-de-colapinto-el-gesto-del-jefe-de-red-bull-con-el-argentino\/\" target=\"_blank\" rel=\"noopener noreferrer\" data-mrf-link=\"https:\/\/www.infobae.com\/deportes\/2024\/11\/01\/los-detalles-de-la-reunion-entre-horner-y-vowles-por-el-fichaje-de-colapinto-el-gesto-del-jefe-de-red-bull-con-el-argentino\/\">\u00a0las negociaciones que pudo confirmar Infobae<\/a>\u00a0durante la carrera en el circuito de Interlagos entre el director de Red Bull\u00a0<b>Christian Horner<\/b>\u00a0y su par de Williams\u00a0<b>James Vowles<\/b>, tras los malos resultados de Colapinto en Brasil (se accident\u00f3 en la clasificaci\u00f3n y la prueba principal), su fuerte choque en la Q2 de Las Vegas y el bajo rendimiento en Qatar, el equipo que acaba de coronarse campe\u00f3n del mundo de pilotos de la mano de Max Verstappen ya no tendr\u00eda en cuenta a Franco para la grilla del pr\u00f3ximo a\u00f1o.<\/p>\n<p class=\"paragraph\" data-mrf-recirculation=\"Links inline\">Seg\u00fan el medio alem\u00e1n\u00a0<i>Auto Motor Sport<\/i>, las acciones por Colapinto bajaron tras las carreras en las que no tuvo el mismo rendimiento de las primeras cinco:\u00a0<b>\u201cEl inter\u00e9s por el argentino se enfri\u00f3 considerablemente\u201d<\/b>, mencion\u00f3 el periodista Michael Schmidt.<\/p>\n<p class=\"paragraph\" data-mrf-recirculation=\"Links inline\">Asimismo, la revista de automovilismo\u00a0<b>tambi\u00e9n sugiri\u00f3 que el equipo Alpine, otro de los que hab\u00eda puesto sus ojos en el argentino, habr\u00eda deca\u00eddo en sus intenciones de contratarlo de cara al 2025<\/b>. \u201cDespu\u00e9s del GP de Austin, Red Bull y Alpine persegu\u00edan al piloto suplente de Williams como si ya hubiera ganado una carrera. Ofrecieron millones de dos d\u00edgitos y un lugar regular para comprar el contrato del ni\u00f1o genio con la cara de Senna\u201d, graficaron.<\/p>\n<div class=\" visual__image\"><picture><source srcset=\"https:\/\/www.infobae.com\/resizer\/v2\/E7KJI7IB6KO7MZAEDVC6F3S7JY.jpg?auth=17cf40012b3b4c0d11c9a4226e2126ed78bc1639323fb4de413f92b9ba802d4c&amp;smart=true&amp;width=992&amp;height=606&amp;quality=85\" media=\"(min-width: 1000px)\" \/><source srcset=\"https:\/\/www.infobae.com\/resizer\/v2\/E7KJI7IB6KO7MZAEDVC6F3S7JY.jpg?auth=17cf40012b3b4c0d11c9a4226e2126ed78bc1639323fb4de413f92b9ba802d4c&amp;smart=true&amp;width=768&amp;height=469&amp;quality=85\" media=\"(min-width: 768px)\" \/><source srcset=\"https:\/\/www.infobae.com\/resizer\/v2\/E7KJI7IB6KO7MZAEDVC6F3S7JY.jpg?auth=17cf40012b3b4c0d11c9a4226e2126ed78bc1639323fb4de413f92b9ba802d4c&amp;smart=true&amp;width=577&amp;height=353&amp;quality=85\" media=\"(min-width: 580px)\" \/><source srcset=\"https:\/\/www.infobae.com\/resizer\/v2\/E7KJI7IB6KO7MZAEDVC6F3S7JY.jpg?auth=17cf40012b3b4c0d11c9a4226e2126ed78bc1639323fb4de413f92b9ba802d4c&amp;smart=true&amp;width=420&amp;height=257&amp;quality=85\" media=\"(min-width: 350px)\" \/><source srcset=\"https:\/\/www.infobae.com\/resizer\/v2\/E7KJI7IB6KO7MZAEDVC6F3S7JY.jpg?auth=17cf40012b3b4c0d11c9a4226e2126ed78bc1639323fb4de413f92b9ba802d4c&amp;smart=true&amp;width=350&amp;height=214&amp;quality=85\" media=\"(min-width: 80px)\" \/><img loading=\"lazy\" decoding=\"async\" class=\"global-image\" src=\"https:\/\/www.infobae.com\/resizer\/v2\/E7KJI7IB6KO7MZAEDVC6F3S7JY.jpg?auth=17cf40012b3b4c0d11c9a4226e2126ed78bc1639323fb4de413f92b9ba802d4c&amp;smart=true&amp;width=350&amp;height=214&amp;quality=85\" alt=\"Christian Horner y Helmut Marko, los hombres importantes de Red Bull en la F1 (REUTERS\/Jakub Porzycki)\" width=\"5833\" height=\"3686\" \/><\/picture><span style=\"font-size: 10pt;\"><strong>Christian Horner y Helmut Marko, los hombres importantes de Red Bull en la F1\u00a0<\/strong><\/span><\/div>\n<p class=\"paragraph\" data-mrf-recirculation=\"Links inline\">Esta novedad se puede vincular a las recientes declaraciones del jefe de Red Bull\u00a0<b>Helmut Marko<\/b>. El experimentado asesor de la estructura de la bebida energ\u00e9tica habl\u00f3 luego del GP de Qatar y dio su veredicto sobre el posible fichaje del piloto que reemplazar\u00eda el mexicano Checo P\u00e9rez.\u00a0<b>\u201cTenemos una reuni\u00f3n despu\u00e9s de la carrera de Abu Dhabi. Pero el nombre de Colapinto no est\u00e1 muy alto en nuestra lista\u201d<\/b>, dijo el austr\u00edaco en di\u00e1logo con el sitio\u00a0<i>Motorsport<\/i> despu\u00e9s de la carrera en el circuito internacional de Lusail.<\/p>\n<p class=\"paragraph\" data-mrf-recirculation=\"Links inline\">Hay que mencionar que el director tambi\u00e9n\u00a0<a href=\"https:\/\/www.infobae.com\/deportes\/2024\/12\/02\/el-director-de-red-bull-hablo-del-futuro-de-colapinto-en-la-formula-1-tras-el-gp-de-qatar-es-un-talento\/\" target=\"_blank\" rel=\"noopener noreferrer\" data-mrf-link=\"https:\/\/www.infobae.com\/deportes\/2024\/12\/02\/el-director-de-red-bull-hablo-del-futuro-de-colapinto-en-la-formula-1-tras-el-gp-de-qatar-es-un-talento\/\">fue consultado sobre el potencial de Colapinto y sus posibilidades de sumarse a la escuder\u00eda en 2025<\/a>.\u00a0<b>\u201cSin duda es un talento que quiere ganarse un puesto permanente en la F\u00f3rmula 1\u2033<\/b>. Acto seguido, no profundiz\u00f3 en relaci\u00f3n a ese tema y fue elogioso con los pilotos que est\u00e1n en la \u00f3rbita de la escuder\u00eda. \u201cTenemos una gran cantera de talentos en el equipo junior de Red Bull, y estoy seguro de que Franco encontrar\u00e1 su sitio en la parrilla en el futuro\u201d, dijo Horner.<\/p>\n<p class=\"paragraph\" data-mrf-recirculation=\"Links inline\">Adem\u00e1s de la opci\u00f3n de Red Bull,\u00a0<b>en el paddock se cree que Colapinto podr\u00eda recalar en el equipo Alpine<\/b>. Despu\u00e9s que el asesor de la escuder\u00eda con sede en Francia, Flavio Briatore, calific\u00f3 de muy buena forma el trabajo que hizo hasta ahora el piloto argentino, se confirm\u00f3 que<b>\u00a0Jack Doohan<\/b>\u00a0ser\u00e1 el reemplazante de Esteban Ocon en Abu Dhabi.<\/p>\n<div class=\" visual__image\"><picture><source srcset=\"https:\/\/www.infobae.com\/resizer\/v2\/GTPUHV46DBD6VCDA6IFGNHOPHM.jpg?auth=c4109fdb5864b2dbd7ba0a2a18669a79e6a1379e847621c5258bc3995f928317&amp;smart=true&amp;width=992&amp;height=558&amp;quality=85\" media=\"(min-width: 1000px)\" \/><source srcset=\"https:\/\/www.infobae.com\/resizer\/v2\/GTPUHV46DBD6VCDA6IFGNHOPHM.jpg?auth=c4109fdb5864b2dbd7ba0a2a18669a79e6a1379e847621c5258bc3995f928317&amp;smart=true&amp;width=768&amp;height=432&amp;quality=85\" media=\"(min-width: 768px)\" \/><source srcset=\"https:\/\/www.infobae.com\/resizer\/v2\/GTPUHV46DBD6VCDA6IFGNHOPHM.jpg?auth=c4109fdb5864b2dbd7ba0a2a18669a79e6a1379e847621c5258bc3995f928317&amp;smart=true&amp;width=577&amp;height=325&amp;quality=85\" media=\"(min-width: 580px)\" \/><source srcset=\"https:\/\/www.infobae.com\/resizer\/v2\/GTPUHV46DBD6VCDA6IFGNHOPHM.jpg?auth=c4109fdb5864b2dbd7ba0a2a18669a79e6a1379e847621c5258bc3995f928317&amp;smart=true&amp;width=420&amp;height=236&amp;quality=85\" media=\"(min-width: 350px)\" \/><source srcset=\"https:\/\/www.infobae.com\/resizer\/v2\/GTPUHV46DBD6VCDA6IFGNHOPHM.jpg?auth=c4109fdb5864b2dbd7ba0a2a18669a79e6a1379e847621c5258bc3995f928317&amp;smart=true&amp;width=350&amp;height=197&amp;quality=85\" media=\"(min-width: 80px)\" \/><img loading=\"lazy\" decoding=\"async\" class=\"global-image\" src=\"https:\/\/www.infobae.com\/resizer\/v2\/GTPUHV46DBD6VCDA6IFGNHOPHM.jpg?auth=c4109fdb5864b2dbd7ba0a2a18669a79e6a1379e847621c5258bc3995f928317&amp;smart=true&amp;width=350&amp;height=197&amp;quality=85\" alt=\"El encuentro entre Colapinto y Flavio Briatore en Qatar\" width=\"1396\" height=\"785\" \/><\/picture><span style=\"font-size: 10pt;\"><strong>El encuentro entre Colapinto y Flavio Briatore en Qatar<\/strong><\/span><\/div>\n<p class=\"paragraph\" data-mrf-recirculation=\"Links inline\">El australiano de 21 a\u00f1os enfrentar\u00e1 este fin de semana un importante reto en su debut en la F\u00f3rmula 1. Su desempe\u00f1o podr\u00eda determinar su futuro en el equipo Alpine de cara a la temporada 2025, seg\u00fan inform\u00f3\u00a0<i>LWOS<\/i>. Aunque tiene un contrato vigente para la pr\u00f3xima temporada,\u00a0<b>las recientes negociaciones entre Briatore y el entorno de Colapinto le a\u00f1ade incertidumbre al futuro cercano<\/b>.<\/p>\n<p class=\"paragraph\" data-mrf-recirculation=\"Links inline\">El inter\u00e9s de Alpine por el piloto argentino es evidente desde hace meses. Durante el GP de Qatar,\u00a0<a href=\"https:\/\/www.infobae.com\/deportes\/2024\/12\/01\/el-encuentro-entre-franco-colapinto-y-el-asesor-de-un-equipo-de-la-formula-1-que-dio-que-hablar-en-el-gp-de-qatar\/\" target=\"_blank\" rel=\"noopener noreferrer\" data-mrf-link=\"https:\/\/www.infobae.com\/deportes\/2024\/12\/01\/el-encuentro-entre-franco-colapinto-y-el-asesor-de-un-equipo-de-la-formula-1-que-dio-que-hablar-en-el-gp-de-qatar\/\"><b>Briatore fue visto en conversaciones con el joven corredor y unos de sus m\u00e1nagers<\/b><\/a>, lo que aliment\u00f3 los rumores de un posible asiento para \u00e9l en el equipo franc\u00e9s. A pesar de que se especulaba con su incorporaci\u00f3n en 2026, no se descarta que el empresario busque fichar al argentino para la pr\u00f3xima temporada. La situaci\u00f3n de Doohan, por tanto, podr\u00eda complicarse si no logra demostrar su capacidad al volante en el trazado de Yas Marina.<\/p>\n<p class=\"paragraph\" data-mrf-recirculation=\"Links inline\">Si bien se espera que Doohan corra en 2025 junto a Pierre Gasly, su desempe\u00f1o este fin de semana ser\u00e1 crucial. Una actuaci\u00f3n s\u00f3lida podr\u00eda asegurarle su butaca, mientras que un rendimiento decepcionante podr\u00eda subir las acciones de Colapinto, quien no solo demostr\u00f3 velocidad en la pista, sino que tambi\u00e9n ofrece un atractivo valor comercial, clave para Alpine en su preparaci\u00f3n hacia las regulaciones de 2026.<\/p>\n<\/div>\n<\/article>\n","protected":false},"excerpt":{"rendered":"<p>Del \u201cno est\u00e1 en nuestra lista\u201d en Red Bull a ser una \u201camenaza\u201d para el nuevo piloto de Alpine:\u00a0A pocos d\u00edas de la \u00faltima carrera de la temporada, el argentino sigue en boca de todos en el paddock de la M\u00e1xima La F1 habla sobre el futuro de Franco Colapinto (@williamsracing) El futuro de Franco &hellip;<\/p>\n","protected":false},"author":2,"featured_media":5072,"comment_status":"open","ping_status":"open","sticky":false,"template":"","format":"standard","meta":{"footnotes":""},"categories":[29,294,35],"tags":[1197],"class_list":["post-5071","post","type-post","status-publish","format-standard","has-post-thumbnail","hentry","category-deportes","category-futbol","category-internacionales","tag-franco-colapinto"],"_links":{"self":[{"href":"https:\/\/cafeprensa.com.ar\/index.php\/wp-json\/wp\/v2\/posts\/5071","targetHints":{"allow":["GET"]}}],"collection":[{"href":"https:\/\/cafeprensa.com.ar\/index.php\/wp-json\/wp\/v2\/posts"}],"about":[{"href":"https:\/\/cafeprensa.com.ar\/index.php\/wp-json\/wp\/v2\/types\/post"}],"author":[{"embeddable":true,"href":"https:\/\/cafeprensa.com.ar\/index.php\/wp-json\/wp\/v2\/users\/2"}],"replies":[{"embeddable":true,"href":"https:\/\/cafeprensa.com.ar\/index.php\/wp-json\/wp\/v2\/comments?post=5071"}],"version-history":[{"count":1,"href":"https:\/\/cafeprensa.com.ar\/index.php\/wp-json\/wp\/v2\/posts\/5071\/revisions"}],"predecessor-version":[{"id":5073,"href":"https:\/\/cafeprensa.com.ar\/index.php\/wp-json\/wp\/v2\/posts\/5071\/revisions\/5073"}],"wp:featuredmedia":[{"embeddable":true,"href":"https:\/\/cafeprensa.com.ar\/index.php\/wp-json\/wp\/v2\/media\/5072"}],"wp:attachment":[{"href":"https:\/\/cafeprensa.com.ar\/index.php\/wp-json\/wp\/v2\/media?parent=5071"}],"wp:term":[{"taxonomy":"category","embeddable":true,"href":"https:\/\/cafeprensa.com.ar\/index.php\/wp-json\/wp\/v2\/categories?post=5071"},{"taxonomy":"post_tag","embeddable":true,"href":"https:\/\/cafeprensa.com.ar\/index.php\/wp-json\/wp\/v2\/tags?post=5071"}],"curies":[{"name":"wp","href":"https:\/\/api.w.org\/{rel}","templated":true}]}}