{"id":5078,"date":"2024-12-04T00:48:27","date_gmt":"2024-12-03T23:48:27","guid":{"rendered":"https:\/\/cafeprensa.com.ar\/?p=5078"},"modified":"2024-12-04T00:48:27","modified_gmt":"2024-12-03T23:48:27","slug":"el-gobierno-entrego-100-motos-nuevas-a-la-fuerza-de-seguridad","status":"publish","type":"post","link":"https:\/\/cafeprensa.com.ar\/index.php\/2024\/12\/04\/el-gobierno-entrego-100-motos-nuevas-a-la-fuerza-de-seguridad\/","title":{"rendered":"El gobierno entreg\u00f3 100 motos nuevas a la fuerza de seguridad"},"content":{"rendered":"<div class=\"entry-content-title-featured-wrap\">\n<header class=\"entry-header pos-rel social-before-title\">\n<div class=\"read-details\">\n<div class=\"entry-header-details af-cat-widget-carousel\">\n<p class=\"entry-title\"><strong style=\"font-size: 16px;\">\u201cNo piensen que escobita nueva barre bien. Vamos por los tres a\u00f1os de pol\u00edtica de seguridad en la polic\u00eda con m\u00e1s profesionalismo, tecnolog\u00eda, equipamiento, trabajo y desplazamiento e incorporaci\u00f3n en todo el territorio tucumano para cuidar la vida y bienes de la gente\u201d, asegur\u00f3 el titular del Ejecutivo.<\/strong><\/p>\n<\/div>\n<\/div>\n<\/header>\n<\/div>\n<div class=\"color-pad\">\n<div class=\"entry-content read-details\">\n<p>El gobernador Osvaldo Jaldo encabez\u00f3 en la explanada de Casa de Gobierno un acto donde se hizo entrega de <em><strong>100 motocicletas nuevas marca Honda XR 250 Tornado.<\/strong><\/em> Dicha adquisici\u00f3n resulta necesaria para optimizar la prevenci\u00f3n y el abordaje de las pol\u00edticas de seguridad que lleva adelante el Gobierno con una inversi\u00f3n que ronda los 1.000 millones de pesos.<\/p>\n<p>Acompa\u00f1aron al gobernador el vicegobernador Miguel Acevedo, la intendenta capitalina,<em><strong> Rossana Chahla, el ministro de Seguridad, Eugenio Ag\u00fcero Gamboa, su par de Desarrollo Social, Federico Masso, el titular de Obras P\u00fablicas, Marcelo Nazur, el ministro de Salud, Luis Medina Ruiz, la Fiscal de Estado, Gilda Pedicone, el secretario general de la Gobernaci\u00f3n, Federico Nazur, el secretario de Seguridad Gustavo Vizcarra, la plana mayor de la fuerza encabezada por el Jefe de Polic\u00eda, Joaqu\u00edn Girvau, el subjefe Roque I\u00f1igo, entre otros funcionarios.<\/strong><\/em><br \/>\n<em><strong>Tambi\u00e9n participaron del acto los legisladores Alejandro Figueroa, Rolando Alfaro, Carlos Gall\u00eda, Carlos Najar, Ger\u00f3nimo Vargas Aignasse, Alberto Olea, Adriana Najar, Mario Leito, Walter Herrera, Ernesto G\u00f3mez Rossi, Francisco Serra, Sandra Figueroa, Hugo Ledesma y Sergio Mansilla. Dijo presente el diputado Agust\u00edn Fern\u00e1ndez y el Intendente Taf\u00ed del Valle, Francisco Caliva, entre otros.<\/strong><\/em><\/p>\n<\/div>\n<\/div>\n","protected":false},"excerpt":{"rendered":"<p>\u201cNo piensen que escobita nueva barre bien. Vamos por los tres a\u00f1os de pol\u00edtica de seguridad en la polic\u00eda con m\u00e1s profesionalismo, tecnolog\u00eda, equipamiento, trabajo y desplazamiento e incorporaci\u00f3n en todo el territorio tucumano para cuidar la vida y bienes de la gente\u201d, asegur\u00f3 el titular del Ejecutivo. El gobernador Osvaldo Jaldo encabez\u00f3 en la &hellip;<\/p>\n","protected":false},"author":2,"featured_media":5079,"comment_status":"open","ping_status":"open","sticky":false,"template":"","format":"standard","meta":{"footnotes":""},"categories":[54,26],"tags":[1193,1310],"class_list":["post-5078","post","type-post","status-publish","format-standard","has-post-thumbnail","hentry","category-interes-ganeral","category-policiales","tag-casa-de-gobierno","tag-motos"],"_links":{"self":[{"href":"https:\/\/cafeprensa.com.ar\/index.php\/wp-json\/wp\/v2\/posts\/5078","targetHints":{"allow":["GET"]}}],"collection":[{"href":"https:\/\/cafeprensa.com.ar\/index.php\/wp-json\/wp\/v2\/posts"}],"about":[{"href":"https:\/\/cafeprensa.com.ar\/index.php\/wp-json\/wp\/v2\/types\/post"}],"author":[{"embeddable":true,"href":"https:\/\/cafeprensa.com.ar\/index.php\/wp-json\/wp\/v2\/users\/2"}],"replies":[{"embeddable":true,"href":"https:\/\/cafeprensa.com.ar\/index.php\/wp-json\/wp\/v2\/comments?post=5078"}],"version-history":[{"count":1,"href":"https:\/\/cafeprensa.com.ar\/index.php\/wp-json\/wp\/v2\/posts\/5078\/revisions"}],"predecessor-version":[{"id":5080,"href":"https:\/\/cafeprensa.com.ar\/index.php\/wp-json\/wp\/v2\/posts\/5078\/revisions\/5080"}],"wp:featuredmedia":[{"embeddable":true,"href":"https:\/\/cafeprensa.com.ar\/index.php\/wp-json\/wp\/v2\/media\/5079"}],"wp:attachment":[{"href":"https:\/\/cafeprensa.com.ar\/index.php\/wp-json\/wp\/v2\/media?parent=5078"}],"wp:term":[{"taxonomy":"category","embeddable":true,"href":"https:\/\/cafeprensa.com.ar\/index.php\/wp-json\/wp\/v2\/categories?post=5078"},{"taxonomy":"post_tag","embeddable":true,"href":"https:\/\/cafeprensa.com.ar\/index.php\/wp-json\/wp\/v2\/tags?post=5078"}],"curies":[{"name":"wp","href":"https:\/\/api.w.org\/{rel}","templated":true}]}}