{"id":5099,"date":"2024-12-05T11:38:19","date_gmt":"2024-12-05T10:38:19","guid":{"rendered":"https:\/\/cafeprensa.com.ar\/?p=5099"},"modified":"2024-12-05T11:38:19","modified_gmt":"2024-12-05T10:38:19","slug":"rodolfo-burgos-fue-condenado-a-cinco-anos-de-carcel","status":"publish","type":"post","link":"https:\/\/cafeprensa.com.ar\/index.php\/2024\/12\/05\/rodolfo-burgos-fue-condenado-a-cinco-anos-de-carcel\/","title":{"rendered":"Rodolfo Burgos fue condenado a cinco a\u00f1os de c\u00e1rcel"},"content":{"rendered":"<div class=\"td-post-header td-pb-padding-side\">\n<header>\n<p class=\"entry-title\">Por abusar sexualmente de su hija menor de edad<\/p>\n<\/header>\n<\/div>\n<div class=\"td-post-sharing-top td-pb-padding-side\">\n<div id=\"td_social_sharing_article_top\" class=\"td-post-sharing td-ps-bg td-ps-notext td-post-sharing-style1 \">\n<div class=\"td-post-sharing-visible\">\n<p class=\"td-social-but-icon\"><span style=\"font-size: 12pt; font-weight: bold;\">El exdirector de Canal 10. \u201cQued\u00f3 probado que Rodolfo Tercero Burgos ha abusado sexualmente de su hija menor de edad y le ha provocado graves da\u00f1os a la salud psicof\u00edsica\u201d.\u00a0<\/span><\/p>\n<\/div>\n<\/div>\n<\/div>\n<div class=\"td-post-content td-pb-padding-side\">\n<p><strong>Rodolfo Burgos fue condenado a cinco a\u00f1os de c\u00e1rcel por abusar sexualmente de su hija menor de edad.\u00a0<\/strong>El expresidente de Canal 10, m\u00faltiple agente del Saabismo, falso querellante encubridor del robo de la Ciudad Universitaria y lobbysta del diario La Gaceta no ir\u00e1 a prisi\u00f3n y tiene 10 d\u00edas h\u00e1biles para interponer el recurso de casaci\u00f3n. \u201cQued\u00f3 probado que Rodolfo Tercero Burgos ha abusado sexualmente de su hija menor de edad y le ha provocado graves da\u00f1os a la salud psicof\u00edsica\u201d, sostuvo el abogado querellante\u00a0<strong>Gustavo Morales.<\/strong><\/p>\n<p><img loading=\"lazy\" decoding=\"async\" class=\"alignnone wp-image-5101 size-full\" src=\"https:\/\/cafeprensa.com.ar\/wp-content\/uploads\/2024\/12\/818x460_240813125758_81136.jpg\" alt=\"\" width=\"818\" height=\"460\" srcset=\"https:\/\/cafeprensa.com.ar\/wp-content\/uploads\/2024\/12\/818x460_240813125758_81136.jpg 818w, https:\/\/cafeprensa.com.ar\/wp-content\/uploads\/2024\/12\/818x460_240813125758_81136-300x169.jpg 300w, https:\/\/cafeprensa.com.ar\/wp-content\/uploads\/2024\/12\/818x460_240813125758_81136-768x432.jpg 768w, https:\/\/cafeprensa.com.ar\/wp-content\/uploads\/2024\/12\/818x460_240813125758_81136-390x220.jpg 390w\" sizes=\"auto, (max-width: 818px) 100vw, 818px\" \/><\/p>\n<p>Por otro lado, el abogado confirm\u00f3 que, una vez que la condena quede firme, ir\u00e1 a la c\u00e1rcel, sin embargo, el condenado tiene diez d\u00edas h\u00e1biles para interponer el recurso de casaci\u00f3n \u201cporque este proceso es con el viejo r\u00e9gimen que es el sistema conclusional\u201d.\u00a0<strong>Los fundamentos se realizar\u00e1n el d\u00eda 18 de diciembre a horas 12,\u00a0<\/strong>pero, en principio, la querella est\u00e1 conforme con la calificaci\u00f3n legal, aunque difiere en el monto porque hab\u00eda pedido diez a\u00f1os.<\/p>\n<p><strong>\u201cLa querella pidi\u00f3 10 a\u00f1os de prisi\u00f3n y, adem\u00e1s, solicit\u00f3 la prisi\u00f3n preventiva de Rodolfo Tercero Burgos\u201d<\/strong>, hab\u00eda sostenido Morales despu\u00e9s de los alegatos y hab\u00eda argumentado: \u201cLa voz de la menor se refleja en todas las manifestaciones en C\u00e1mara Gessell, y en el testimonio de numerosas psic\u00f3logas\u201d. \u201cBurgos cuando declara reconoce que toc\u00f3 en numerosas oportunidades a su hija, y la defensa de Burgos acaba de reconocer que Burgos la toc\u00f3 a su hija, aunque dice que dice que no tiene un sentido libidinoso \u201c, manifest\u00f3.<\/p>\n<p>Adem\u00e1s, Morales sostuvo que estas declaraciones fueron omitidas el pasado 22 de abril del 2022, cuando en esa oportunidad declar\u00f3 m\u00e1s de cuatro horas: \u201cVino aqu\u00ed a confesar un delito para que le den la pena menor\u201d.<\/p>\n<p><strong>En una de las \u00faltimas audiencias, los participantes escucharon la declaraci\u00f3n que la menor hizo en la C\u00e1mara Gesell,<\/strong> dispositivo de trabajo creado por el psic\u00f3logo infantil y pediatra estadounidense Arnold Gesell cuyo objetivo fundamental es obtener la declaraci\u00f3n testimonial del ni\u00f1o, ni\u00f1a o adolescente que ha sido v\u00edctima o testigo de alg\u00fan delito, en un ambiente especialmente adaptado, que les reasegura la confidencialidad necesaria como para que puedan contar sobre los \u00a0hechos que se investigan.<\/p>\n<p>En los casos de abuso la C\u00e1mara Gesell suele ser, casi, la \u00fanica prueba y la entrevista es \u00fanica, por eso es muy importante que los profesionales est\u00e9n capacitados para que la entrevista sirva como prueba sin que implique una revictimizaci\u00f3n para el ni\u00f1o\/a o adolescente.\u00a0<strong>E<\/strong><strong>sta entrevista se graba y esa grabaci\u00f3n es reproducida en debate oral para que la v\u00edctima no tenga que contar, en esta instancia, nuevamente los hechos.\u00a0<\/strong><\/p>\n<div class=\"code-block code-block-3\"><\/div>\n<p>En un cuarto intermedia de la audiencia, el abogado de la querella\u00a0<strong>Gustavo Morales<\/strong>, que representa a\u00a0<strong>Marina Moris<\/strong>, madre de la menor, habl\u00f3 con\u00a0<strong>FM La Tucumana 95.9<\/strong>\u00a0donde explic\u00f3 que \u201cla incorporaci\u00f3n de las pruebas acaba de terminar y en consecuencia\u00a0<strong>hoy se van a escuchar las partes de lo que t\u00e9cnicamente se denomina discusi\u00f3n final y dictar\u00e1 el juez el veredicto, que no cabe duda alguna ser\u00e1 condenatorio. Vamos a pedir por supuesto la prisi\u00f3n preventiva para que Burgos cumpla su pena detr\u00e1s de las rejas como corresponde<\/strong>\u201c.<\/p>\n<p><img loading=\"lazy\" decoding=\"async\" class=\"alignnone wp-image-5102 size-full\" src=\"https:\/\/cafeprensa.com.ar\/wp-content\/uploads\/2024\/12\/818x460_241204073751_64547.jpg\" alt=\"\" width=\"818\" height=\"460\" srcset=\"https:\/\/cafeprensa.com.ar\/wp-content\/uploads\/2024\/12\/818x460_241204073751_64547.jpg 818w, https:\/\/cafeprensa.com.ar\/wp-content\/uploads\/2024\/12\/818x460_241204073751_64547-300x169.jpg 300w, https:\/\/cafeprensa.com.ar\/wp-content\/uploads\/2024\/12\/818x460_241204073751_64547-768x432.jpg 768w, https:\/\/cafeprensa.com.ar\/wp-content\/uploads\/2024\/12\/818x460_241204073751_64547-390x220.jpg 390w\" sizes=\"auto, (max-width: 818px) 100vw, 818px\" \/><\/p>\n<div>\u201cHubo abundante prueba de cargo, empezando por la voz de la menor en la C\u00e1mara Gesell, lo declarado por el licenciado Emiliano Gatto, que fue quien la \u00a0y numerosos peritos psic\u00f3logos del Poder Judicial y de parte, que pueden resumirse en un par de expresiones de estos psic\u00f3logos en cuanto a que Burgos, como figura paterna, es hostil, amenazante y muy temida.\u00a0<strong>Que la ni\u00f1a constituye, lo dijo ayer con claridad una psic\u00f3loga, \u00a0es el grito mudo compatible con un hecho perturbador e intenso<\/strong>\u201c, agreg\u00f3.<\/div>\n<p>En ese sentido, record\u00f3 que \u201cla car\u00e1tula es abuso sexual agravado por su condici\u00f3n de progenitor, que tiene una pena in abstracto en principio de 4 a 10 a\u00f1os, prisi\u00f3n que l\u00f3gicamente es efectiva por el monto punitivo\u201d.<\/p>\n<p><strong>La causa contra Burgos<\/strong><\/p>\n<p>En junio de 2022 la fiscal\u00eda a cargo de\u00a0<strong>Fernando Blanno<\/strong>\u00a0hab\u00eda expresado que se encontraba acreditado el delito en contra de la menor, que por ese entonces ten\u00eda 5 a\u00f1os.<\/p>\n<p>El hecho fue denunciado el 13 de julio de 2021 y ratificado 9 d\u00edas despu\u00e9s ante la <strong>Justicia Penal provincial por la abogada Daniela Moris, expareja de Burgos y madre de la menor,<\/strong> en una causa judicial que deriv\u00f3 en pericias psicol\u00f3gicas a la presunta v\u00edctima como al denunciado, la realizaci\u00f3n de una C\u00e1mara Gesell \u2013 y \u00f3rdenes de restricci\u00f3n con el fin de no entorpecer la investigaci\u00f3n.<\/p>\n<p>Luego de la C\u00e1mara Gesell a la menor, en septiembre de 2021, Burgos fue sometido a un psicodiagn\u00f3stico en diciembre del 2021, seg\u00fan consta en la causa.<\/p>\n<p>Tras la denuncia y posterior investigaci\u00f3n, la Justicia dict\u00f3 contra Burgos tres prohibiciones de acercamientos a su expareja, su hija y la psic\u00f3loga Medina -que detect\u00f3 los indicios de abuso en la menor-, realizadas el 30 de julio, 13 de octubre y 1 de diciembre de 2021.<\/p>\n<p>En junio de 2022, la Unidad Fiscal Especializada en Delitos contra la Integridad Sexual N\u00b0 2, a cargo del fiscal Fernando Blanno expres\u00f3 que se encontraba acreditado el delito en contra de la menor, que por ese entonces ten\u00eda 3 a\u00f1os.<\/p>\n<p>\u201c<em>En relaci\u00f3n al planteo de ampliaci\u00f3n de la imputaci\u00f3n a los fines de encuadrar los hechos en el delito de \u2018Corrupci\u00f3n de Menores\u2019, cabe se\u00f1alar que, a criterio de esta acusaci\u00f3n, los hechos atribuidos al imputado Burgos Rodolfo se encuentran adecuadamente intimados de acuerdo a las pruebas incorporadas, especialmente, la declaraci\u00f3n testimonial de la v\u00edctima realizada a trav\u00e9s de C\u00e1mara Gesell. Que dicho episodio l\u00edcito encuadra, prima facie, en el delito de \u2018Abuso sexual agravado\u2019, ello sin perjuicio de la probable variaci\u00f3n posterior de la situaci\u00f3n<\/em>\u201d, hab\u00edan expresado en un decreto en el que se decidi\u00f3 \u201c<em>no hacer lugar<\/em>\u201d al pedido de ampliaci\u00f3n de la denuncia por \u201c<strong>Corrupci\u00f3n de Menores<\/strong>\u201d contra Burgos.<\/p>\n<p><strong>Burgos, blindado por el Saabismo\u00a0<\/strong><\/p>\n<p>A pesar de las pruebas contundentes y la fecha establecida de juicio, el tambi\u00e9n lobbista del diario La Gaceta permanece firme en sus labores universitarias en las que fue ratificado por las autoridades universitarias encabezadas por el secretario General de la UNT, Jos\u00e9 Hugo Saab y el rector Sergio Pagani. A pesar del inminente inicio del juicio en su contra, Burgos sigue siendo el millonario abogado querellante contratado por la Universidad Nacional de Tucum\u00e1n en el juicio por el desfalco de los fondos de Yacimientos Mineros Aguas de Dionisio que deb\u00edan destinarse a la construcci\u00f3n de la Ciudad Universitaria de San Javier.<\/p>\n<p>Mientras Burgos es juzgado, el juicio en el que deber\u00eda estar ejerciendo como querellante, contin\u00faa sin su presencia, ya que las audiencias en el Tribunal Oral Federal no se postergaron.<\/p>\n<p>En abril de 2022, en plena campa\u00f1a universitaria para elegir al nuevo rector, eltucumano.com le consult\u00f3 a los por entonces candidatos Sergio Pagani y Mercedes Leal, por la denuncia en contra del director de Canal 10 y si tomar\u00edan medidas de llegar al Rectorado. La pregunta ofusc\u00f3 al actual rector y vicerrectora: \u201c<em>El doctor Burgos tiene una cuesti\u00f3n en la Justicia que deber\u00e1 dirimirse en ese lugar, no en la Universidad. No es algo que nos compete de momento<\/em>\u201d, afirm\u00f3 Pagani.<\/p>\n<p>Meses despu\u00e9s, Leal asever\u00f3 en una entrevista al programa<em><strong> \u2018Todo Cambia\u2019, que se emite por Mi Radio (92.7), que ella confiaba en la palabra en la palabra de Burgos: \u201cLe creo a Burgos cuando dice que est\u00e1 resolviendo su tema personal\u201d.<\/strong><\/em><\/p>\n<p><span style=\"font-size: 8pt;\"><a href=\"https:\/\/www.eltucumano.com\/noticia\/actualidad\/305244\/rodolfo-burgos-fue-condenado-a-cinco-anos-de-carcel-por-abusar-sexualmente-de-su-hija-menor-de-edad?dnd=cat&amp;tit=fb&amp;pos=1&amp;dis=desk\">Fuente: ELTUCUMANO<\/a><\/span><\/p>\n<\/div>\n","protected":false},"excerpt":{"rendered":"<p>Por abusar sexualmente de su hija menor de edad El exdirector de Canal 10. \u201cQued\u00f3 probado que Rodolfo Tercero Burgos ha abusado sexualmente de su hija menor de edad y le ha provocado graves da\u00f1os a la salud psicof\u00edsica\u201d.\u00a0 Rodolfo Burgos fue condenado a cinco a\u00f1os de c\u00e1rcel por abusar sexualmente de su hija menor &hellip;<\/p>\n","protected":false},"author":2,"featured_media":5100,"comment_status":"open","ping_status":"open","sticky":false,"template":"","format":"standard","meta":{"footnotes":""},"categories":[47,34],"tags":[1320,1319],"class_list":["post-5099","post","type-post","status-publish","format-standard","has-post-thumbnail","hentry","category-justicia","category-locales","tag-canal-10","tag-rodolfo-burgos"],"_links":{"self":[{"href":"https:\/\/cafeprensa.com.ar\/index.php\/wp-json\/wp\/v2\/posts\/5099","targetHints":{"allow":["GET"]}}],"collection":[{"href":"https:\/\/cafeprensa.com.ar\/index.php\/wp-json\/wp\/v2\/posts"}],"about":[{"href":"https:\/\/cafeprensa.com.ar\/index.php\/wp-json\/wp\/v2\/types\/post"}],"author":[{"embeddable":true,"href":"https:\/\/cafeprensa.com.ar\/index.php\/wp-json\/wp\/v2\/users\/2"}],"replies":[{"embeddable":true,"href":"https:\/\/cafeprensa.com.ar\/index.php\/wp-json\/wp\/v2\/comments?post=5099"}],"version-history":[{"count":1,"href":"https:\/\/cafeprensa.com.ar\/index.php\/wp-json\/wp\/v2\/posts\/5099\/revisions"}],"predecessor-version":[{"id":5103,"href":"https:\/\/cafeprensa.com.ar\/index.php\/wp-json\/wp\/v2\/posts\/5099\/revisions\/5103"}],"wp:featuredmedia":[{"embeddable":true,"href":"https:\/\/cafeprensa.com.ar\/index.php\/wp-json\/wp\/v2\/media\/5100"}],"wp:attachment":[{"href":"https:\/\/cafeprensa.com.ar\/index.php\/wp-json\/wp\/v2\/media?parent=5099"}],"wp:term":[{"taxonomy":"category","embeddable":true,"href":"https:\/\/cafeprensa.com.ar\/index.php\/wp-json\/wp\/v2\/categories?post=5099"},{"taxonomy":"post_tag","embeddable":true,"href":"https:\/\/cafeprensa.com.ar\/index.php\/wp-json\/wp\/v2\/tags?post=5099"}],"curies":[{"name":"wp","href":"https:\/\/api.w.org\/{rel}","templated":true}]}}