{"id":5104,"date":"2024-12-05T12:08:55","date_gmt":"2024-12-05T11:08:55","guid":{"rendered":"https:\/\/cafeprensa.com.ar\/?p=5104"},"modified":"2024-12-05T12:08:55","modified_gmt":"2024-12-05T11:08:55","slug":"la-medida-del-gobierno-de-milei-es-inhumana","status":"publish","type":"post","link":"https:\/\/cafeprensa.com.ar\/index.php\/2024\/12\/05\/la-medida-del-gobierno-de-milei-es-inhumana\/","title":{"rendered":"La medida del Gobierno de Milei es \u00abinhumana\u00bb"},"content":{"rendered":"<p class=\"noticia-titulo text-noticia-index-titulo font-noticia-index-titulo text-4xl md:text-4xl py-2\"><strong>Medicamentos gratuitos:\u00a0<\/strong>El diputado tucumano Pablo Yedlin, presidente de la comisi\u00f3n de Salud, cuestion\u00f3 la medida del PAMI \u00abque ha dejado sin medicamentos a millones de afiliados sin previo aviso\u201d.<\/p>\n<div class=\"noticia-contenido contenido text-lg md:text-lg text-noticia-index-contenido font-noticia-index-contenido text-base \">\n<p>La pol\u00e9mica por el recorte de la entrega de manera gratuita de medicamentos a jubilados y pensionados no fue indiferente al Congreso nacional y desde Uni\u00f3n por la Patria convocaron de urgencia a la comisi\u00f3n de Acci\u00f3n Social y Salud P\u00fablica de la C\u00e1mara de Diputados para poner en debate la<strong> \u201cmedida inhumana\u201d que adopt\u00f3 el Gobierno nacional a trav\u00e9s del PAMI.<\/strong><\/p>\n<p>La comisi\u00f3n que preside el tucumano se embarcar\u00e1 en una reuni\u00f3n meramente informativa, ya que al haber finalizado el per\u00edodo de sesiones ordinarias no est\u00e1 habilitada a emitir dict\u00e1menes sobre eventuales proyectos de ley. En una decisi\u00f3n controversial, el Gobierno nacional restringi\u00f3 el acceso gratuito a los medicamentos a los jubilados y pensionados con ingresos menores a 388.500 pesos, lo que deja afuera del beneficio a la mayor\u00eda del universo de adultos mayores. <strong>\u201cComo parte de una gesti\u00f3n planificada y eficiente, nos vimos en la necesidad de llevar a cabo readecuaciones en las coberturas de medicamentos a lo largo de este a\u00f1o\u201d,<\/strong> justific\u00f3 el PAMI mediante un comunicado.<\/p>\n<p><img loading=\"lazy\" decoding=\"async\" class=\"alignnone wp-image-5106 size-full\" src=\"https:\/\/cafeprensa.com.ar\/wp-content\/uploads\/2024\/12\/GdaGu1-XUAA6yeF-1024x1013-1.jpg\" alt=\"\" width=\"1024\" height=\"1013\" srcset=\"https:\/\/cafeprensa.com.ar\/wp-content\/uploads\/2024\/12\/GdaGu1-XUAA6yeF-1024x1013-1.jpg 1024w, https:\/\/cafeprensa.com.ar\/wp-content\/uploads\/2024\/12\/GdaGu1-XUAA6yeF-1024x1013-1-300x297.jpg 300w, https:\/\/cafeprensa.com.ar\/wp-content\/uploads\/2024\/12\/GdaGu1-XUAA6yeF-1024x1013-1-768x760.jpg 768w\" sizes=\"auto, (max-width: 1024px) 100vw, 1024px\" \/><\/p>\n<p>En un tuit anterior, Yedlin advirti\u00f3 que \u201cla decisi\u00f3n de PAMI de limitar la entrega de medicamentos sin cargo solo a aquellos afiliados que &#8216;puedan&#8217; confirmar una situaci\u00f3n socioecon\u00f3mica \u00bbcritica&#8217; pone en alto riesgo el ya precario acceso a medicamentos a un grupo muy vulnerable\u201d.<\/p>\n<p>\u00abEs un ERROR que va a costar VIDAS\u00bb, enfatiz\u00f3 diputado tucumano, presidente de la comisi\u00f3n de Salud. <span style=\"color: inherit;\">Por su parte, el tambi\u00e9n legislador de Uni\u00f3n por la Patria Daniel Gollan tambi\u00e9n cuestion\u00f3 al Gobierno por la medida.<\/span><\/p>\n<p><strong>\u00abEl plan \u2018mejor vivir\u2019 del PAMI que entregaba medicamentos con cobertura al 100% se financiaba con el Impuesto PAIS y Milei\/Caputo no iban a permitir utilizar otra fuente cuando se discontinuara. M\u00e1s ajuste a jubilados para alimentar la especulaci\u00f3n financiera\u201d,<\/strong> lament\u00f3.<\/p>\n<p>En tanto, el cordob\u00e9s Pablo Carro se hizo eco de la pol\u00e9mica y asegur\u00f3 que el presidente Javier Milei \u00ababandona a nuestros adultos mayores, les hace pagar el ajuste y les exige demostrar que necesitan los medicamentos\u00bb.<\/p>\n<p>El jefe del bloque Democracia para siempre, Pablo Juliano, public\u00f3: <strong>\u00abChe Milei apunta la motosierra para otro lado, ten\u00e9s la idea fija en contra de los jubilados. \u00bfNo se te ocurre otra cosa? Esto es lo que pasa cuando el pa\u00eds se queda sin presupuesto: llega la DISCRECIONALIDAD y siempre la pagan los viejos. Los quer\u00e9s ver escupiendo sangre, no se pueden defender pero tienen hijos y nietos que los van a bancar\u00bb.<\/strong><\/p>\n<p>Por el Frente de Izquierda, Nicol\u00e1s del Ca\u00f1o afirm\u00f3 que <strong>\u201cla crueldad de Milei no tiene l\u00edmites\u201d<\/strong>, mientras que Christian Castillo advirti\u00f3 que a los jubilados \u201cles licuaron los ingresos, les vetaron un aumento de $ 15 mil y ahora dejan afuera del acceso a los medicamentos gratuitos a millones de afiliados al PAMI\u201d.<\/p>\n<p>Con la misma indignaci\u00f3n, el diputado socialista santafecino Esteban Paulon record\u00f3 que \u201ccuando le recortaron el salario (a los jubilados) lo festejaron con un asadito y no conforme con eso sigue el recorte quitando medicamentos\u201d.<\/p>\n<p>\u201cDesde hoy, pod\u00e9s hacer compras en el exterior e importar cosas lindas y hasta 400 d\u00f3lares no pagas impuestos. Pero, los jubilados con PAMI tienen que completar un formulario de subsidio social para seguir sosteniendo cobertura gratuita en algunos (cada vez menos) medicamentos\u201d, critic\u00f3 la cordobesa Natalia de la Sota (Encuentro Federal). \/<a href=\"https:\/\/noticiasargentinas.com\/politica\/la-polemica-por-el-fin-de-los-medicamentos-gratuitos-del-pami-se-instala-en-diputados-_a674f8716aca037d26ea3561e\">Noticias Argentinas<\/a><\/p>\n<\/div>\n","protected":false},"excerpt":{"rendered":"<p>Medicamentos gratuitos:\u00a0El diputado tucumano Pablo Yedlin, presidente de la comisi\u00f3n de Salud, cuestion\u00f3 la medida del PAMI \u00abque ha dejado sin medicamentos a millones de afiliados sin previo aviso\u201d. La pol\u00e9mica por el recorte de la entrega de manera gratuita de medicamentos a jubilados y pensionados no fue indiferente al Congreso nacional y desde Uni\u00f3n &hellip;<\/p>\n","protected":false},"author":2,"featured_media":5105,"comment_status":"open","ping_status":"open","sticky":false,"template":"","format":"standard","meta":{"footnotes":""},"categories":[32,34],"tags":[102,249,1258,442],"class_list":["post-5104","post","type-post","status-publish","format-standard","has-post-thumbnail","hentry","category-jubilados","category-locales","tag-congreso","tag-diputados","tag-medicamentos","tag-pablo-yedlin"],"_links":{"self":[{"href":"https:\/\/cafeprensa.com.ar\/index.php\/wp-json\/wp\/v2\/posts\/5104","targetHints":{"allow":["GET"]}}],"collection":[{"href":"https:\/\/cafeprensa.com.ar\/index.php\/wp-json\/wp\/v2\/posts"}],"about":[{"href":"https:\/\/cafeprensa.com.ar\/index.php\/wp-json\/wp\/v2\/types\/post"}],"author":[{"embeddable":true,"href":"https:\/\/cafeprensa.com.ar\/index.php\/wp-json\/wp\/v2\/users\/2"}],"replies":[{"embeddable":true,"href":"https:\/\/cafeprensa.com.ar\/index.php\/wp-json\/wp\/v2\/comments?post=5104"}],"version-history":[{"count":1,"href":"https:\/\/cafeprensa.com.ar\/index.php\/wp-json\/wp\/v2\/posts\/5104\/revisions"}],"predecessor-version":[{"id":5107,"href":"https:\/\/cafeprensa.com.ar\/index.php\/wp-json\/wp\/v2\/posts\/5104\/revisions\/5107"}],"wp:featuredmedia":[{"embeddable":true,"href":"https:\/\/cafeprensa.com.ar\/index.php\/wp-json\/wp\/v2\/media\/5105"}],"wp:attachment":[{"href":"https:\/\/cafeprensa.com.ar\/index.php\/wp-json\/wp\/v2\/media?parent=5104"}],"wp:term":[{"taxonomy":"category","embeddable":true,"href":"https:\/\/cafeprensa.com.ar\/index.php\/wp-json\/wp\/v2\/categories?post=5104"},{"taxonomy":"post_tag","embeddable":true,"href":"https:\/\/cafeprensa.com.ar\/index.php\/wp-json\/wp\/v2\/tags?post=5104"}],"curies":[{"name":"wp","href":"https:\/\/api.w.org\/{rel}","templated":true}]}}