{"id":5108,"date":"2024-12-05T13:47:06","date_gmt":"2024-12-05T12:47:06","guid":{"rendered":"https:\/\/cafeprensa.com.ar\/?p=5108"},"modified":"2024-12-05T13:47:06","modified_gmt":"2024-12-05T12:47:06","slug":"el-gobierno-flexibilizo-la-importacion-de-motos-desarmadas","status":"publish","type":"post","link":"https:\/\/cafeprensa.com.ar\/index.php\/2024\/12\/05\/el-gobierno-flexibilizo-la-importacion-de-motos-desarmadas\/","title":{"rendered":"El Gobierno flexibiliz\u00f3 la importaci\u00f3n de motos desarmadas"},"content":{"rendered":"<p class=\"rpxs\">Para intentar bajar los precios. Buscan que cada empresa decida su modelo de negocio. Se modificaron una serie de normas para los motoveh\u00edculos incompletos que luego se ensamblan en el pa\u00eds.<\/p>\n<div class=\"rr\">\n<div class=\"rcx12 rcm8\">\n<div class=\"i-amphtml-slides-container i-amphtml-slidescroll-no-snap\" tabindex=\"-1\" aria-live=\"polite\">\n<div class=\"i-amphtml-slide-item i-amphtml-slide-item-show\">\n<div class=\"slide amp-carousel-slide\" aria-hidden=\"false\"><img decoding=\"async\" class=\"i-amphtml-fill-content i-amphtml-replaced-content\" src=\"https:\/\/www.diariopanorama.com\/fotos\/cache\/notas\/2024\/12\/04\/1010x567_motos-para-armar-503025-184704.jpg\" alt=\"Para intentar bajar los precios, el Gobierno flexibiliz\u00f3 la importaci\u00f3n de motos desarmadas \" \/><\/div>\n<\/div>\n<\/div>\n<div class=\"amp-carousel-button amp-carousel-button-next amp-disabled\" tabindex=\"-1\" title=\"Next item in carousel (1 of 1)\" role=\"button\" aria-disabled=\"true\"><\/div>\n<div class=\"txt\">\n<p class=\"ampp\">Por decreto, el Gobierno modific\u00f3 las condiciones de importaci\u00f3n de\u00a0<strong>motos<\/strong>\u00a0<strong>desarmadas<\/strong>\u00a0para su ensamble en la Argentina. La medida apunta a la\u00a0<strong>baja de precios<\/strong>\u00a0en el mercado interno, promover una mayor oferta de productos y \u201calentar\u201d las inversiones.<\/p>\n<\/div>\n<p>Con la decisi\u00f3n, el Ejecutivo busca propiciar que cada empresa decida su<strong>\u00a0modelo de negocio<\/strong>\u00a0ya sea la producci\u00f3n con integraci\u00f3n local, ensamble y\/o importaci\u00f3n de veh\u00edculos terminados. Se alinear\u00e1 de acuerdo con el \u201cvolumen, diversidad de modelos, capacidad de desarrollo de proveedores, complejidad t\u00e9cnica y requerimientos de la casa matriz\u201d de cada compa\u00f1\u00eda.<\/p>\n<div class=\"txt\">\n<p class=\"ampp\">A trav\u00e9s del<strong>\u00a0decreto 1069<\/strong>, la gesti\u00f3n de Javier Milei estableci\u00f3 una al\u00edcuota de\u00a0<strong>5%<\/strong>\u00a0del\u00a0<strong>Valor Agregado Local M\u00ednimo\u00a0<\/strong>que deber\u00e1 alcanzar cada beneficiario. Adem\u00e1s, cada modelo de moto que se importe deber\u00e1 cumplir con una\u00a0<strong>al\u00edcuota de 2%<\/strong>. Seg\u00fan indicaron desde el Gobierno, el anterior esquema establec\u00eda un 11% de valor agregado local.<\/p>\n<p class=\"ampp\">Seg\u00fan la norma, los\u00a0<strong>bienes nacionales<\/strong>\u00a0comprenden a \u201clas\u00a0<strong>partes, piezas, subconjuntos, conjuntos y sistemas\u00a0<\/strong>de motocicletas y dem\u00e1s veh\u00edculos\u201d producidos en la Argentina -excepto Tierra del Fuego- para su integraci\u00f3n en la fabricaci\u00f3n de estos veh\u00edculos o para su exportaci\u00f3n.<\/p>\n<p class=\"ampp\">En tanto, se contabilizar\u00e1n como<strong>\u00a0bienes importados<\/strong>\u00a0a aquellos \u201cveh\u00edculos incompletos y totalmente desarmados\u201d.<\/p>\n<p class=\"ampp\"><strong>Cambios en la importaci\u00f3n de motos desarmadas: de qu\u00e9 se tratan<\/strong><\/p>\n<p class=\"ampp\">El Gobierno modific\u00f3 las condiciones de importaci\u00f3n de\u00a0<strong>motos<\/strong>\u00a0<strong>desarmadas<\/strong>\u00a0para su ensamble en la Argentina. La medida apunta a la\u00a0<strong>baja de precios<\/strong>\u00a0en el mercado interno, promover una mayor oferta de productos y alentar inversiones.<\/p>\n<p class=\"ampp\">Con estos cambios, cada empresa podr\u00e1 decidir su modelo de negocio: la producci\u00f3n con integraci\u00f3n local; ensamble y\/o importaci\u00f3n de veh\u00edculos terminados. El\u00a0<strong>patentamiento de motos creci\u00f3 12,3% en octubre,\u00a0<\/strong>seg\u00fan los datos de la Asociaci\u00f3n de Concesionarios de Automotores de la Rep\u00fablica Argentina (ACARA). En el d\u00e9cimo mes del a\u00f1o, se vendieron m\u00e1s de 43.000 motos, lo que reflej\u00f3 un alza del 5,6% interanual.<\/p>\n<p><img loading=\"lazy\" decoding=\"async\" class=\"alignnone wp-image-5109 size-large\" src=\"https:\/\/cafeprensa.com.ar\/wp-content\/uploads\/2024\/12\/Industria-1024x683.jpg\" alt=\"\" width=\"1024\" height=\"683\" srcset=\"https:\/\/cafeprensa.com.ar\/wp-content\/uploads\/2024\/12\/Industria-1024x683.jpg 1024w, https:\/\/cafeprensa.com.ar\/wp-content\/uploads\/2024\/12\/Industria-300x200.jpg 300w, https:\/\/cafeprensa.com.ar\/wp-content\/uploads\/2024\/12\/Industria-768x512.jpg 768w, https:\/\/cafeprensa.com.ar\/wp-content\/uploads\/2024\/12\/Industria.jpg 1500w\" sizes=\"auto, (max-width: 1024px) 100vw, 1024px\" \/><\/p>\n<p class=\"ampp\"><strong>Menos aranceles para la importaci\u00f3n de neum\u00e1ticos<\/strong><\/p>\n<p class=\"ampp\">El Gobierno avanz\u00f3 en octubre en la<strong>\u00a0reducci\u00f3n de aranceles a la importaci\u00f3n\u00a0<\/strong>para neum\u00e1ticos, electrodom\u00e9sticos, entre otros. Los nuevos aranceles para la mayor\u00eda de los productos se aplicaron de manera inmediata, mientras que para las al\u00edcuotas de importaci\u00f3n de los neum\u00e1ticos (para autos del 35% al 16% y para a las motos del 35% al 20%), la rebaja fue gradual.<\/p>\n<\/div>\n<\/div>\n<\/div>\n","protected":false},"excerpt":{"rendered":"<p>Para intentar bajar los precios. Buscan que cada empresa decida su modelo de negocio. Se modificaron una serie de normas para los motoveh\u00edculos incompletos que luego se ensamblan en el pa\u00eds. Por decreto, el Gobierno modific\u00f3 las condiciones de importaci\u00f3n de\u00a0motos\u00a0desarmadas\u00a0para su ensamble en la Argentina. La medida apunta a la\u00a0baja de precios\u00a0en el mercado &hellip;<\/p>\n","protected":false},"author":2,"featured_media":5110,"comment_status":"open","ping_status":"open","sticky":false,"template":"","format":"standard","meta":{"footnotes":""},"categories":[28,33],"tags":[1322,1321,1310],"class_list":["post-5108","post","type-post","status-publish","format-standard","has-post-thumbnail","hentry","category-economia","category-nacionales","tag-aranceles","tag-importaciones","tag-motos"],"_links":{"self":[{"href":"https:\/\/cafeprensa.com.ar\/index.php\/wp-json\/wp\/v2\/posts\/5108","targetHints":{"allow":["GET"]}}],"collection":[{"href":"https:\/\/cafeprensa.com.ar\/index.php\/wp-json\/wp\/v2\/posts"}],"about":[{"href":"https:\/\/cafeprensa.com.ar\/index.php\/wp-json\/wp\/v2\/types\/post"}],"author":[{"embeddable":true,"href":"https:\/\/cafeprensa.com.ar\/index.php\/wp-json\/wp\/v2\/users\/2"}],"replies":[{"embeddable":true,"href":"https:\/\/cafeprensa.com.ar\/index.php\/wp-json\/wp\/v2\/comments?post=5108"}],"version-history":[{"count":1,"href":"https:\/\/cafeprensa.com.ar\/index.php\/wp-json\/wp\/v2\/posts\/5108\/revisions"}],"predecessor-version":[{"id":5111,"href":"https:\/\/cafeprensa.com.ar\/index.php\/wp-json\/wp\/v2\/posts\/5108\/revisions\/5111"}],"wp:featuredmedia":[{"embeddable":true,"href":"https:\/\/cafeprensa.com.ar\/index.php\/wp-json\/wp\/v2\/media\/5110"}],"wp:attachment":[{"href":"https:\/\/cafeprensa.com.ar\/index.php\/wp-json\/wp\/v2\/media?parent=5108"}],"wp:term":[{"taxonomy":"category","embeddable":true,"href":"https:\/\/cafeprensa.com.ar\/index.php\/wp-json\/wp\/v2\/categories?post=5108"},{"taxonomy":"post_tag","embeddable":true,"href":"https:\/\/cafeprensa.com.ar\/index.php\/wp-json\/wp\/v2\/tags?post=5108"}],"curies":[{"name":"wp","href":"https:\/\/api.w.org\/{rel}","templated":true}]}}