{"id":5119,"date":"2024-12-05T14:30:46","date_gmt":"2024-12-05T13:30:46","guid":{"rendered":"https:\/\/cafeprensa.com.ar\/?p=5119"},"modified":"2024-12-05T14:34:02","modified_gmt":"2024-12-05T13:34:02","slug":"el-papa-francisco-recibio-en-el-vaticano-a-pato-fontanet-el-cantante-de-callejeros","status":"publish","type":"post","link":"https:\/\/cafeprensa.com.ar\/index.php\/2024\/12\/05\/el-papa-francisco-recibio-en-el-vaticano-a-pato-fontanet-el-cantante-de-callejeros\/","title":{"rendered":"El papa Francisco recibi\u00f3 en el Vaticano a \u201cPato\u201d Fontanet, el cantante de Callejeros"},"content":{"rendered":"<header class=\"article-header-wrapper\">\n<div class=\"article-header\">\n<p class=\"article-subheadline left\">El sumo pont\u00edfice recibi\u00f3 un libro que recuerda a las v\u00edctimas de la tragedia de Croma\u00f1\u00f3n. Tambi\u00e9n estuvieron en la reuni\u00f3n otros m\u00fasicos de la banda actual del int\u00e9rprete.<\/p>\n<\/div>\n<\/header>\n<article class=\"article\">\n<div class=\"body-article \">\n<div class=\" visual__image\"><picture><source srcset=\"https:\/\/www.infobae.com\/resizer\/v2\/YOQJJYUHC5C3VNA7GBLTJBIBKA.jpg?auth=d425a8f788045ee5538baa46066267075a6c111314dae4dcbc78eb462060de12&amp;smart=true&amp;width=992&amp;height=558&amp;quality=85\" media=\"(min-width: 1000px)\" \/><source srcset=\"https:\/\/www.infobae.com\/resizer\/v2\/YOQJJYUHC5C3VNA7GBLTJBIBKA.jpg?auth=d425a8f788045ee5538baa46066267075a6c111314dae4dcbc78eb462060de12&amp;smart=true&amp;width=768&amp;height=432&amp;quality=85\" media=\"(min-width: 768px)\" \/><source srcset=\"https:\/\/www.infobae.com\/resizer\/v2\/YOQJJYUHC5C3VNA7GBLTJBIBKA.jpg?auth=d425a8f788045ee5538baa46066267075a6c111314dae4dcbc78eb462060de12&amp;smart=true&amp;width=577&amp;height=325&amp;quality=85\" media=\"(min-width: 580px)\" \/><source srcset=\"https:\/\/www.infobae.com\/resizer\/v2\/YOQJJYUHC5C3VNA7GBLTJBIBKA.jpg?auth=d425a8f788045ee5538baa46066267075a6c111314dae4dcbc78eb462060de12&amp;smart=true&amp;width=420&amp;height=236&amp;quality=85\" media=\"(min-width: 350px)\" \/><source srcset=\"https:\/\/www.infobae.com\/resizer\/v2\/YOQJJYUHC5C3VNA7GBLTJBIBKA.jpg?auth=d425a8f788045ee5538baa46066267075a6c111314dae4dcbc78eb462060de12&amp;smart=true&amp;width=350&amp;height=197&amp;quality=85\" media=\"(min-width: 80px)\" \/><img loading=\"lazy\" decoding=\"async\" class=\"global-image\" src=\"https:\/\/www.infobae.com\/resizer\/v2\/YOQJJYUHC5C3VNA7GBLTJBIBKA.jpg?auth=d425a8f788045ee5538baa46066267075a6c111314dae4dcbc78eb462060de12&amp;smart=true&amp;width=350&amp;height=197&amp;quality=85\" alt=\"Luis Lamas, el Papa Francisco, Pato Fontanet y Juano Falcone, en la audiencia privada en el Vaticano (@nonoscuenten.nncc)\" width=\"1920\" height=\"1080\" \/><\/picture><span style=\"font-size: 8pt;\"><strong>Luis Lamas, el Papa Francisco, Pato Fontanet y Juano Falcone, en la audiencia privada en el Vaticano\u00a0<\/strong><\/span><\/div>\n<p class=\"paragraph\" data-mrf-recirculation=\"Links inline\">El cierre de la gira en Espa\u00f1a del grupo de rock\u00a0<b>Don Osvaldo<\/b>, liderado por el cantante\u00a0<b>Pato Fontanet<\/b>, tuvo el \u00faltimo martes una escala cumbre en el Vaticano. All\u00ed, la ex voz de Callejeros, junto al baterista Luis Lamas y el percusionista Juano Falcone, tuvieron una<b>\u00a0audiencia privada con el Papa Francisco<\/b>\u00a0en la Casa de Santa Marta para entregarle en mano un ejemplar del libro\u00a0<i>Voces Tiempo Verdad.<\/i><\/p>\n<p class=\"paragraph\" data-mrf-recirculation=\"Links inline\">El encuentro fue gestionado, seg\u00fan la organizaci\u00f3n\u00a0<b>No Nos Cuenten Croma\u00f1\u00f3n (NNCC)<\/b>,<b>\u00a0<\/b>por la relaci\u00f3n cordial que Lamas mantiene con\u00a0<b>Roberto Carles<\/b>, ex embajador argentino en Italia y Secretario Letrado de la Procuraci\u00f3n General de la Naci\u00f3n.<\/p>\n<p class=\"paragraph\" data-mrf-recirculation=\"Links inline\">\u201c<b>Francisco se mostr\u00f3 muy conmovido por la lucha que vienen sosteniendo los sobrevivientes durante casi 20 a\u00f1os<\/b>\u201d, poste\u00f3 en IG la ONG conformada en 2007 y surgida \u201cpor la necesidad de mostrar una postura distinta con respecto a las responsabilidades de lo ocurrido, frente a la criminalizaci\u00f3n de la juventud que se mostraba en los medios de comunicaci\u00f3n\u201d.<\/p>\n<div class=\" visual__image\"><picture><source srcset=\"https:\/\/www.infobae.com\/resizer\/v2\/OXDID6WB3FDCVNKZAFUMB5VKQE.jpg?auth=e6aa57bd02a05d551a76d15abf7b4103b0a45bc3555103796d4e5804aa51ea91&amp;smart=true&amp;width=992&amp;height=744&amp;quality=85\" media=\"(min-width: 1000px)\" \/><source srcset=\"https:\/\/www.infobae.com\/resizer\/v2\/OXDID6WB3FDCVNKZAFUMB5VKQE.jpg?auth=e6aa57bd02a05d551a76d15abf7b4103b0a45bc3555103796d4e5804aa51ea91&amp;smart=true&amp;width=768&amp;height=576&amp;quality=85\" media=\"(min-width: 768px)\" \/><source srcset=\"https:\/\/www.infobae.com\/resizer\/v2\/OXDID6WB3FDCVNKZAFUMB5VKQE.jpg?auth=e6aa57bd02a05d551a76d15abf7b4103b0a45bc3555103796d4e5804aa51ea91&amp;smart=true&amp;width=577&amp;height=433&amp;quality=85\" media=\"(min-width: 580px)\" \/><source srcset=\"https:\/\/www.infobae.com\/resizer\/v2\/OXDID6WB3FDCVNKZAFUMB5VKQE.jpg?auth=e6aa57bd02a05d551a76d15abf7b4103b0a45bc3555103796d4e5804aa51ea91&amp;smart=true&amp;width=420&amp;height=315&amp;quality=85\" media=\"(min-width: 350px)\" \/><source srcset=\"https:\/\/www.infobae.com\/resizer\/v2\/OXDID6WB3FDCVNKZAFUMB5VKQE.jpg?auth=e6aa57bd02a05d551a76d15abf7b4103b0a45bc3555103796d4e5804aa51ea91&amp;smart=true&amp;width=350&amp;height=263&amp;quality=85\" media=\"(min-width: 80px)\" \/><img loading=\"lazy\" decoding=\"async\" class=\"global-image\" src=\"https:\/\/www.infobae.com\/resizer\/v2\/OXDID6WB3FDCVNKZAFUMB5VKQE.jpg?auth=e6aa57bd02a05d551a76d15abf7b4103b0a45bc3555103796d4e5804aa51ea91&amp;smart=true&amp;width=350&amp;height=263&amp;quality=85\" alt=\"El posteo con la visita de los m\u00fasicos al Papa Francisco (IG @nonoscuenten.nncc)\" width=\"1920\" height=\"1433\" \/><\/picture><span style=\"font-size: 8pt;\"><strong>El posteo con la visita de los m\u00fasicos al Papa Francisco\u00a0<\/strong><\/span><\/div>\n<p class=\"paragraph\" data-mrf-recirculation=\"Links inline\">\u201dMientras pasaba las p\u00e1ginas, Francisco nos dijo que el libro era muy importante para ejercitar la memoria, y contar lo que verdaderamente pas\u00f3 en Croma\u00f1\u00f3n\u201d, expres\u00f3 Lamas desde Roma. \u201cCuando lleg\u00f3 al final, volvi\u00f3 a una foto de\u00a0<b>Estela de Carlotto\u00a0<\/b>en un acto de NNCC y se refiri\u00f3 a la presidenta de Abuelas con palabras de reconocimiento por su compromiso y la veracidad que aporta su presencia\u201d.<\/p>\n<p class=\"paragraph\" data-mrf-recirculation=\"Links inline\">Durante la reuni\u00f3n, que seg\u00fan consignaron los organizadores \u201cdur\u00f3 m\u00e1s de una hora\u201d Francisco cont\u00f3 que\u00a0<b>recordaba los hospitales que recorri\u00f3 la noche del 30 de diciembre de 2004<\/b>, las misas que ofreci\u00f3 para familiares y sobrevivientes (de los que siempre estuvo cerca cuando era Arzobispo de Buenos Aires) y de las\u00a0<b>agresiones que recibi\u00f3 en la Catedral por interesarse por los m\u00fasicos de Callejeros<\/b>.<\/p>\n<p class=\"paragraph\" data-mrf-recirculation=\"Links inline\">\u201cEstaba muy interesado por conocer todas las actividades que realiza NNCC y que el libro haya sido presentado en todo nuestro pa\u00eds para mantener viva la memoria\u201d, detalla Lamas. \u201c<b>Francisco sigue de cerca y con cierta preocupaci\u00f3n todas las cuestiones a nivel social que est\u00e1n pasando en Argentina<\/b>\u201d, agreg\u00f3.<\/p>\n<div class=\" visual__image\"><picture><source srcset=\"https:\/\/www.infobae.com\/resizer\/v2\/4SJQESXXMVCRVIUFY4ORJ7N7JU.jpg?auth=f05886ebe31c5b23e4eec215376deaf7e9ced96c70a954feea54773406a561e3&amp;smart=true&amp;width=992&amp;height=558&amp;quality=85\" media=\"(min-width: 1000px)\" \/><source srcset=\"https:\/\/www.infobae.com\/resizer\/v2\/4SJQESXXMVCRVIUFY4ORJ7N7JU.jpg?auth=f05886ebe31c5b23e4eec215376deaf7e9ced96c70a954feea54773406a561e3&amp;smart=true&amp;width=768&amp;height=432&amp;quality=85\" media=\"(min-width: 768px)\" \/><source srcset=\"https:\/\/www.infobae.com\/resizer\/v2\/4SJQESXXMVCRVIUFY4ORJ7N7JU.jpg?auth=f05886ebe31c5b23e4eec215376deaf7e9ced96c70a954feea54773406a561e3&amp;smart=true&amp;width=577&amp;height=325&amp;quality=85\" media=\"(min-width: 580px)\" \/><source srcset=\"https:\/\/www.infobae.com\/resizer\/v2\/4SJQESXXMVCRVIUFY4ORJ7N7JU.jpg?auth=f05886ebe31c5b23e4eec215376deaf7e9ced96c70a954feea54773406a561e3&amp;smart=true&amp;width=420&amp;height=236&amp;quality=85\" media=\"(min-width: 350px)\" \/><source srcset=\"https:\/\/www.infobae.com\/resizer\/v2\/4SJQESXXMVCRVIUFY4ORJ7N7JU.jpg?auth=f05886ebe31c5b23e4eec215376deaf7e9ced96c70a954feea54773406a561e3&amp;smart=true&amp;width=350&amp;height=197&amp;quality=85\" media=\"(min-width: 80px)\" \/><img loading=\"lazy\" decoding=\"async\" class=\"global-image\" src=\"https:\/\/www.infobae.com\/resizer\/v2\/4SJQESXXMVCRVIUFY4ORJ7N7JU.jpg?auth=f05886ebe31c5b23e4eec215376deaf7e9ced96c70a954feea54773406a561e3&amp;smart=true&amp;width=350&amp;height=197&amp;quality=85\" alt=\"Foto de archivo de un recital de Don Osvaldo en 2021\" width=\"1920\" height=\"1079\" \/><\/picture><span style=\"font-size: 8pt;\"><strong>Foto de archivo de un recital de Don Osvaldo en 2021<\/strong><\/span><\/div>\n<p class=\"paragraph\" data-mrf-recirculation=\"Links inline\">Antes de despedirse -seg\u00fan reza el comunicado- el Papa salud\u00f3 con un beso y un abrazo afectuoso a los m\u00fasicos y volvi\u00f3 a manifestar su compromiso y afinidad por la lucha que vienen sosteniendo los sobrevivientes, a los que tambi\u00e9n les envi\u00f3 un mensaje: \u201c<b>Les pido que nunca pierdan la ilusi\u00f3n<\/b>\u201d, enfatiz\u00f3 el Santo Padre.<\/p>\n<p class=\"paragraph\" data-mrf-recirculation=\"Links inline\">Vale recordar que NNCC est\u00e1 conformada por sobrevivientes, familiares y amigos de v\u00edctimas de la tragedia de Croma\u00f1\u00f3n y realiza diversas actividades, tales como charlas en establecimientos educativos e intervenciones culturales. Adem\u00e1s, est\u00e1n a cargo de la organizaci\u00f3n del\u00a0<b>acto de aniversario<\/b>\u00a0y cuentan con un<b>\u00a0programa de asistencia psicol\u00f3gica<\/b> propio y luchamos por el bienestar de todos los y las sobrevivientes.<\/p>\n<\/div>\n<\/article>\n","protected":false},"excerpt":{"rendered":"<p>El sumo pont\u00edfice recibi\u00f3 un libro que recuerda a las v\u00edctimas de la tragedia de Croma\u00f1\u00f3n. Tambi\u00e9n estuvieron en la reuni\u00f3n otros m\u00fasicos de la banda actual del int\u00e9rprete. Luis Lamas, el Papa Francisco, Pato Fontanet y Juano Falcone, en la audiencia privada en el Vaticano\u00a0 El cierre de la gira en Espa\u00f1a del grupo &hellip;<\/p>\n","protected":false},"author":2,"featured_media":5122,"comment_status":"open","ping_status":"open","sticky":false,"template":"","format":"standard","meta":{"footnotes":""},"categories":[30,35],"tags":[1326,1325],"class_list":["post-5119","post","type-post","status-publish","format-standard","has-post-thumbnail","hentry","category-cultura-y-espectaculos","category-internacionales","tag-el-cantante-de-callejeros","tag-el-papa-francisco-recibio-en-el-vaticano-a-pato-fontanet"],"_links":{"self":[{"href":"https:\/\/cafeprensa.com.ar\/index.php\/wp-json\/wp\/v2\/posts\/5119","targetHints":{"allow":["GET"]}}],"collection":[{"href":"https:\/\/cafeprensa.com.ar\/index.php\/wp-json\/wp\/v2\/posts"}],"about":[{"href":"https:\/\/cafeprensa.com.ar\/index.php\/wp-json\/wp\/v2\/types\/post"}],"author":[{"embeddable":true,"href":"https:\/\/cafeprensa.com.ar\/index.php\/wp-json\/wp\/v2\/users\/2"}],"replies":[{"embeddable":true,"href":"https:\/\/cafeprensa.com.ar\/index.php\/wp-json\/wp\/v2\/comments?post=5119"}],"version-history":[{"count":1,"href":"https:\/\/cafeprensa.com.ar\/index.php\/wp-json\/wp\/v2\/posts\/5119\/revisions"}],"predecessor-version":[{"id":5121,"href":"https:\/\/cafeprensa.com.ar\/index.php\/wp-json\/wp\/v2\/posts\/5119\/revisions\/5121"}],"wp:featuredmedia":[{"embeddable":true,"href":"https:\/\/cafeprensa.com.ar\/index.php\/wp-json\/wp\/v2\/media\/5122"}],"wp:attachment":[{"href":"https:\/\/cafeprensa.com.ar\/index.php\/wp-json\/wp\/v2\/media?parent=5119"}],"wp:term":[{"taxonomy":"category","embeddable":true,"href":"https:\/\/cafeprensa.com.ar\/index.php\/wp-json\/wp\/v2\/categories?post=5119"},{"taxonomy":"post_tag","embeddable":true,"href":"https:\/\/cafeprensa.com.ar\/index.php\/wp-json\/wp\/v2\/tags?post=5119"}],"curies":[{"name":"wp","href":"https:\/\/api.w.org\/{rel}","templated":true}]}}