{"id":5155,"date":"2024-12-09T12:06:25","date_gmt":"2024-12-09T11:06:25","guid":{"rendered":"https:\/\/cafeprensa.com.ar\/?p=5155"},"modified":"2024-12-09T12:06:25","modified_gmt":"2024-12-09T11:06:25","slug":"el-kirchnerismo-tratara-de-conseguir-apoyo-para-echar-al-senador-que-sigue-preso-en-paraguay","status":"publish","type":"post","link":"https:\/\/cafeprensa.com.ar\/index.php\/2024\/12\/09\/el-kirchnerismo-tratara-de-conseguir-apoyo-para-echar-al-senador-que-sigue-preso-en-paraguay\/","title":{"rendered":"el kirchnerismo tratar\u00e1 de conseguir apoyo para echar al senador que sigue preso en Paraguay"},"content":{"rendered":"<header class=\"article-header-wrapper\">\n<div class=\"article-header\">\n<p id=\"caso-kueider:-sin-los-votos-el-kirchnerismo-tratara-de-conseguir-apoyo-para-echar-al-senador-que-sigue-preso-en-paraguay\" class=\"article-headline left\"><strong>Caso Kueider:<\/strong> sin los votos, El kirchnerismo busca remover al entrerriano para recuperar una banca en el Senado. Pidi\u00f3 una sesi\u00f3n para el jueves, pero todav\u00eda est\u00e1 lejos de la mayor\u00eda para llegar al debate. Idas y vueltas entre oficialismo, dialoguistas y la Casa Rosada. Los escenarios que se abren y el rol de Victoria Villarruel. En un escenario de extrema tensi\u00f3n,<b>\u00a0el Senado tendr\u00e1 desde hoy un raid de 48 horas para definir el fututo del legislador del peronismo\u00a0<\/b><a href=\"https:\/\/www.infobae.com\/politica\/2024\/12\/08\/investigan-la-ruta-del-dinero-de-kueider-la-hipotesis-de-una-operacion-inmobiliaria-el-poder-de-la-secretaria-y-el-misterio-de-los-celulares\/\" target=\"_blank\" rel=\"noopener noreferrer\" data-mrf-link=\"https:\/\/www.infobae.com\/politica\/2024\/12\/08\/investigan-la-ruta-del-dinero-de-kueider-la-hipotesis-de-una-operacion-inmobiliaria-el-poder-de-la-secretaria-y-el-misterio-de-los-celulares\/\"><b>Edgardo Kueider<\/b><\/a>, detenido desde la semana pasada en Paraguay junto a su secretaria y m\u00e1s de USD 200.000 ocultos en una mochila.\u00a0<b>Reclama su expulsi\u00f3n el kirchnerismo, que busca dejar esa banca a una dirigente de La C\u00e1mpora<\/b>.<\/p>\n<p><img loading=\"lazy\" decoding=\"async\" class=\"alignnone wp-image-5157 size-large\" src=\"https:\/\/cafeprensa.com.ar\/wp-content\/uploads\/2024\/12\/Kueider-despacho-Senado-1024x683.jpg\" alt=\"\" width=\"1024\" height=\"683\" srcset=\"https:\/\/cafeprensa.com.ar\/wp-content\/uploads\/2024\/12\/Kueider-despacho-Senado-1024x683.jpg 1024w, https:\/\/cafeprensa.com.ar\/wp-content\/uploads\/2024\/12\/Kueider-despacho-Senado-300x200.jpg 300w, https:\/\/cafeprensa.com.ar\/wp-content\/uploads\/2024\/12\/Kueider-despacho-Senado-768x512.jpg 768w, https:\/\/cafeprensa.com.ar\/wp-content\/uploads\/2024\/12\/Kueider-despacho-Senado.jpg 1200w\" sizes=\"auto, (max-width: 1024px) 100vw, 1024px\" \/><\/p>\n<\/div>\n<\/header>\n<article class=\"article\">\n<div class=\"body-article \">\n<p class=\"paragraph\" data-mrf-recirculation=\"Links inline\"><b>\u201cLo que ocurri\u00f3 es un papel\u00f3n y un esc\u00e1ndalo, pero tampoco podemos subirnos al carro del kirchnerismo para regalarles una banca<\/b>. Ellos defendieron y\u00a0<b>sostuvieron en el Senado a violadores como -el ex senador y ex gobernador tucumano, Jos\u00e9- Alperovich<\/b>\u00a0y tienen a propios con expedientes dando vueltas.<b>\u00a0<\/b>Ahora\u00a0<b>reclaman rapidez, pero el doble conforme de Ficha Limpia les parece exagerado. Supongo que a Cristina Kirchner, con su situaci\u00f3n penal actual y la eventual que se le sume, le impedir\u00e1n ser candidata en 2025<\/b>\u2033, deslizaron anoche a\u00a0<b>Infobae<\/b> desde un despacho oficialista.<\/p>\n<p class=\"paragraph\" data-mrf-recirculation=\"Links inline\">En medio de la indignaci\u00f3n y sorpresa que gener\u00f3 en un sector del Congreso, la vicepresidenta y titular de la C\u00e1mara alta,\u00a0<b>Victoria Villarruel<\/b>, tendr\u00e1 la dif\u00edcil tarea de escanear entre los diferentes bloques las posturas.\u00a0<b>Cualquier decisi\u00f3n tendr\u00e1 un fuerte impacto, sin importar el camino a seguir<\/b>. Por ello el tiempo que se tomar\u00e1n los espacios, entre hoy y ma\u00f1ana, para salir del delicado embrollo.\u00a0<b>En medio del nerviosismo por lo ocurrido, hay senadores que aprovechar\u00e1n la ocasi\u00f3n para recuperar terreno perdido, tras sugestivas semanas fuera del radar. All\u00ed se ubican algunos radicales<\/b>.<\/p>\n<p class=\"paragraph\" data-mrf-recirculation=\"Links inline\">En tanto, desde el PRO, un ofuscado\u00a0<b>Luis Juez<\/b>\u00a0adelant\u00f3 que el macrismo se reunir\u00e1 ma\u00f1ana, desde las 15, para encontrar un sendero. Por las dudas, el cordob\u00e9s ya jug\u00f3 por su cuenta y, de manera personal, se\u00f1al\u00f3 en declaraciones televisivas que\u00a0<b>no sabe si tiene ganas de \u201cseguir compartiendo techo con Kueider\u201d\u00a0<\/b>y que \u201c<b>uno de los dos est\u00e1 de m\u00e1s<\/b>\u201d. \u201cNos ensuci\u00f3 a todos\u201d, agreg\u00f3, y dej\u00f3 en claro que ten\u00eda \u201cninguna duda\u201d en cuanto a una eventual remoci\u00f3n.<\/p>\n<div class=\" visual__image\"><picture><source srcset=\"https:\/\/www.infobae.com\/resizer\/v2\/RTNGWPJUYNARPA7KTZDTNQHOOQ.jpg?auth=e5e2326d5a792224b6a600d08954f45311029755791bba59cbffbbfb744e2a32&amp;smart=true&amp;width=992&amp;height=558&amp;quality=85\" media=\"(min-width: 1000px)\" \/><source srcset=\"https:\/\/www.infobae.com\/resizer\/v2\/RTNGWPJUYNARPA7KTZDTNQHOOQ.jpg?auth=e5e2326d5a792224b6a600d08954f45311029755791bba59cbffbbfb744e2a32&amp;smart=true&amp;width=768&amp;height=432&amp;quality=85\" media=\"(min-width: 768px)\" \/><source srcset=\"https:\/\/www.infobae.com\/resizer\/v2\/RTNGWPJUYNARPA7KTZDTNQHOOQ.jpg?auth=e5e2326d5a792224b6a600d08954f45311029755791bba59cbffbbfb744e2a32&amp;smart=true&amp;width=577&amp;height=325&amp;quality=85\" media=\"(min-width: 580px)\" \/><source srcset=\"https:\/\/www.infobae.com\/resizer\/v2\/RTNGWPJUYNARPA7KTZDTNQHOOQ.jpg?auth=e5e2326d5a792224b6a600d08954f45311029755791bba59cbffbbfb744e2a32&amp;smart=true&amp;width=420&amp;height=236&amp;quality=85\" media=\"(min-width: 350px)\" \/><source srcset=\"https:\/\/www.infobae.com\/resizer\/v2\/RTNGWPJUYNARPA7KTZDTNQHOOQ.jpg?auth=e5e2326d5a792224b6a600d08954f45311029755791bba59cbffbbfb744e2a32&amp;smart=true&amp;width=350&amp;height=197&amp;quality=85\" media=\"(min-width: 80px)\" \/><img loading=\"lazy\" decoding=\"async\" class=\"global-image\" src=\"https:\/\/www.infobae.com\/resizer\/v2\/RTNGWPJUYNARPA7KTZDTNQHOOQ.jpg?auth=e5e2326d5a792224b6a600d08954f45311029755791bba59cbffbbfb744e2a32&amp;smart=true&amp;width=350&amp;height=197&amp;quality=85\" alt=\"La vicepresidenta y titular de la C\u00e1mara alta, Victoria Villarruel (Prensa Senado)\" width=\"1920\" height=\"1079\" \/><\/picture>La vicepresidenta y titular de la C\u00e1mara alta, Victoria Villarruel<\/div>\n<p class=\"paragraph\" data-mrf-recirculation=\"Links inline\"><b>Kueider lleg\u00f3 a la C\u00e1mara alta en 2019 con la boleta del kirchnerismo, se separ\u00f3 en febrero de 2023, enojado con Alberto Fern\u00e1ndez y el cristinismo. Meses atr\u00e1s se meti\u00f3 en el interbloque Provincias Unidas, de inobjetables contactos con el Gobierno<\/b>. Por caso, funcionarios y asesores de primera l\u00ednea -como el jefe de Gabinete,\u00a0<b>Guillermo Francos<\/b>&#8211; recibieron a los cinco de dicha bancada en Casa Rosada, en octubre pasado.<\/p>\n<p class=\"paragraph\" data-mrf-recirculation=\"Links inline\"><b>\u00bfPor qu\u00e9 el kirchnerismo solicita una expulsi\u00f3n expr\u00e9s? Si el entrerriano abandona la C\u00e1mara alta, su reemplazo ser\u00e1 la actual diputada provincial y referente camporista Stefan\u00eda Cora<\/b>. De esa manera, el cristinismo senatorial, que comanda\u00a0<b>Jos\u00e9 Mayans<\/b>, pasar\u00eda de 33 a 34 legisladores. A tres de recuperar el quorum y la mayor\u00eda propia. Del otro lado quedar\u00e1 un disminuido oficialismo y una serpenteante oposici\u00f3n dialoguista con 37, ya que el radical\u00a0<b>V\u00edctor Zimmermann<\/b>\u00a0estir\u00f3 su licencia por un cargo en Chaco hasta finales de febrero pr\u00f3ximo.<\/p>\n<p data-mrf-recirculation=\"Links inline\"><img loading=\"lazy\" decoding=\"async\" class=\"alignnone wp-image-5158 size-large\" src=\"https:\/\/cafeprensa.com.ar\/wp-content\/uploads\/2024\/12\/senador-kueiderwebp-1024x576.webp\" alt=\"\" width=\"1024\" height=\"576\" srcset=\"https:\/\/cafeprensa.com.ar\/wp-content\/uploads\/2024\/12\/senador-kueiderwebp-1024x576.webp 1024w, https:\/\/cafeprensa.com.ar\/wp-content\/uploads\/2024\/12\/senador-kueiderwebp-300x169.webp 300w, https:\/\/cafeprensa.com.ar\/wp-content\/uploads\/2024\/12\/senador-kueiderwebp-768x432.webp 768w, https:\/\/cafeprensa.com.ar\/wp-content\/uploads\/2024\/12\/senador-kueiderwebp-390x220.webp 390w, https:\/\/cafeprensa.com.ar\/wp-content\/uploads\/2024\/12\/senador-kueiderwebp.webp 1200w\" sizes=\"auto, (max-width: 1024px) 100vw, 1024px\" \/><\/p>\n<p class=\"paragraph\" data-mrf-recirculation=\"Links inline\">Mientras el Gobierno a\u00fan analiza qu\u00e9 hacer en relaci\u00f3n con este tema <strong>-confunde hasta los propios-<\/strong>, un potencial aterrizaje de la remoci\u00f3n de Kueider en el recinto del Senado precisar\u00e1 quorum, dos tercios para habilitar la discusi\u00f3n sobre tablas -no tiene dictamen de la comisi\u00f3n de Asuntos Constitucionales, que el entrerriano preside- y la misma mayor\u00eda especial para un potencial mazazo definitivo.<\/p>\n<p class=\"paragraph\" data-mrf-recirculation=\"Links inline\">Las dudas de varios legisladores, sin importar el signo pol\u00edtico -incluido el ahora ofendido kirchnerismo-, es la<b>\u00a0activaci\u00f3n de una bola de nieve con el episodio Kueider que aumentar\u00eda de volumen con el correr de los d\u00edas y una lupa estricta sobre todos los senadores que hayan tenido alg\u00fan contacto, vigente o no, con la justicia. Es decir, algo que despu\u00e9s no frenar\u00eda<\/b>. Los titiriteros del poder no s\u00f3lo piensan en esto, sino tambi\u00e9n en c\u00f3mo convertir una complejidad en beneficio a mediano y largo plazo.<\/p>\n<\/div>\n<\/article>\n","protected":false},"excerpt":{"rendered":"<p>Caso Kueider: sin los votos, El kirchnerismo busca remover al entrerriano para recuperar una banca en el Senado. Pidi\u00f3 una sesi\u00f3n para el jueves, pero todav\u00eda est\u00e1 lejos de la mayor\u00eda para llegar al debate. Idas y vueltas entre oficialismo, dialoguistas y la Casa Rosada. Los escenarios que se abren y el rol de Victoria &hellip;<\/p>\n","protected":false},"author":2,"featured_media":5156,"comment_status":"open","ping_status":"open","sticky":false,"template":"","format":"standard","meta":{"footnotes":""},"categories":[33,25],"tags":[1333,121],"class_list":["post-5155","post","type-post","status-publish","format-standard","has-post-thumbnail","hentry","category-nacionales","category-politica","tag-caso-kueider-senador","tag-pj"],"_links":{"self":[{"href":"https:\/\/cafeprensa.com.ar\/index.php\/wp-json\/wp\/v2\/posts\/5155","targetHints":{"allow":["GET"]}}],"collection":[{"href":"https:\/\/cafeprensa.com.ar\/index.php\/wp-json\/wp\/v2\/posts"}],"about":[{"href":"https:\/\/cafeprensa.com.ar\/index.php\/wp-json\/wp\/v2\/types\/post"}],"author":[{"embeddable":true,"href":"https:\/\/cafeprensa.com.ar\/index.php\/wp-json\/wp\/v2\/users\/2"}],"replies":[{"embeddable":true,"href":"https:\/\/cafeprensa.com.ar\/index.php\/wp-json\/wp\/v2\/comments?post=5155"}],"version-history":[{"count":1,"href":"https:\/\/cafeprensa.com.ar\/index.php\/wp-json\/wp\/v2\/posts\/5155\/revisions"}],"predecessor-version":[{"id":5159,"href":"https:\/\/cafeprensa.com.ar\/index.php\/wp-json\/wp\/v2\/posts\/5155\/revisions\/5159"}],"wp:featuredmedia":[{"embeddable":true,"href":"https:\/\/cafeprensa.com.ar\/index.php\/wp-json\/wp\/v2\/media\/5156"}],"wp:attachment":[{"href":"https:\/\/cafeprensa.com.ar\/index.php\/wp-json\/wp\/v2\/media?parent=5155"}],"wp:term":[{"taxonomy":"category","embeddable":true,"href":"https:\/\/cafeprensa.com.ar\/index.php\/wp-json\/wp\/v2\/categories?post=5155"},{"taxonomy":"post_tag","embeddable":true,"href":"https:\/\/cafeprensa.com.ar\/index.php\/wp-json\/wp\/v2\/tags?post=5155"}],"curies":[{"name":"wp","href":"https:\/\/api.w.org\/{rel}","templated":true}]}}