{"id":5184,"date":"2024-12-09T15:20:36","date_gmt":"2024-12-09T14:20:36","guid":{"rendered":"https:\/\/cafeprensa.com.ar\/?p=5184"},"modified":"2024-12-09T15:20:36","modified_gmt":"2024-12-09T14:20:36","slug":"axel-kicillof-dijo-que-va-a-comprar-acciones-de-aerolineas-argentinas-para-impedir-su-venta","status":"publish","type":"post","link":"https:\/\/cafeprensa.com.ar\/index.php\/2024\/12\/09\/axel-kicillof-dijo-que-va-a-comprar-acciones-de-aerolineas-argentinas-para-impedir-su-venta\/","title":{"rendered":"Axel Kicillof dijo que va a comprar acciones de Aerol\u00edneas Argentinas para impedir su venta"},"content":{"rendered":"<div class=\"lay --apertura\">\n<div class=\"row\">\n<div class=\"col-12\">\n<p class=\"com-title --font-primary --sixxl --font-extra\"><span style=\"font-size: 12pt;\">El gobernador argument\u00f3 que la provincia de Buenos Aires tiene ingresos por US$2665 millones vinculados a la l\u00ednea de bandera y que cada a\u00f1o hay movimiento de diez millones de pasajes en este territorio.<\/span><\/p>\n<\/div>\n<\/div>\n<\/div>\n<div class=\"lay-sidebar\">\n<div class=\"sidebar__main\">\n<div class=\"row\">\n<div class=\"col-12 \">\n<section class=\"mod-opening\">\n<div class=\"content-media\">\n<section id=\"HEGXIGRLZVC53FQYMYLWD4T4WI\" class=\"mod-media   \" role=\"button\">\n<figure class=\"mod-figure --horizontal\" role=\"button\">\n<div class=\"placeholder \"><\/div>\n<\/figure>\n<\/section>\n<\/div>\n<\/section>\n<\/div>\n<\/div>\n<section class=\"cuerpo__nota\" data-mrf-recirculation=\"n_links\">\n<div class=\"row\">\n<div class=\"col-deskxl-10 offset-deskxl-1 col-desksm-11\">\n<div class=\"row\">\n<div class=\"col-12\">\n<p class=\"com-paragraph  --capital --s\">El gobierno de la provincia de Buenos Aires anunci\u00f3 que <strong>comprar\u00e1 acciones de Aerol\u00edneas Argentinas<\/strong> y convocar\u00e1 a otras provincias a participar del paquete de acciones de la l\u00ednea de bandera, en caso que el gobierno de la Naci\u00f3n \u201cquiera liquidar la empresa\u201d.<\/p>\n<p class=\"com-paragraph   --s\"><strong>\u201cLa provincia de Buenos Aires no va a permitir la venta de Aerol\u00edneas. Es un instrumento central para el desarrollo, la conectividad. No es que nadie quiere Aerol\u00edneas, la Provincia si la quiere\u201d<\/strong>, argument\u00f3 el gobernador Axel Kicillof al anunciar que convocar\u00e1 tambi\u00e9n a otros gobernadores a sostener la empresa estatal. El anuncio del mandatario peronista se da cuando desde la gesti\u00f3n de Javier Milei se busca privatizar la compa\u00f1\u00eda estatal.<\/p>\n<p class=\"com-paragraph   --s\"><strong>\u201cLa provincia plantea que si hay intenci\u00f3n de transferir nosotros empezamos un camino con gobernadores y trabajadores: vamos a trabajar tambi\u00e9n con sector aerocomercial y tur\u00edstico porque creemos que es de las mejores del mundo\u201d<\/strong>, dijo Kicillof al anunciar la compra de acciones ante un escenario de venta de la l\u00ednea de bandera.<\/p>\n<p class=\"com-paragraph   --s\"><strong>\u00bb El gobierno nacional ha amenazado con venderla, disolverla, llevarla a la quiebra. Si la Naci\u00f3n plantea venta de paquete accionario o tranferencia a trabajadores o declararla en quiebra o disolverla, nosotros lo vamos a impedir, en la medida de lo posible\u201d,<\/strong> expres\u00f3 el mandatario bonaerense.<\/p>\n<div class=\"content-media\">\n<section class=\"mod-media --zoom  \" role=\"button\">\n<figure class=\"mod-figure \" role=\"button\">\n<div class=\"placeholder \">\n<div class=\"com-image\"><picture><source srcset=\"https:\/\/resizer.glanacion.com\/resizer\/v2\/kicillof-y-magario-hoy-en-la-conferencia-en-la-K6IKSRDXCNFONIP4DV5PIBZ6OM.JPG?auth=fe8df0a7a7e9ad135c1d619fd3638f0f757e72a5ce6c818195706dc714f1b3d5&amp;width=780&amp;height=520&amp;quality=70&amp;smart=true\" media=\"(min-width: 768px)\" \/><img loading=\"lazy\" decoding=\"async\" class=\"image flex com-image --cover\" src=\"https:\/\/resizer.glanacion.com\/resizer\/v2\/kicillof-y-magario-hoy-en-la-conferencia-en-la-K6IKSRDXCNFONIP4DV5PIBZ6OM.JPG?auth=fe8df0a7a7e9ad135c1d619fd3638f0f757e72a5ce6c818195706dc714f1b3d5&amp;width=420&amp;height=280&amp;quality=70&amp;smart=true\" alt=\"Kicillof y Magario, hoy, en la conferencia en la que anunciaron que Buenos Aires buscar\u00e1 evitar la eventual privatizaci\u00f3n de Aerol\u00edneas Argentinas\" width=\"2000\" height=\"1333\" \/><\/picture><\/div>\n<\/div>\n<\/figure>\n<\/section>\n<\/div>\n<p class=\"com-paragraph   --s\">\u201cAnte la imposibilidad que tiene el gobierno nacional de gestionar nada queremos que se deje de mentir- dijo Kicillof-. No nos podemos dar el lujo para que liquide venda o mal venda a aerol\u00edneas. Si el gobierno plantea liquidarla que sepa que el gobierno de la provincia la va a sostener. <strong>Aerol\u00edneas no se vende: hay 21 destinos del interior a los que solo viaja la l\u00ednea de bandera. Destinos a los que llama no rentables\u201d, precis\u00f3. Y agreg\u00f3, desafiante: \u201cQuieren cerrar vuelos. Estamos en la antesala de una estafa\u201d.<\/strong><\/p>\n<p class=\"com-paragraph   --s\">\u201cHoy estamos a la espera pero prepar\u00e1ndonos para una decisi\u00f3n: la provincia de Buenos Aires empieza a explorar todos los caminos para dar una respuesta. No estamos en condiciones de que el gobierno destruya Aerol\u00edneas . No podemos atravesar un vaciamiento ni una estafa. Nosotros vamos a impedir el destrastre. La provincia tiene diferentes caminos, algunos necesita de la Legislatura\u201d, se\u00f1al\u00f3. Kicillof\u00a0<strong>cuantific\u00f3 los beneficios econ\u00f3micos para la provincia de Buenos Aires en 2665 millones de d\u00f3lares, sin contar impuestos, contribuciones y tasas.\u00a0<\/strong>Si la provincia empieza a perder vuelos esa ser\u00e1 la p\u00e9rdida para la provincia, precis\u00f3.<\/p>\n<p class=\"com-paragraph   --s\">\u201cHoy llamamos a trabajar junto con los gobernadores y los trabajadores para sacarle m\u00e1s el jugo:\u00a0<strong>la provincia de Buenos Aires tiene diez millones de pasajes,\u00a0<\/strong>tiene mucho movimiento. Es fundamental que eso no cese\u201d, dijo. El gobernador hizo el anuncio tras cumplirse nuevo aniversario de la creaci\u00f3n de la l\u00edneas de bandera el 7 de diciembre de 1950.<\/p>\n<\/div>\n<\/div>\n<\/div>\n<\/div>\n<\/section>\n<\/div>\n<\/div>\n","protected":false},"excerpt":{"rendered":"<p>El gobernador argument\u00f3 que la provincia de Buenos Aires tiene ingresos por US$2665 millones vinculados a la l\u00ednea de bandera y que cada a\u00f1o hay movimiento de diez millones de pasajes en este territorio. El gobierno de la provincia de Buenos Aires anunci\u00f3 que comprar\u00e1 acciones de Aerol\u00edneas Argentinas y convocar\u00e1 a otras provincias a &hellip;<\/p>\n","protected":false},"author":2,"featured_media":5185,"comment_status":"open","ping_status":"open","sticky":false,"template":"","format":"standard","meta":{"footnotes":""},"categories":[33,25],"tags":[817],"class_list":["post-5184","post","type-post","status-publish","format-standard","has-post-thumbnail","hentry","category-nacionales","category-politica","tag-axel-kicillof"],"_links":{"self":[{"href":"https:\/\/cafeprensa.com.ar\/index.php\/wp-json\/wp\/v2\/posts\/5184","targetHints":{"allow":["GET"]}}],"collection":[{"href":"https:\/\/cafeprensa.com.ar\/index.php\/wp-json\/wp\/v2\/posts"}],"about":[{"href":"https:\/\/cafeprensa.com.ar\/index.php\/wp-json\/wp\/v2\/types\/post"}],"author":[{"embeddable":true,"href":"https:\/\/cafeprensa.com.ar\/index.php\/wp-json\/wp\/v2\/users\/2"}],"replies":[{"embeddable":true,"href":"https:\/\/cafeprensa.com.ar\/index.php\/wp-json\/wp\/v2\/comments?post=5184"}],"version-history":[{"count":2,"href":"https:\/\/cafeprensa.com.ar\/index.php\/wp-json\/wp\/v2\/posts\/5184\/revisions"}],"predecessor-version":[{"id":5187,"href":"https:\/\/cafeprensa.com.ar\/index.php\/wp-json\/wp\/v2\/posts\/5184\/revisions\/5187"}],"wp:featuredmedia":[{"embeddable":true,"href":"https:\/\/cafeprensa.com.ar\/index.php\/wp-json\/wp\/v2\/media\/5185"}],"wp:attachment":[{"href":"https:\/\/cafeprensa.com.ar\/index.php\/wp-json\/wp\/v2\/media?parent=5184"}],"wp:term":[{"taxonomy":"category","embeddable":true,"href":"https:\/\/cafeprensa.com.ar\/index.php\/wp-json\/wp\/v2\/categories?post=5184"},{"taxonomy":"post_tag","embeddable":true,"href":"https:\/\/cafeprensa.com.ar\/index.php\/wp-json\/wp\/v2\/tags?post=5184"}],"curies":[{"name":"wp","href":"https:\/\/api.w.org\/{rel}","templated":true}]}}