{"id":5188,"date":"2024-12-10T11:21:47","date_gmt":"2024-12-10T10:21:47","guid":{"rendered":"https:\/\/cafeprensa.com.ar\/?p=5188"},"modified":"2024-12-10T11:23:21","modified_gmt":"2024-12-10T10:23:21","slug":"robo-millonario-en-una-sede-de-camioneros","status":"publish","type":"post","link":"https:\/\/cafeprensa.com.ar\/index.php\/2024\/12\/10\/robo-millonario-en-una-sede-de-camioneros\/","title":{"rendered":"Robo millonario en una sede de Camioneros"},"content":{"rendered":"<div class=\"content-article-title\">\n<div class=\"wrapper-layout center-content center_story max-width\">\n<div class=\"col-content\">\n<p class=\"article__title font__display\">Se llevaron una caja fuerte y plata en efectivo. Ocurri\u00f3 el s\u00e1bado en el Sindicato de Choferes de Camiones regional Luj\u00e1n en General Rodr\u00edguez. <strong>Fuentes policiales indicaron que se sustrajeron $20 millones, pero el Secretario General de esa delegaci\u00f3n detall\u00f3 que fueron \u201caproximadamente $9 millones\u201d.<\/strong><\/p>\n<\/div>\n<\/div>\n<\/div>\n<div class=\"common-layout wrapper-layout center-content center_story max-width story article\">\n<div class=\"col-content\">\n<div class=\"default-article-color article__body article__article\">\n<p class=\"paragraph\">Ladrones\u00a0<b>robaron millones de pesos, documentaci\u00f3n y diferentes equipos<\/b>\u00a0en la sede de\u00a0<b>General Rodr\u00edguez\u00a0<\/b>del\u00a0<b>Sindicato de Choferes de Camiones regional Luj\u00e1n<\/b>, el gremio que conduce<b>\u00a0Pablo Moyano<\/b>. \u201cSe llevaron un monto importante de dinero, documentaci\u00f3n del sindicato, chequeras, c\u00e1maras de fotos y una caja fuerte que es muy pesada\u201d, asegur\u00f3 este lunes\u00a0<b>Pablo Osuna<\/b>, secretario general de la regional Luj\u00e1n.<\/p>\n<p><img loading=\"lazy\" decoding=\"async\" class=\"alignnone wp-image-5190 size-large\" src=\"https:\/\/cafeprensa.com.ar\/wp-content\/uploads\/2024\/12\/32png-1024x576.webp\" alt=\"\" width=\"1024\" height=\"576\" srcset=\"https:\/\/cafeprensa.com.ar\/wp-content\/uploads\/2024\/12\/32png-1024x576.webp 1024w, https:\/\/cafeprensa.com.ar\/wp-content\/uploads\/2024\/12\/32png-300x169.webp 300w, https:\/\/cafeprensa.com.ar\/wp-content\/uploads\/2024\/12\/32png-768x432.webp 768w, https:\/\/cafeprensa.com.ar\/wp-content\/uploads\/2024\/12\/32png-390x220.webp 390w, https:\/\/cafeprensa.com.ar\/wp-content\/uploads\/2024\/12\/32png.webp 1200w\" sizes=\"auto, (max-width: 1024px) 100vw, 1024px\" \/><\/p>\n<p class=\"paragraph\">El robo fue denunciado a las 8 y media de la ma\u00f1ana, cuando el titular de la sede de\u00a0<b>Hip\u00f3lito Yrigoyen al 928\u00a0<\/b>lleg\u00f3 al lugar y vio que la puerta estaba forzada. La causa era investigada por la fiscal\u00eda N\u00b09 de General Rodr\u00edguez. En el parte policial figura que en una de las cajas fuertes hab\u00eda 20 millones de pesos y en la otra alrededor de 15 mil d\u00f3lares. Sin embargo, Osuna aclar\u00f3: \u201cLos montos no son reales, ten\u00edamos una suma importante, pero no esa cantidad.\u00a0<b>Era dinero de la obra social y le ten\u00edamos que dar el reintegro a nuestros afiliados<\/b>\u201d.<\/p>\n<figure class=\"\" data-testid=\"figure-testid\">\n<div class=\"aspect_ratio__container\"><picture class=\"responsive-image\"><source srcset=\"https:\/\/tn.com.ar\/resizer\/v2\/pablo-osuna-secretario-general-de-camioneros-en-general-rodrigurez-foto-tn-Q5DQ2FBGN5CJPDTKGP4EZSRDKE.png?auth=0c5cf9b5ae1d3ad9d23c395405a162374cd66e1eac1e2d104d2f85952d61d243&amp;width=767\" type=\"image\/jpg\" media=\"(max-width: 728px)\" \/><source srcset=\"https:\/\/tn.com.ar\/resizer\/v2\/pablo-osuna-secretario-general-de-camioneros-en-general-rodrigurez-foto-tn-Q5DQ2FBGN5CJPDTKGP4EZSRDKE.png?auth=0c5cf9b5ae1d3ad9d23c395405a162374cd66e1eac1e2d104d2f85952d61d243&amp;width=1023\" type=\"image\/jpg\" media=\"(max-width: 1023px)\" \/><source srcset=\"https:\/\/tn.com.ar\/resizer\/v2\/pablo-osuna-secretario-general-de-camioneros-en-general-rodrigurez-foto-tn-Q5DQ2FBGN5CJPDTKGP4EZSRDKE.png?auth=0c5cf9b5ae1d3ad9d23c395405a162374cd66e1eac1e2d104d2f85952d61d243&amp;width=1440\" type=\"image\/jpg\" \/><img loading=\"lazy\" decoding=\"async\" class=\"image content-image image_placeholder\" src=\"https:\/\/tn.com.ar\/resizer\/v2\/pablo-osuna-secretario-general-de-camioneros-en-general-rodrigurez-foto-tn-Q5DQ2FBGN5CJPDTKGP4EZSRDKE.png?auth=0c5cf9b5ae1d3ad9d23c395405a162374cd66e1eac1e2d104d2f85952d61d243&amp;width=767\" alt=\"Pablo Osuna, secretario general de Camioneros en General Rodr\u00edgurez. (Foto: TN).\" width=\"767\" height=\"487\" data-testid=\"loading-testid\" \/><\/picture><\/div><figcaption class=\"caption_image\" data-testid=\"figcaption-testid\">\n<div class=\"image_caption \"><strong>Pablo Osuna, secretario general de Camioneros en General Rodr\u00edgurez.\u00a0<\/strong><\/div>\n<\/figcaption><\/figure>\n<p class=\"paragraph\">\u201c<b>La gente va a pensar que somos todos millonarios y no es as\u00ed.\u00a0<\/b>Trabajamos de forma muy tranquila. Hab\u00eda 9 millones aproximadamente\u201d, indic\u00f3 Osuna. Y agreg\u00f3: \u201cPosiblemente,<b>\u00a0esa cifra que menciona la polic\u00eda es del total de los equipos\u00a0<\/b>que se llevaron, porque los compa\u00f1eros hacen tareas de prensa y tienen equipos fotogr\u00e1ficos costosos\u201d. \u201cEstamos intrigados con este robo porque vimos que la semana pasada\u00a0<b>pasaron dos chicos y cortaron la luz, y las c\u00e1maras dejaron de funcionar.\u00a0<\/b>El robo fue entre las 21 y las 22 (del s\u00e1bado). Lo planificaron con dos d\u00edas m\u00ednimo de anticipaci\u00f3n\u201d, asegur\u00f3.<\/p>\n<h2 class=\"font--primary font__display\">Otro robo similar en la sede de la UOM de Luj\u00e1n<\/h2>\n<p class=\"paragraph\">Lo<b>\u00a0mismo ocurri\u00f3 en una sede de la UOM<\/b>, pero en la seccional Luj\u00e1n.\u00a0Con la misma mec\u00e1nica que en el local de Camioneros, los delincuentes<b>\u00a0cortaron la luz\u00a0<\/b>y a los dos d\u00edas regresaron a robar. <strong>\u201cLa seccional permanecer\u00e1 cerrada\u201d<\/strong>, dice un cartel que colocaron en la puerta las autoridades del gremio de metal\u00fargicos. De acuerdo a la informaci\u00f3n oficial,\u00a0<b>se llevaron dinero en efectivo de una caja fuerte<\/b> -monto que no fue especificado- y documentaci\u00f3n. Los vecinos aseguran que la alarma que est\u00e1 colocada en el local no son\u00f3, y que los ladrones habr\u00edan entrado de madrugada, aprovechando que el fin de semana el lugar no estaba funcionando.<\/p>\n<\/div>\n<p>&nbsp;<\/p>\n<\/div>\n<\/div>\n","protected":false},"excerpt":{"rendered":"<p>Se llevaron una caja fuerte y plata en efectivo. Ocurri\u00f3 el s\u00e1bado en el Sindicato de Choferes de Camiones regional Luj\u00e1n en General Rodr\u00edguez. Fuentes policiales indicaron que se sustrajeron $20 millones, pero el Secretario General de esa delegaci\u00f3n detall\u00f3 que fueron \u201caproximadamente $9 millones\u201d. Ladrones\u00a0robaron millones de pesos, documentaci\u00f3n y diferentes equipos\u00a0en la sede &hellip;<\/p>\n","protected":false},"author":2,"featured_media":5189,"comment_status":"open","ping_status":"open","sticky":false,"template":"","format":"standard","meta":{"footnotes":""},"categories":[33,26],"tags":[697,1340,1341],"class_list":["post-5188","post","type-post","status-publish","format-standard","has-post-thumbnail","hentry","category-nacionales","category-policiales","tag-camioneros","tag-robo","tag-rodriguez"],"_links":{"self":[{"href":"https:\/\/cafeprensa.com.ar\/index.php\/wp-json\/wp\/v2\/posts\/5188","targetHints":{"allow":["GET"]}}],"collection":[{"href":"https:\/\/cafeprensa.com.ar\/index.php\/wp-json\/wp\/v2\/posts"}],"about":[{"href":"https:\/\/cafeprensa.com.ar\/index.php\/wp-json\/wp\/v2\/types\/post"}],"author":[{"embeddable":true,"href":"https:\/\/cafeprensa.com.ar\/index.php\/wp-json\/wp\/v2\/users\/2"}],"replies":[{"embeddable":true,"href":"https:\/\/cafeprensa.com.ar\/index.php\/wp-json\/wp\/v2\/comments?post=5188"}],"version-history":[{"count":3,"href":"https:\/\/cafeprensa.com.ar\/index.php\/wp-json\/wp\/v2\/posts\/5188\/revisions"}],"predecessor-version":[{"id":5193,"href":"https:\/\/cafeprensa.com.ar\/index.php\/wp-json\/wp\/v2\/posts\/5188\/revisions\/5193"}],"wp:featuredmedia":[{"embeddable":true,"href":"https:\/\/cafeprensa.com.ar\/index.php\/wp-json\/wp\/v2\/media\/5189"}],"wp:attachment":[{"href":"https:\/\/cafeprensa.com.ar\/index.php\/wp-json\/wp\/v2\/media?parent=5188"}],"wp:term":[{"taxonomy":"category","embeddable":true,"href":"https:\/\/cafeprensa.com.ar\/index.php\/wp-json\/wp\/v2\/categories?post=5188"},{"taxonomy":"post_tag","embeddable":true,"href":"https:\/\/cafeprensa.com.ar\/index.php\/wp-json\/wp\/v2\/tags?post=5188"}],"curies":[{"name":"wp","href":"https:\/\/api.w.org\/{rel}","templated":true}]}}