{"id":5368,"date":"2024-12-17T12:28:33","date_gmt":"2024-12-17T11:28:33","guid":{"rendered":"https:\/\/cafeprensa.com.ar\/?p=5368"},"modified":"2024-12-17T12:28:33","modified_gmt":"2024-12-17T11:28:33","slug":"cristina-kirchner-a-juicio-oral-por-la-causa-los-sauces-hotesur","status":"publish","type":"post","link":"https:\/\/cafeprensa.com.ar\/index.php\/2024\/12\/17\/cristina-kirchner-a-juicio-oral-por-la-causa-los-sauces-hotesur\/","title":{"rendered":"Cristina Kirchner a juicio oral por la causa \u201cLos Sauces-Hotesur\u201d"},"content":{"rendered":"<header class=\"article-header-wrapper\">\n<div class=\"article-header\">\n<p class=\"article-subheadline left\"><strong>El m\u00e1ximo tribunal rechaz\u00f3 las apelaciones de las defensas y confirm\u00f3 el fallo de la C\u00e1mara Federal de Casaci\u00f3n Penal, que hab\u00eda dispuesto que se haga el juicio oral. <\/strong>La\u00a0<b>Corte Suprema<\/b>\u00a0de Justicia de la Naci\u00f3n confirm\u00f3 este lunes que la ex presidenta de la Naci\u00f3n\u00a0<b>Cristina Kirchner<\/b>, su hijo y diputado nacional\u00a0<b>M\u00e1ximo Kirchner\u00a0<\/b>y otra treintena de acusados<b>\u00a0deben ir a juicio oral y p\u00fablico en la causa \u201cLos Sauces-Hotesur\u201d,\u00a0<\/b>en la que se investiga lavado dinero y asociaci\u00f3n il\u00edcita por el alquiler de hoteles y propiedades de la familia presidencial a empresarios, a cambio de negocios con el Estado.<\/p>\n<p><img loading=\"lazy\" decoding=\"async\" class=\"alignnone wp-image-5370 size-full\" src=\"https:\/\/cafeprensa.com.ar\/wp-content\/uploads\/2024\/12\/1670723820337.jpg\" alt=\"\" width=\"728\" height=\"483\" srcset=\"https:\/\/cafeprensa.com.ar\/wp-content\/uploads\/2024\/12\/1670723820337.jpg 728w, https:\/\/cafeprensa.com.ar\/wp-content\/uploads\/2024\/12\/1670723820337-300x199.jpg 300w\" sizes=\"auto, (max-width: 728px) 100vw, 728px\" \/><\/p>\n<\/div>\n<\/header>\n<article class=\"article\">\n<div class=\"body-article \">\n<p class=\"paragraph\" data-mrf-recirculation=\"Links inline\"><strong>Seg\u00fan el fallo,\u00a0el m\u00e1ximo tribunal rechaz\u00f3 las apelaciones de las defensas y as\u00ed dej\u00f3 firme el fallo de la C\u00e1mara Federal de Casaci\u00f3n Penal, que hab\u00eda revocado los sobreseimientos de los imputados y ordenado que se haga el juicio oral y p\u00fablico.<\/strong><\/p>\n<p class=\"paragraph\" data-mrf-recirculation=\"Links inline\">\u201cNo se ha demostrado un supuesto de gravedad institucional con la precisi\u00f3n y concreci\u00f3n que es dable exigir en este tipo de alegaciones, a fin de sortear la ausencia de una decisi\u00f3n definitiva o equiparable a tal. De tal modo, tambi\u00e9n respecto de este planteo el recurso carece de la fundamentaci\u00f3n aut\u00f3noma exigida por el art. 15 de la ley 48. Como tiene dicho este Tribunal, si se invoca gravedad institucional el interesado tiene una particular carga de justificaci\u00f3n Dicha carga no se ha satisfecho en el caso, en tanto el planteo no se basa en un serio y concreto razonamiento que demuestre la concurrencia de aquella circunstancia. <strong>As\u00ed, no basta afirmar gen\u00e9ricamente que acude en la especie un caso de gravedad institucional en tanto \u2018este proceso excede el inter\u00e9s individual de las personas que representamos y se proyecta sobre \u00e1mbitos de discusi\u00f3n p\u00fablica\u2019\u201d, sostuvo la resoluci\u00f3n.<\/strong><\/p>\n<p data-mrf-recirculation=\"Links inline\"><img loading=\"lazy\" decoding=\"async\" class=\"alignnone wp-image-5372 size-large\" src=\"https:\/\/cafeprensa.com.ar\/wp-content\/uploads\/2024\/12\/los-sauces--1024x687.jpg\" alt=\"\" width=\"1024\" height=\"687\" srcset=\"https:\/\/cafeprensa.com.ar\/wp-content\/uploads\/2024\/12\/los-sauces--1024x687.jpg 1024w, https:\/\/cafeprensa.com.ar\/wp-content\/uploads\/2024\/12\/los-sauces--300x201.jpg 300w, https:\/\/cafeprensa.com.ar\/wp-content\/uploads\/2024\/12\/los-sauces--768x515.jpg 768w, https:\/\/cafeprensa.com.ar\/wp-content\/uploads\/2024\/12\/los-sauces-.jpg 1270w\" sizes=\"auto, (max-width: 1024px) 100vw, 1024px\" \/><\/p>\n<p class=\"paragraph\" data-mrf-recirculation=\"Links inline\">Este es la segunda vez que en dos semanas la Corte Suprema ordena que la ex presidenta sea juzgada.\u00a0<a href=\"https:\/\/www.infobae.com\/judiciales\/2024\/12\/05\/la-corte-suprema-ordeno-que-cristina-kirchner-vaya-a-juicio-oral-por-el-memorandum-con-iran\/\" target=\"_blank\" rel=\"noopener noreferrer\" data-mrf-link=\"https:\/\/www.infobae.com\/judiciales\/2024\/12\/05\/la-corte-suprema-ordeno-que-cristina-kirchner-vaya-a-juicio-oral-por-el-memorandum-con-iran\/\">El 5 de diciembre hizo lo propio en la causa por la firma del memor\u00e1ndum de entendimiento con Ir\u00e1n<\/a>, al tiempo que confirm\u00f3 su sobreseimiento en la causa de d\u00f3lar futuro. <strong>El panorama judicial de Cristina Kirchner se completa con que la semana pasada el Tribunal Oral Federal 7 fij\u00f3 para el 6 de noviembre del a\u00f1o que viene el inicio del juicio oral por la causa de los \u201ccuadernos de la corrupci\u00f3n\u201d. Adem\u00e1s, el a\u00f1o que viene llegar\u00e1 a la Corte Suprema para que sea revisada la condena a seis a\u00f1os de prisi\u00f3n e inhabilitaci\u00f3n perpetua para ejercer cargos p\u00fablicos en el caso de la obra p\u00fablica en Santa Cruz.<\/strong><\/p>\n<p class=\"paragraph\" data-mrf-recirculation=\"Links inline\"><strong>Los Sauces y Hotesur<\/strong> son dos empresas de la familia Kirchner. En la causa se investiga un presunto lavado de dinero y asociaci\u00f3n il\u00edcita en el alquiler de los hoteles y propiedades de esas sociedades a empresarios. La imputaci\u00f3n es que los alquileres se hicieron como contraprestaci\u00f3n a las obras p\u00fablicas que sus empresas recibieron durante los gobiernos de <strong>N\u00e9stor y Cristina Kirchner.<\/strong> Junto con la ex presidenta y su hijo est\u00e1n acusados los empresarios\u00a0<b>L\u00e1zaro B\u00e1ez, Crist\u00f3bal L\u00f3pez y Fabi\u00e1n De Sousa<\/b>, entre otros.<\/p>\n<p class=\"paragraph\" data-mrf-recirculation=\"Links inline\">El caso fue enviado a juicio oral y el Tribunal Oral Federal (TOF) 5 por mayor\u00eda sobresey\u00f3 en noviembre de 2021 a todos los acusados. Esa decisi\u00f3n fue revocada en septiembre del a\u00f1o pasado por la Sala I de la C\u00e1mara de Casaci\u00f3n que orden\u00f3 hacer el juicio con la excepci\u00f3n de\u00a0<b>Florencia Kirchner<\/b>\u00a0sobre quien confirm\u00f3 el sobreseimiento.<\/p>\n<div class=\" visual__image\"><picture><source srcset=\"https:\/\/www.infobae.com\/resizer\/v2\/23NLEO34OFCHJAE4CHQKCOZSOY.jpg?auth=485d0bc7f82b5837441f659d41d898cd809334872435999005dad3818bca8103&amp;smart=true&amp;width=992&amp;height=558&amp;quality=85\" media=\"(min-width: 1000px)\" \/><source srcset=\"https:\/\/www.infobae.com\/resizer\/v2\/23NLEO34OFCHJAE4CHQKCOZSOY.jpg?auth=485d0bc7f82b5837441f659d41d898cd809334872435999005dad3818bca8103&amp;smart=true&amp;width=768&amp;height=432&amp;quality=85\" media=\"(min-width: 768px)\" \/><source srcset=\"https:\/\/www.infobae.com\/resizer\/v2\/23NLEO34OFCHJAE4CHQKCOZSOY.jpg?auth=485d0bc7f82b5837441f659d41d898cd809334872435999005dad3818bca8103&amp;smart=true&amp;width=577&amp;height=325&amp;quality=85\" media=\"(min-width: 580px)\" \/><source srcset=\"https:\/\/www.infobae.com\/resizer\/v2\/23NLEO34OFCHJAE4CHQKCOZSOY.jpg?auth=485d0bc7f82b5837441f659d41d898cd809334872435999005dad3818bca8103&amp;smart=true&amp;width=420&amp;height=236&amp;quality=85\" media=\"(min-width: 350px)\" \/><source srcset=\"https:\/\/www.infobae.com\/resizer\/v2\/23NLEO34OFCHJAE4CHQKCOZSOY.jpg?auth=485d0bc7f82b5837441f659d41d898cd809334872435999005dad3818bca8103&amp;smart=true&amp;width=350&amp;height=197&amp;quality=85\" media=\"(min-width: 80px)\" \/><img loading=\"lazy\" decoding=\"async\" class=\"global-image\" src=\"https:\/\/www.infobae.com\/resizer\/v2\/23NLEO34OFCHJAE4CHQKCOZSOY.jpg?auth=485d0bc7f82b5837441f659d41d898cd809334872435999005dad3818bca8103&amp;smart=true&amp;width=350&amp;height=197&amp;quality=85\" alt=\"Los jueces de la Corte Suprema de Justicia de la Naci\u00f3n\" width=\"1920\" height=\"1080\" \/><\/picture><em><strong>Los jueces de la Corte Suprema de Justicia de la Naci\u00f3n<\/strong><\/em><\/div>\n<p class=\"paragraph\" data-mrf-recirculation=\"Links inline\">Las defensas apelaron el fallo de Casaci\u00f3n para que sea revocado y se confirmen los sobreseimientos. Eso fue rechazado hoy por la Corte Suprema.<\/p>\n<p class=\"paragraph\" data-mrf-recirculation=\"Links inline\">Ahora el caso volver\u00e1 al TOF 5, integrado para este juicio por\u00a0<b>Adriana Palliotti, Jos\u00e9 Michilini y Nicol\u00e1s Toselli,\u00a0<\/b>para continuar el tr\u00e1mite del expediente. El fiscal del juicio,\u00a0<b>Diego Velasco<\/b>, ven\u00eda pidiendo que se reactiven las medidas de pruebas pendientes. Pero los jueces lo suspendieron hasta tanto la Corte Suprema resuelva. Con el fallo del m\u00e1ximo tribunal, la causa se volver\u00e1 a poner en marcha.<\/p>\n<p data-mrf-recirculation=\"Links inline\"><img loading=\"lazy\" decoding=\"async\" class=\"alignnone wp-image-5373 size-full\" src=\"https:\/\/cafeprensa.com.ar\/wp-content\/uploads\/2024\/12\/0000152827-1.jpg\" alt=\"\" width=\"640\" height=\"360\" srcset=\"https:\/\/cafeprensa.com.ar\/wp-content\/uploads\/2024\/12\/0000152827-1.jpg 640w, https:\/\/cafeprensa.com.ar\/wp-content\/uploads\/2024\/12\/0000152827-1-300x169.jpg 300w, https:\/\/cafeprensa.com.ar\/wp-content\/uploads\/2024\/12\/0000152827-1-390x220.jpg 390w\" sizes=\"auto, (max-width: 640px) 100vw, 640px\" \/><\/p>\n<p class=\"paragraph\" data-mrf-recirculation=\"Links inline\">As\u00ed, el tribunal oral deber\u00e1 resolver los pedidos de prueba de la Fiscal\u00eda. Entre ellas, el entrecruzamiento de llamadas de Cristina Kirchner y sus allegados con B\u00e1ez, que se hizo en la causa de la \u201cruta del dinero K\u201d. Tambi\u00e9n el contenido del celular del ex secretario de Obras P\u00fablicas\u00a0<b>Jos\u00e9 L\u00f3pez<\/b>\u00a0que fue clave en lo que se llam\u00f3 el\u00a0<b>\u201cPlan limpiar todo\u201d<\/b> en el juicio a Cristina Kirchner por la obra p\u00fablica en Santa Cruz y que fue una prueba central para la confirmaci\u00f3n de la condena a la ex presidenta. Esos mensajes revelaron comunicaciones entre la entonces presidenta, L\u00f3pez, B\u00e1ez y otros funcionarios sobre c\u00f3mo actuar con las obras que el empresario recib\u00eda para Santa Cruz. La Fiscal\u00eda tambi\u00e9n reclam\u00f3 que se realicen una serie de operativos en la municipalidad de R\u00edo Gallegos en busca de informaci\u00f3n de propiedades y que se concluyan con los peritajes ordenados en la causa.<\/p>\n<\/div>\n<\/article>\n","protected":false},"excerpt":{"rendered":"<p>El m\u00e1ximo tribunal rechaz\u00f3 las apelaciones de las defensas y confirm\u00f3 el fallo de la C\u00e1mara Federal de Casaci\u00f3n Penal, que hab\u00eda dispuesto que se haga el juicio oral. La\u00a0Corte Suprema\u00a0de Justicia de la Naci\u00f3n confirm\u00f3 este lunes que la ex presidenta de la Naci\u00f3n\u00a0Cristina Kirchner, su hijo y diputado nacional\u00a0M\u00e1ximo Kirchner\u00a0y otra treintena de &hellip;<\/p>\n","protected":false},"author":2,"featured_media":5371,"comment_status":"open","ping_status":"open","sticky":false,"template":"","format":"standard","meta":{"footnotes":""},"categories":[47,33],"tags":[1372,122,121],"class_list":["post-5368","post","type-post","status-publish","format-standard","has-post-thumbnail","hentry","category-justicia","category-nacionales","tag-los-sauces-hotesur","tag-cristina","tag-pj"],"_links":{"self":[{"href":"https:\/\/cafeprensa.com.ar\/index.php\/wp-json\/wp\/v2\/posts\/5368","targetHints":{"allow":["GET"]}}],"collection":[{"href":"https:\/\/cafeprensa.com.ar\/index.php\/wp-json\/wp\/v2\/posts"}],"about":[{"href":"https:\/\/cafeprensa.com.ar\/index.php\/wp-json\/wp\/v2\/types\/post"}],"author":[{"embeddable":true,"href":"https:\/\/cafeprensa.com.ar\/index.php\/wp-json\/wp\/v2\/users\/2"}],"replies":[{"embeddable":true,"href":"https:\/\/cafeprensa.com.ar\/index.php\/wp-json\/wp\/v2\/comments?post=5368"}],"version-history":[{"count":1,"href":"https:\/\/cafeprensa.com.ar\/index.php\/wp-json\/wp\/v2\/posts\/5368\/revisions"}],"predecessor-version":[{"id":5374,"href":"https:\/\/cafeprensa.com.ar\/index.php\/wp-json\/wp\/v2\/posts\/5368\/revisions\/5374"}],"wp:featuredmedia":[{"embeddable":true,"href":"https:\/\/cafeprensa.com.ar\/index.php\/wp-json\/wp\/v2\/media\/5371"}],"wp:attachment":[{"href":"https:\/\/cafeprensa.com.ar\/index.php\/wp-json\/wp\/v2\/media?parent=5368"}],"wp:term":[{"taxonomy":"category","embeddable":true,"href":"https:\/\/cafeprensa.com.ar\/index.php\/wp-json\/wp\/v2\/categories?post=5368"},{"taxonomy":"post_tag","embeddable":true,"href":"https:\/\/cafeprensa.com.ar\/index.php\/wp-json\/wp\/v2\/tags?post=5368"}],"curies":[{"name":"wp","href":"https:\/\/api.w.org\/{rel}","templated":true}]}}