{"id":5440,"date":"2024-12-20T11:48:12","date_gmt":"2024-12-20T10:48:12","guid":{"rendered":"https:\/\/cafeprensa.com.ar\/?p=5440"},"modified":"2024-12-20T11:48:12","modified_gmt":"2024-12-20T10:48:12","slug":"el-23-y-30-de-diciembre-la-administracion-publica-trabajara-hasta-el-mediodia","status":"publish","type":"post","link":"https:\/\/cafeprensa.com.ar\/index.php\/2024\/12\/20\/el-23-y-30-de-diciembre-la-administracion-publica-trabajara-hasta-el-mediodia\/","title":{"rendered":"El 23 y 30 de diciembre la administraci\u00f3n p\u00fablica trabajar\u00e1 hasta el mediod\u00eda"},"content":{"rendered":"<div class=\"td-post-header td-pb-padding-side\">\n<header>\n<p class=\"td-post-sub-title\">En tanto, el Primer Mandatario remarc\u00f3 que el 24 y el 31 de diciembre se decretar\u00e1 asueto administrativo. El gobernador <strong>Osvaldo Jaldo<\/strong> anunci\u00f3 este jueves, que el<strong> 24 y el 31<\/strong> de diciembre se decretar\u00e1 asueto administrativo en el marco de las celebraciones de Navidad y A\u00f1o Nuevo.<\/p>\n<\/header>\n<\/div>\n<div class=\"td-post-content td-pb-padding-side\">\n<p><strong>\u201cEl 24 y el 31 de diciembre es asueto. Y estamos dando asueto el d\u00eda 23 a partir del mediod\u00eda y el 30 a partir del mediod\u00eda\u201d<\/strong>, remarc\u00f3 el Primer Mandatario.<\/p>\n<p>La medida tiene como objetivo permitir que los empleados p\u00fablicos puedan prepararse para las festividades. <strong>\u201cLe damos la posibilidad que, el 23 y el 30, despu\u00e9s del mediod\u00eda, todos los que son empleados p\u00fablicos tengan la posibilidad tambi\u00e9n de compartir con su familia y de salir a buscar lo que van a necesitar para disfrutar la Navidad y el A\u00f1o Nuevo<\/strong>\u201d, explic\u00f3 Jaldo.<\/p>\n<p>El Gobernador tambi\u00e9n destac\u00f3 la importancia de mantener un equilibrio entre el cumplimiento de las obligaciones laborales y el bienestar del personal estatal en estas fechas especiales. <strong>\u201cEntendemos que tenemos que trabajar medio d\u00eda porque estamos en pleno pago de sueldo y la administraci\u00f3n p\u00fablica tiene que seguir atendiendo a la gente. Sin embargo, nuestros empleados tambi\u00e9n tienen familia y necesidades. Estas son fechas muy especiales\u201d<\/strong>, se\u00f1al\u00f3.<\/p>\n<\/div>\n","protected":false},"excerpt":{"rendered":"<p>En tanto, el Primer Mandatario remarc\u00f3 que el 24 y el 31 de diciembre se decretar\u00e1 asueto administrativo. El gobernador Osvaldo Jaldo anunci\u00f3 este jueves, que el 24 y el 31 de diciembre se decretar\u00e1 asueto administrativo en el marco de las celebraciones de Navidad y A\u00f1o Nuevo. \u201cEl 24 y el 31 de diciembre &hellip;<\/p>\n","protected":false},"author":2,"featured_media":5441,"comment_status":"open","ping_status":"open","sticky":false,"template":"","format":"standard","meta":{"footnotes":""},"categories":[54,34],"tags":[1387,94],"class_list":["post-5440","post","type-post","status-publish","format-standard","has-post-thumbnail","hentry","category-interes-ganeral","category-locales","tag-24-y-31-de-diciembre","tag-jaldo"],"_links":{"self":[{"href":"https:\/\/cafeprensa.com.ar\/index.php\/wp-json\/wp\/v2\/posts\/5440","targetHints":{"allow":["GET"]}}],"collection":[{"href":"https:\/\/cafeprensa.com.ar\/index.php\/wp-json\/wp\/v2\/posts"}],"about":[{"href":"https:\/\/cafeprensa.com.ar\/index.php\/wp-json\/wp\/v2\/types\/post"}],"author":[{"embeddable":true,"href":"https:\/\/cafeprensa.com.ar\/index.php\/wp-json\/wp\/v2\/users\/2"}],"replies":[{"embeddable":true,"href":"https:\/\/cafeprensa.com.ar\/index.php\/wp-json\/wp\/v2\/comments?post=5440"}],"version-history":[{"count":1,"href":"https:\/\/cafeprensa.com.ar\/index.php\/wp-json\/wp\/v2\/posts\/5440\/revisions"}],"predecessor-version":[{"id":5442,"href":"https:\/\/cafeprensa.com.ar\/index.php\/wp-json\/wp\/v2\/posts\/5440\/revisions\/5442"}],"wp:featuredmedia":[{"embeddable":true,"href":"https:\/\/cafeprensa.com.ar\/index.php\/wp-json\/wp\/v2\/media\/5441"}],"wp:attachment":[{"href":"https:\/\/cafeprensa.com.ar\/index.php\/wp-json\/wp\/v2\/media?parent=5440"}],"wp:term":[{"taxonomy":"category","embeddable":true,"href":"https:\/\/cafeprensa.com.ar\/index.php\/wp-json\/wp\/v2\/categories?post=5440"},{"taxonomy":"post_tag","embeddable":true,"href":"https:\/\/cafeprensa.com.ar\/index.php\/wp-json\/wp\/v2\/tags?post=5440"}],"curies":[{"name":"wp","href":"https:\/\/api.w.org\/{rel}","templated":true}]}}