{"id":5466,"date":"2024-12-23T11:50:23","date_gmt":"2024-12-23T10:50:23","guid":{"rendered":"https:\/\/cafeprensa.com.ar\/?p=5466"},"modified":"2024-12-23T11:50:23","modified_gmt":"2024-12-23T10:50:23","slug":"para-tristeza-de-los-mismos-de-siempre-bajo-la-deuda-publica","status":"publish","type":"post","link":"https:\/\/cafeprensa.com.ar\/index.php\/2024\/12\/23\/para-tristeza-de-los-mismos-de-siempre-bajo-la-deuda-publica\/","title":{"rendered":"\u201cPara tristeza de los mismos de siempre, baj\u00f3 la deuda p\u00fablica\u201d"},"content":{"rendered":"<p class=\"article__headline\">\u201cDurante 20 a\u00f1os nos quisieron hacer creer que no se pod\u00eda, que era imposible, que la guerra, que la crisis, que el contexto\u2026etc. Toda \u2018sarasa\u2019 de los mismos de siempre\u201d, asever\u00f3 Menem.<\/p>\n<p>El presidente de la C\u00e1mara de Diputados, <strong><a href=\"https:\/\/www.perfil.com\/noticias\/politica\/martin-menem-desembarca-en-chile-con-su-empresa-de-suplementos-dietarios.phtml%7D\" target=\"_blank\" rel=\"noopener\">Mart\u00edn Menem<\/a>, asegur\u00f3 que \u201cbaj\u00f3 la deuda p\u00fablica\u201d, a pesar de la \u201ctristeza de los mismos de siempre\u201d<\/strong>\u00a0y cit\u00f3, como fundamento, cifras relevadas por\u00a0<a href=\"https:\/\/www.perfil.com\/noticias\/canal-e\/abuso-de-emision-monetaria-el-proceso-inflacionario-en-argentina-responde-exclusivamente-al-desmadre-fiscal.phtml\" target=\"_blank\" rel=\"noopener\">Ramiro Casta\u00f1eira<\/a>, economista y asesor presidencial. <strong>Seg\u00fan Menem<\/strong>, este mensaje est\u00e1\u00a0<strong>destinado a \u201ckirchneristas y allegados\u201d<\/strong>, porque, como dice Casta\u00f1eira, \u201cel kirchnerismo aument\u00f3 la deuda p\u00fablica en 300 mil millones de d\u00f3lares\u201d.<\/p>\n<p><img loading=\"lazy\" decoding=\"async\" class=\"alignnone wp-image-5469 size-large\" src=\"https:\/\/cafeprensa.com.ar\/wp-content\/uploads\/2024\/12\/menempreparatoria4-1024x682.jpeg\" alt=\"\" width=\"1024\" height=\"682\" srcset=\"https:\/\/cafeprensa.com.ar\/wp-content\/uploads\/2024\/12\/menempreparatoria4-1024x682.jpeg 1024w, https:\/\/cafeprensa.com.ar\/wp-content\/uploads\/2024\/12\/menempreparatoria4-300x200.jpeg 300w, https:\/\/cafeprensa.com.ar\/wp-content\/uploads\/2024\/12\/menempreparatoria4-768x512.jpeg 768w, https:\/\/cafeprensa.com.ar\/wp-content\/uploads\/2024\/12\/menempreparatoria4-1536x1023.jpeg 1536w, https:\/\/cafeprensa.com.ar\/wp-content\/uploads\/2024\/12\/menempreparatoria4.jpeg 1600w\" sizes=\"auto, (max-width: 1024px) 100vw, 1024px\" \/><\/p>\n<p><strong>\u201cLa deuda p\u00fablica baj\u00f3 29 mil millones de d\u00f3lares durante el primer a\u00f1o de Javier Milei.\u00a0<\/strong>Dos d\u00e9cadas aprobando presupuestos que ped\u00edan autorizaci\u00f3n para aumentar la deuda p\u00fablica en igual magnitud por a\u00f1o\u201d, se\u00f1al\u00f3 el asesor presidencial.<\/p>\n<p>En la misma l\u00ednea, record\u00f3 que adem\u00e1s de los gobiernos de N\u00e9stor y\u00a0<a href=\"https:\/\/www.perfil.com\/noticias\/politica\/cristina-kirchner-se-refirio-al-conflicto-entre-el-gobierno-y-el-pro-golpes-sucios-en-la-argentina-de-la-derecha-farsante.phtml\" target=\"_blank\" rel=\"noopener\">Cristina Kirchner<\/a>\u00a0y el de Alberto Fern\u00e1ndez, el mandato de\u00a0<strong><a href=\"https:\/\/noticias.perfil.com\/noticias\/politica\/macri-furioso-preparando-el-portazo.phtml\" target=\"_blank\" rel=\"noopener\">Mauricio Macri<\/a><\/strong>, a trav\u00e9s de Cambiemos,\u00a0<strong>la aument\u00f3 en 60 mil millones. <\/strong>El ejercicio del periodismo profesional y cr\u00edtico es un pilar fundamental de la democracia. Por eso molesta a quienes creen ser los due\u00f1os de la verdad.<\/p>\n<p><img decoding=\"async\" src=\"https:\/\/fotos.perfil.com\/\/2024\/12\/23\/900\/0\/ramiro-castineira-tuit-20241222-1935519.png\" alt=\"Ramiro Casti\u00f1eira tuit 20241222\" \/><\/p>\n<p>\u201cDurante 20 a\u00f1os nos quisieron hacer creer que no se pod\u00eda, que era imposible, que la guerra, que la crisis, que el contexto\u2026etc.\u00a0<strong>Toda \u2018sarasa\u2019 de los mismos de siempre<\/strong>\u201d, asever\u00f3 Menem desde su cuenta de la red social X. Paralelamente, Casta\u00f1eira sostuvo que el Producto Bruto Interno (PBI) per c\u00e1pita \u201cse duplica a 15.500 d\u00f3lares\u201d y, de esa manera,\u00a0<strong>el pa\u00eds recupera \u201c32 puestos en el ranking mundial\u201d<\/strong>, luego de m\u00e1s de dos d\u00e9cadas en las que Argentina perdi\u00f3 60 escalafones.<\/p>\n<p>Para finalizar, el presidente de la C\u00e1mara Baja tom\u00f3 un concepto de Casta\u00f1eira, que apunta a las pol\u00edticas econ\u00f3micas llevadas adelante por todos los Gobiernos anteriores, y lo resalt\u00f3:\u00a0 \u201c<strong>Fue un \u2018experimento comunista\u2019 que dur\u00f3 23 a\u00f1os.<\/strong>\u00a0Nunca mejor expresado\u201d, culmin\u00f3.<\/p>\n<p><strong>Mart\u00edn Menem dijo que el oficialismo buscar\u00e1 derogar el aborto<\/strong><\/p>\n<p>Mart\u00edn Menem expres\u00f3 abiertamente su postura en contra del aborto y anunci\u00f3 que en 2025<strong>\u00a0el bloque oficialista de La Libertad Avanza intentar\u00e1 presentar un proyecto para derogar o modificar la ley de Interrupci\u00f3n Voluntaria del Embarazo<\/strong>\u00a0(<a href=\"https:\/\/www.perfil.com\/noticias\/politica\/diputados-libertad-avanza-presentaron-proyecto-derogar-ley-aborto.phtml\" target=\"_blank\" rel=\"noopener\">IVE<\/a>). Referentes de la oposici\u00f3n y otras personalidades salieron a criticar sus declaraciones.<\/p>\n<p><img loading=\"lazy\" decoding=\"async\" class=\"alignnone wp-image-5468 size-large\" src=\"https:\/\/cafeprensa.com.ar\/wp-content\/uploads\/2024\/12\/martin-menem-fue-reelegido-como-presidente-de-la-camara-de-diputados-de-la-nacion-1924516-1024x575.jpg\" alt=\"\" width=\"1024\" height=\"575\" srcset=\"https:\/\/cafeprensa.com.ar\/wp-content\/uploads\/2024\/12\/martin-menem-fue-reelegido-como-presidente-de-la-camara-de-diputados-de-la-nacion-1924516-1024x575.jpg 1024w, https:\/\/cafeprensa.com.ar\/wp-content\/uploads\/2024\/12\/martin-menem-fue-reelegido-como-presidente-de-la-camara-de-diputados-de-la-nacion-1924516-300x168.jpg 300w, https:\/\/cafeprensa.com.ar\/wp-content\/uploads\/2024\/12\/martin-menem-fue-reelegido-como-presidente-de-la-camara-de-diputados-de-la-nacion-1924516-768x431.jpg 768w, https:\/\/cafeprensa.com.ar\/wp-content\/uploads\/2024\/12\/martin-menem-fue-reelegido-como-presidente-de-la-camara-de-diputados-de-la-nacion-1924516-390x220.jpg 390w, https:\/\/cafeprensa.com.ar\/wp-content\/uploads\/2024\/12\/martin-menem-fue-reelegido-como-presidente-de-la-camara-de-diputados-de-la-nacion-1924516.jpg 1300w\" sizes=\"auto, (max-width: 1024px) 100vw, 1024px\" \/><\/p>\n<p><strong>\u00abYo soy\u00a0<em>provida<\/em>. Pa\u00f1uelo celeste, de ac\u00e1 a la China\u201d<\/strong>, manifest\u00f3 recientemente el legislador libertario al confirmar la posibilidad en di\u00e1logo con Alejandro Fantino en Neura Media.<strong> \u00abSe puede hacer. Puede haber una ley para derogar la anterior o cambiar la que est\u00e1.\u00a0Podr\u00eda ser un proyecto para el a\u00f1o que viene\u00bb,<\/strong> afirm\u00f3.<\/p>\n<p>En esa l\u00ednea, el dirigente riojano reconoci\u00f3 que<strong>\u00a0\u00abno cree que el oficialismo tenga los n\u00fameros\u00bb\u00a0<\/strong>dado a la baja cantidad de legisladores propios con los que cuenta en ambas c\u00e1maras del Congreso, pero reiter\u00f3 que \u00able gustar\u00eda la idea\u00bb de reformar la ley sancionada en 2020, durante la presidencia de Alberto Fern\u00e1ndez.<\/p>\n<p>Al dejar en claro que realizaba estas declaraciones <strong>\u00aba t\u00edtulo personal\u00bb,<\/strong> Menem respondi\u00f3 que<strong>\u00a0el Gobierno de Javier Milei \u00abya ha tocado muchos intereses\u00bb<\/strong> durante su primer a\u00f1o de mandato, al ser advertido por el periodista que \u00abpodr\u00eda ser terrible\u00bb la reacci\u00f3n social y de una parte de la opini\u00f3n p\u00fablica si se avanza sobre el tema del aborto legal. El titular de la C\u00e1mara Baja resalt\u00f3 la importancia de las elecciones legislativas de 2025 para avanzar con esta iniciativa. \u00abLa posibilidad de revertir el aborto<strong>\u00a0la tenemos en nuestras manos<\/strong>\u00ab, asegur\u00f3 al indicar que una mayor\u00eda parlamentaria le dar\u00eda al oficialismo las chances de materializar proyectos como este<\/p>\n","protected":false},"excerpt":{"rendered":"<p>\u201cDurante 20 a\u00f1os nos quisieron hacer creer que no se pod\u00eda, que era imposible, que la guerra, que la crisis, que el contexto\u2026etc. Toda \u2018sarasa\u2019 de los mismos de siempre\u201d, asever\u00f3 Menem. El presidente de la C\u00e1mara de Diputados, Mart\u00edn Menem, asegur\u00f3 que \u201cbaj\u00f3 la deuda p\u00fablica\u201d, a pesar de la \u201ctristeza de los mismos &hellip;<\/p>\n","protected":false},"author":2,"featured_media":5467,"comment_status":"open","ping_status":"open","sticky":false,"template":"","format":"standard","meta":{"footnotes":""},"categories":[33,25],"tags":[250],"class_list":["post-5466","post","type-post","status-publish","format-standard","has-post-thumbnail","hentry","category-nacionales","category-politica","tag-martin-menem"],"_links":{"self":[{"href":"https:\/\/cafeprensa.com.ar\/index.php\/wp-json\/wp\/v2\/posts\/5466","targetHints":{"allow":["GET"]}}],"collection":[{"href":"https:\/\/cafeprensa.com.ar\/index.php\/wp-json\/wp\/v2\/posts"}],"about":[{"href":"https:\/\/cafeprensa.com.ar\/index.php\/wp-json\/wp\/v2\/types\/post"}],"author":[{"embeddable":true,"href":"https:\/\/cafeprensa.com.ar\/index.php\/wp-json\/wp\/v2\/users\/2"}],"replies":[{"embeddable":true,"href":"https:\/\/cafeprensa.com.ar\/index.php\/wp-json\/wp\/v2\/comments?post=5466"}],"version-history":[{"count":1,"href":"https:\/\/cafeprensa.com.ar\/index.php\/wp-json\/wp\/v2\/posts\/5466\/revisions"}],"predecessor-version":[{"id":5470,"href":"https:\/\/cafeprensa.com.ar\/index.php\/wp-json\/wp\/v2\/posts\/5466\/revisions\/5470"}],"wp:featuredmedia":[{"embeddable":true,"href":"https:\/\/cafeprensa.com.ar\/index.php\/wp-json\/wp\/v2\/media\/5467"}],"wp:attachment":[{"href":"https:\/\/cafeprensa.com.ar\/index.php\/wp-json\/wp\/v2\/media?parent=5466"}],"wp:term":[{"taxonomy":"category","embeddable":true,"href":"https:\/\/cafeprensa.com.ar\/index.php\/wp-json\/wp\/v2\/categories?post=5466"},{"taxonomy":"post_tag","embeddable":true,"href":"https:\/\/cafeprensa.com.ar\/index.php\/wp-json\/wp\/v2\/tags?post=5466"}],"curies":[{"name":"wp","href":"https:\/\/api.w.org\/{rel}","templated":true}]}}