{"id":5477,"date":"2024-12-23T12:25:44","date_gmt":"2024-12-23T11:25:44","guid":{"rendered":"https:\/\/cafeprensa.com.ar\/?p=5477"},"modified":"2024-12-23T12:25:44","modified_gmt":"2024-12-23T11:25:44","slug":"concepcion-presos-salen-de-la-carcel-a-hacer-tareas-comunitarias","status":"publish","type":"post","link":"https:\/\/cafeprensa.com.ar\/index.php\/2024\/12\/23\/concepcion-presos-salen-de-la-carcel-a-hacer-tareas-comunitarias\/","title":{"rendered":"Concepci\u00f3n: presos salen de la c\u00e1rcel a hacer tareas comunitarias"},"content":{"rendered":"<div><b>La ma\u00f1ana del viernes en Concepci\u00f3n se torn\u00f3 inusual. Un grupo de hombres descendi\u00f3 de una combi, llevando consigo herramientas de trabajo: brochas, machetes y escobas. Sin esposas, pero custodiados por personal del Servicio Penitenciario, estos individuos generaron la curiosidad de los vecinos, quienes desde sus ventanas se preguntaban qu\u00e9 suced\u00eda.\u00a0<\/b><\/div>\n<div>Al acercarse, se enteraron de que aquellos hombres eran presos del penal local, encargados de realizar trabajos comunitarios como limpieza y desmalezamiento, una acci\u00f3n descrita como un intento de reparar el da\u00f1o causado por sus delitos. Este evento marc\u00f3 el inicio del programa Todos Trabajan (Totrar), una iniciativa impulsada por la jueza de Ejecuci\u00f3n de Concepci\u00f3n,\u00a0<b>Alicia Merched<\/b>, en colaboraci\u00f3n con el Servicio Penitenciario.<\/div>\n<div><img loading=\"lazy\" decoding=\"async\" class=\"alignnone wp-image-5478 size-large\" src=\"https:\/\/cafeprensa.com.ar\/wp-content\/uploads\/2024\/12\/avance-jueza-merched-logro-se-dictaran-talleres-carcel-903509-221322-1024x672.jpg\" alt=\"\" width=\"1024\" height=\"672\" srcset=\"https:\/\/cafeprensa.com.ar\/wp-content\/uploads\/2024\/12\/avance-jueza-merched-logro-se-dictaran-talleres-carcel-903509-221322-1024x672.jpg 1024w, https:\/\/cafeprensa.com.ar\/wp-content\/uploads\/2024\/12\/avance-jueza-merched-logro-se-dictaran-talleres-carcel-903509-221322-300x197.jpg 300w, https:\/\/cafeprensa.com.ar\/wp-content\/uploads\/2024\/12\/avance-jueza-merched-logro-se-dictaran-talleres-carcel-903509-221322-768x504.jpg 768w, https:\/\/cafeprensa.com.ar\/wp-content\/uploads\/2024\/12\/avance-jueza-merched-logro-se-dictaran-talleres-carcel-903509-221322.jpg 1500w\" sizes=\"auto, (max-width: 1024px) 100vw, 1024px\" \/><\/div>\n<div>Merched explic\u00f3 que el objetivo es involucrar a todos los internos en actividades laborales, eliminando as\u00ed el ocio que caracteriza a las c\u00e1rceles y buscando una autosustentabilidad econ\u00f3mica en los penales. Esta propuesta se divide en dos componentes: <strong>ofrecer servicios gratuitos a la comunidad a trav\u00e9s de municipios y, por otro lado, capacitar a los internos para que puedan acceder a empleos en el sector privado.\u00a0<\/strong><\/div>\n<div>La jueza es reconocida por su labor en el sistema penitenciario, siendo responsable de denunciar el tr\u00e1fico de drogas en el penal y de promover la formaci\u00f3n de cooperativas de trabajo para los internos. Su designaci\u00f3n por parte de la Corte Suprema de Justicia para supervisar las condiciones carcelarias y las obras en los penales muestra la confianza en su capacidad para llevar adelante estos cambios.<\/div>\n<div><strong>\u00abNo hay tiempos para celebrar convenios; decidimos actuar de inmediato\u00bb,<\/strong> afirm\u00f3 Merched, refiri\u00e9ndose al inicio del programa en Concepci\u00f3n, con planes de expansi\u00f3n a otras localidades.<\/div>\n<div>No todos los internos pueden participar en Totrar. En esta primera fase, est\u00e1n incluidos aquellos que est\u00e1n cerca de cumplir su condena y que han demostrado buen comportamiento. Los trabajos asignados abarcan el mantenimiento de escuelas y otras instituciones p\u00fablicas, un aporte que podr\u00eda aliviar los problemas recurrentes que surgen con el inicio del ciclo escolar.<\/div>\n<div><b>La jueza tambi\u00e9n abord\u00f3 inquietudes sobre la seguridad, confirmando que el Servicio Penitenciario estar\u00e1 presente durante estas actividades, con la posibilidad de sumar a la polic\u00eda provincial y vig\u00edas municipales en el futuro.\u00a0<\/b><\/div>\n<div><img loading=\"lazy\" decoding=\"async\" class=\"alignnone wp-image-5479 size-full\" src=\"https:\/\/cafeprensa.com.ar\/wp-content\/uploads\/2024\/12\/600x400_766892_20180409011154.webp\" alt=\"\" width=\"600\" height=\"400\" srcset=\"https:\/\/cafeprensa.com.ar\/wp-content\/uploads\/2024\/12\/600x400_766892_20180409011154.webp 600w, https:\/\/cafeprensa.com.ar\/wp-content\/uploads\/2024\/12\/600x400_766892_20180409011154-300x200.webp 300w\" sizes=\"auto, (max-width: 600px) 100vw, 600px\" \/><\/div>\n<div>El ambicioso plan contempla la creaci\u00f3n de talleres de formaci\u00f3n en diversas habilidades, como instalaci\u00f3n de aire acondicionado, electricidad, plomer\u00eda y alba\u00f1iler\u00eda, con el fin de dotar a los internos de herramientas para su reinserci\u00f3n laboral en el \u00e1mbito privado.<\/div>\n<div>Merched subray\u00f3 que esta capacitaci\u00f3n podr\u00eda abrir nuevas oportunidades para los internos, contribuyendo a su futuro una vez recuperada su libertad. Asimismo, se prev\u00e9 un sistema de distribuci\u00f3n de ingresos para aquellos que participen del programa, donde una parte de lo que ganen ser\u00e1 destinada al Servicio Penitenciario y el resto dividido entre el interno y una cuenta de ahorros que solo podr\u00e1 ser accedida tras su liberaci\u00f3n.<\/div>\n<div>Con la implementaci\u00f3n de Totrar, tambi\u00e9n se ha proyectado un programa a\u00fan m\u00e1s ambicioso llamado Reintegraci\u00f3n y Reparaci\u00f3n Social (RRS), que busca crear un equipo multidisciplinario para evaluar las necesidades de la poblaci\u00f3n carcelaria y establecer conexiones con organizaciones sociales y autoridades locales.<\/div>\n<div>La jueza Merched argument\u00f3 que la iniciativa responde a una necesidad de cambio en el enfoque del sistema penal. Afirm\u00f3 que no basta con imponer largas condenas; los condenados tambi\u00e9n deben ser dotados de herramientas que les permitan reparar el da\u00f1o causado y evitar la reincidencia. \u00abCon un trabajo, no solo se ocupa la mente del interno, sino que se le muestra un camino alternativo para ganarse la vida\u00bb, reflexion\u00f3.<\/div>\n<div>Reconociendo la singularidad de esta propuesta a nivel provincial y nacional, Merched expres\u00f3 su deseo de que el programa se consolide y se transforme en ley, posicionando a Tucum\u00e1n como pionera en la implementaci\u00f3n de un modelo que promueva tanto la autosustentabilidad de las c\u00e1rceles como la reinserci\u00f3n social de los internos. Su visi\u00f3n se alinea con los principios del gobernador\u00a0<b>Osvaldo Jaldo<\/b>\u00a0y la ministra\u00a0<b>Patricia Bullrich<\/b>, quienes abogan por un sistema que garantice que los que cometen delitos asuman la responsabilidad de sus acciones.<\/div>\n<div><b>En este contexto, la jueza concluy\u00f3 que este programa representa una oportunidad para que los detenidos puedan transformar su situaci\u00f3n.<\/b><\/div>\n","protected":false},"excerpt":{"rendered":"<p>La ma\u00f1ana del viernes en Concepci\u00f3n se torn\u00f3 inusual. Un grupo de hombres descendi\u00f3 de una combi, llevando consigo herramientas de trabajo: brochas, machetes y escobas. Sin esposas, pero custodiados por personal del Servicio Penitenciario, estos individuos generaron la curiosidad de los vecinos, quienes desde sus ventanas se preguntaban qu\u00e9 suced\u00eda.\u00a0 Al acercarse, se enteraron &hellip;<\/p>\n","protected":false},"author":2,"featured_media":5480,"comment_status":"open","ping_status":"open","sticky":false,"template":"","format":"standard","meta":{"footnotes":""},"categories":[54,34],"tags":[379,1395],"class_list":["post-5477","post","type-post","status-publish","format-standard","has-post-thumbnail","hentry","category-interes-ganeral","category-locales","tag-concepcion","tag-presos"],"_links":{"self":[{"href":"https:\/\/cafeprensa.com.ar\/index.php\/wp-json\/wp\/v2\/posts\/5477","targetHints":{"allow":["GET"]}}],"collection":[{"href":"https:\/\/cafeprensa.com.ar\/index.php\/wp-json\/wp\/v2\/posts"}],"about":[{"href":"https:\/\/cafeprensa.com.ar\/index.php\/wp-json\/wp\/v2\/types\/post"}],"author":[{"embeddable":true,"href":"https:\/\/cafeprensa.com.ar\/index.php\/wp-json\/wp\/v2\/users\/2"}],"replies":[{"embeddable":true,"href":"https:\/\/cafeprensa.com.ar\/index.php\/wp-json\/wp\/v2\/comments?post=5477"}],"version-history":[{"count":1,"href":"https:\/\/cafeprensa.com.ar\/index.php\/wp-json\/wp\/v2\/posts\/5477\/revisions"}],"predecessor-version":[{"id":5481,"href":"https:\/\/cafeprensa.com.ar\/index.php\/wp-json\/wp\/v2\/posts\/5477\/revisions\/5481"}],"wp:featuredmedia":[{"embeddable":true,"href":"https:\/\/cafeprensa.com.ar\/index.php\/wp-json\/wp\/v2\/media\/5480"}],"wp:attachment":[{"href":"https:\/\/cafeprensa.com.ar\/index.php\/wp-json\/wp\/v2\/media?parent=5477"}],"wp:term":[{"taxonomy":"category","embeddable":true,"href":"https:\/\/cafeprensa.com.ar\/index.php\/wp-json\/wp\/v2\/categories?post=5477"},{"taxonomy":"post_tag","embeddable":true,"href":"https:\/\/cafeprensa.com.ar\/index.php\/wp-json\/wp\/v2\/tags?post=5477"}],"curies":[{"name":"wp","href":"https:\/\/api.w.org\/{rel}","templated":true}]}}