{"id":5523,"date":"2024-12-27T11:16:36","date_gmt":"2024-12-27T10:16:36","guid":{"rendered":"https:\/\/cafeprensa.com.ar\/?p=5523"},"modified":"2024-12-27T11:18:14","modified_gmt":"2024-12-27T10:18:14","slug":"la-provincia-avanza-con-la-reparacion-definitiva-del-dique-celestino-gelsi","status":"publish","type":"post","link":"https:\/\/cafeprensa.com.ar\/index.php\/2024\/12\/27\/la-provincia-avanza-con-la-reparacion-definitiva-del-dique-celestino-gelsi\/","title":{"rendered":"La Provincia avanza con la reparaci\u00f3n definitiva del dique Celestino Gelsi"},"content":{"rendered":"<div class=\"td-post-header td-pb-padding-side\"><span style=\"font-size: 12pt; font-weight: bold;\">Se gestion\u00f3 un incremento del cr\u00e9dito presupuestario para la Direcci\u00f3n Provincial del Agua (DPV), destinado a estos trabajos, por la suma $7.410.000.000.<\/span><\/div>\n<div class=\"td-post-content td-pb-padding-side\">\n<p>El interventor del Ente \u00fanico de Control y Regulaci\u00f3n de los Servicios P\u00fablicos de Tucum\u00e1n (ERSEPT),\u00a0<strong>Jos\u00e9 Asc\u00e1rate<\/strong>, inform\u00f3 ayer en una conferencia de prensa que el Gobierno de la Provincia avanzar\u00e1 con la reparaci\u00f3n total de las filtraciones de la Presa Lateral N\u00b0 3 del Complejo Celestino Gelsi.<\/p>\n<p><img loading=\"lazy\" decoding=\"async\" class=\"alignnone wp-image-5525 size-large\" src=\"https:\/\/cafeprensa.com.ar\/wp-content\/uploads\/2024\/12\/la-provincia-avanza-con-la-reparacion-definitiva-del-dique-celestino-gelsi-1024x664.webp\" alt=\"\" width=\"1024\" height=\"664\" srcset=\"https:\/\/cafeprensa.com.ar\/wp-content\/uploads\/2024\/12\/la-provincia-avanza-con-la-reparacion-definitiva-del-dique-celestino-gelsi-1024x664.webp 1024w, https:\/\/cafeprensa.com.ar\/wp-content\/uploads\/2024\/12\/la-provincia-avanza-con-la-reparacion-definitiva-del-dique-celestino-gelsi-300x195.webp 300w, https:\/\/cafeprensa.com.ar\/wp-content\/uploads\/2024\/12\/la-provincia-avanza-con-la-reparacion-definitiva-del-dique-celestino-gelsi-768x498.webp 768w, https:\/\/cafeprensa.com.ar\/wp-content\/uploads\/2024\/12\/la-provincia-avanza-con-la-reparacion-definitiva-del-dique-celestino-gelsi-1536x996.webp 1536w, https:\/\/cafeprensa.com.ar\/wp-content\/uploads\/2024\/12\/la-provincia-avanza-con-la-reparacion-definitiva-del-dique-celestino-gelsi.webp 1920w\" sizes=\"auto, (max-width: 1024px) 100vw, 1024px\" \/><\/p>\n<p>Con ese objetivo se gestion\u00f3 un incremento del cr\u00e9dito presupuestario para la Direcci\u00f3n Provincial del Agua (DPV), destinado a estos trabajos identificados como \u201cObra N\u00b0 54\u201d, por la suma $7.410.000.000, publicado en el Decreto N\u00b0 4.066\/3, y el posterior cotejo de precios de las empresas oferentes.<\/p>\n<p><strong>Con las primeras tareas realizadas en la presa 3, a principios del 2023, \u201cse logr\u00f3 rellenar el 50% de barrenos realizados y con esto se logr\u00f3 que el volumen de filtraciones baje a menos de 2 litros por segundo, reduciendo a un tercio de lo que se consideran filtraciones admisibles o razonables\u201d, explic\u00f3 Asc\u00e1rate.\u00a0<\/strong><\/p>\n<p>En esa l\u00ednea, el ingeniero indic\u00f3, sobre los fondos destinados a la segunda etapa de la obra, que \u201cla Provincia debe tratar de completar el volumen total de barrenos inyectados, por lo que se ha previsto un fondo adecuado para poder concluir con el relleno total; adem\u00e1s, se har\u00e1 un cotejo de precios, como se hace normalmente para obtener la mejor oferta\u201d.<\/p>\n<figure class=\"block-editor-block-list__block wp-block wp-block-image\"><img decoding=\"async\" class=\"td-animation-stack-type0-2\" src=\"https:\/\/www.comunicaciontucuman.gob.ar\/fotos\/notas\/2024\/12\/26\/241226151228_79149.jpeg\" \/><\/figure>\n<p><em>Sin los trabajos realizados, que disminuyeron el 50% de las filtraciones, no se\u00a0hubiera alcanzado la cota 604.<\/em><\/p>\n<p>Respecto al presupuesto invertido en la reparaci\u00f3n de la presa, Asc\u00e1rate explic\u00f3 que el Poder Ejecutivo <strong>\u201crecuper\u00f3 cada peso que gast\u00f3\u201d, debido a que el proceso est\u00e1 judicializado por la Fiscal\u00eda de Estado provincial \u201c<\/strong>por lo que se retiene en origen y embarga los fondos que ingresan en la cuenta de Hidroel\u00e9ctrica Tucum\u00e1n\u201d, la firma a cargo de la operaci\u00f3n del dique.<\/p>\n<p>Asimismo, el interventor del ERSEPT inform\u00f3 que la industria no vio perjudicado el abastecimiento de agua \u201cgracias a la autorizaci\u00f3n de llevar la cota a 604 del Informe del consultor Nacional del ORSEP, que permite que un gran volumen de embalse pueda ser destinado para uso industrial\u201d.<\/p>\n<p>En ese sentido, record\u00f3 que El Cadillal provee por medio del canal matriz a toda la zona agroindustrial del este tucumano, que va desde la zona sur de Burruyac\u00fa hasta el norte de Leales. <strong>\u201cAh\u00ed est\u00e1n los ingenios que producen la mayor cantidad de alcohol en Tucum\u00e1n, la principal producci\u00f3n azucarera y que hubieran quedado sin agua si baj\u00e1bamos a la cota 601 como surg\u00eda de informes anteriores del ingeniero Roger Bremen\u201d.\u00a0<\/strong>Una vez concluidas las reparaciones totales de la presa 3, \u201cla cota podr\u00eda llevarse a 607,5 que es la del vertedero de seguridad (embudo del dique Celestino Gelsi)\u201d, concluy\u00f3 Asc\u00e1rate.<\/p>\n<\/div>\n","protected":false},"excerpt":{"rendered":"<p>Se gestion\u00f3 un incremento del cr\u00e9dito presupuestario para la Direcci\u00f3n Provincial del Agua (DPV), destinado a estos trabajos, por la suma $7.410.000.000. El interventor del Ente \u00fanico de Control y Regulaci\u00f3n de los Servicios P\u00fablicos de Tucum\u00e1n (ERSEPT),\u00a0Jos\u00e9 Asc\u00e1rate, inform\u00f3 ayer en una conferencia de prensa que el Gobierno de la Provincia avanzar\u00e1 con la &hellip;<\/p>\n","protected":false},"author":2,"featured_media":5524,"comment_status":"open","ping_status":"open","sticky":false,"template":"","format":"standard","meta":{"footnotes":""},"categories":[54,34],"tags":[1401,116],"class_list":["post-5523","post","type-post","status-publish","format-standard","has-post-thumbnail","hentry","category-interes-ganeral","category-locales","tag-direccion-provincial-del-agua","tag-el-cadillal"],"_links":{"self":[{"href":"https:\/\/cafeprensa.com.ar\/index.php\/wp-json\/wp\/v2\/posts\/5523","targetHints":{"allow":["GET"]}}],"collection":[{"href":"https:\/\/cafeprensa.com.ar\/index.php\/wp-json\/wp\/v2\/posts"}],"about":[{"href":"https:\/\/cafeprensa.com.ar\/index.php\/wp-json\/wp\/v2\/types\/post"}],"author":[{"embeddable":true,"href":"https:\/\/cafeprensa.com.ar\/index.php\/wp-json\/wp\/v2\/users\/2"}],"replies":[{"embeddable":true,"href":"https:\/\/cafeprensa.com.ar\/index.php\/wp-json\/wp\/v2\/comments?post=5523"}],"version-history":[{"count":3,"href":"https:\/\/cafeprensa.com.ar\/index.php\/wp-json\/wp\/v2\/posts\/5523\/revisions"}],"predecessor-version":[{"id":5528,"href":"https:\/\/cafeprensa.com.ar\/index.php\/wp-json\/wp\/v2\/posts\/5523\/revisions\/5528"}],"wp:featuredmedia":[{"embeddable":true,"href":"https:\/\/cafeprensa.com.ar\/index.php\/wp-json\/wp\/v2\/media\/5524"}],"wp:attachment":[{"href":"https:\/\/cafeprensa.com.ar\/index.php\/wp-json\/wp\/v2\/media?parent=5523"}],"wp:term":[{"taxonomy":"category","embeddable":true,"href":"https:\/\/cafeprensa.com.ar\/index.php\/wp-json\/wp\/v2\/categories?post=5523"},{"taxonomy":"post_tag","embeddable":true,"href":"https:\/\/cafeprensa.com.ar\/index.php\/wp-json\/wp\/v2\/tags?post=5523"}],"curies":[{"name":"wp","href":"https:\/\/api.w.org\/{rel}","templated":true}]}}