{"id":5567,"date":"2024-12-29T15:24:33","date_gmt":"2024-12-29T14:24:33","guid":{"rendered":"https:\/\/cafeprensa.com.ar\/?p=5567"},"modified":"2024-12-29T15:24:33","modified_gmt":"2024-12-29T14:24:33","slug":"el-anses-analiza-denunciar-a-cfk","status":"publish","type":"post","link":"https:\/\/cafeprensa.com.ar\/index.php\/2024\/12\/29\/el-anses-analiza-denunciar-a-cfk\/","title":{"rendered":"El Anses analiza denunciar a CFK"},"content":{"rendered":"<div class=\"td-post-header td-pb-padding-side\">\n<header>\n<p class=\"entry-title\">Por el plus que cobraba de jubilaci\u00f3n por radicar su domicilio en Santa Cruz. El organismo espera una respuesta de la Procuraci\u00f3n del Tesoro para terminar de aceitar los mecanismos por el que exigir\u00e1 la devoluci\u00f3n del dinero. No se descarta una acci\u00f3n de recupero por el fuero de la seguridad social.<\/p>\n<\/header>\n<\/div>\n<div class=\"td-post-content td-pb-padding-side\">\n<p>La Administraci\u00f3n Nacional de Seguridad Social (<b>ANSES<\/b>) junto con la Procuraci\u00f3n del Tesoro (los abogados del Estado) eval\u00faan alternativas para que\u00a0<b>Cristina Kirchner\u00a0<\/b>devuelva el plus de su jubilaci\u00f3n de privilegio por zona\u00a0<b>\u201cdesfavorable\u201d<\/b>, lo que le otorgaba un extra de<b>\u00a0$5.960.860<\/b>\u00a0por supuestamente vivir en R\u00edo Gallegos cuando ella resid\u00eda en la Ciudad Aut\u00f3noma de Buenos Aires.<\/p>\n<p><b>E<\/b>l organismo que dirige Mariano de los Heros eval\u00faa dos opciones para intentar recuperar el dinero: iniciar una\u00a0<b>acci\u00f3n de recupero<\/b>\u00a0o\u00a0<b>denunciar penalmente a Cristina Kirchner<\/b>\u00a0para que esa acusaci\u00f3n se suma al expediente ya abierto en la Justicia.<\/p>\n<p>Es que luego de que la ANSES inform\u00f3 sobre esta irregularidad en el cobro de la zona austral, pese a vivir en CABA, la Fundaci\u00f3n Apolo denunci\u00f3 a Cristina Kirchner por fraude en\u00a0<b>perjuicio de la administraci\u00f3n p\u00fablica<\/b> en una causa que tiene el juez Ariel Lijo y el fiscal Gerardo Pollicita. El expediente intenta determinar si exiti\u00f3 una defraudaci\u00f3n al erario p\u00fablico al haber cobrado esta \u201cbonificaci\u00f3n\u201d millonaria. De esta manera, la eventual denuncia de la ANSES se sumar\u00eda a la causa ya abierta.<\/p>\n<figure class=\"block-editor-block-list__block wp-block wp-block-image\"><img decoding=\"async\" class=\"td-animation-stack-type0-2\" src=\"https:\/\/tn.com.ar\/resizer\/v2\/la-anses-analiza-denunciar-a-cristina-kirchner-por-el-plus-de-6-millones-en-su-jubilacion-por-zona-austral-foto-agustina-ribo-NM7TUGD2XVGRVFIQFGBS25KI6A.JPG?auth=507f58e50b1988c5e0fbf8b04adc84735807920da5e9c109bc9314224c86ef56&amp;width=1440\" alt=\"La ANSES analiza denunciar a Cristina Kirchner por el plus de $6 millones en su jubilaci\u00f3n por zona austral (Foto Agustina Ribo).\" \/><figcaption><span style=\"font-size: 8pt;\"><strong>La ANSES analiza denunciar a Cristina Kirchner por el plus de $6 millones en su jubilaci\u00f3n por zona austral (Foto Agustina Ribo).<\/strong><\/span><\/figcaption><\/figure>\n<p><strong>La ANSES analiza denunciar a Cristina Kirchner por el plus de $6 millones en su jubilaci\u00f3n por zona austral<\/strong><\/p>\n<p>Semanas atr\u00e1s, la ANSES le hab\u00eda enviado una nota formal a la Procuraci\u00f3n del Tesoro para que opinara sobre c\u00f3mo se podr\u00eda llevar adelante el procedimiento de recupero de un dinero que el organismo de De El Heros considera que estuvo\u00a0<b>\u201cmal pago\u201d<\/b>. La respuesta a\u00fan no lleg\u00f3 aunque se espera que est\u00e9 lista a mediados de enero. \u201cImaginamos avanzar con la denuncia a principios de febrero, cuando abran los tribunales tras la feria\u201d, sostuvo una fuente oficial.<\/p>\n<p>A esta posible demanda, se le suma que en noviembre, a trav\u00e9s de la resoluci\u00f3n 1092\/2024, la Administraci\u00f3n Nacional de Seguridad Social (<b>ANSES<\/b>) oficializ\u00f3 la\u00a0<b>baja de la jubilaci\u00f3n de privilegio<\/b><b>\u00a0<\/b>de\u00a0<b>Cristina Kirchner<\/b>\u00a0como as\u00ed tambi\u00e9n la pensi\u00f3n correspondiente a su fallecido esposo, el expresidente N\u00e9stor Kirchner, lo que provoc\u00f3 que interpusiera un recurso apelativo de nulidad que el organismo a\u00fan debe responder. Esto se produjo luego de que la C\u00e1mara de Casaci\u00f3n confirm\u00f3 la condena contra la exvicepresidenta por el caso Vialidad a seis a\u00f1os de prisi\u00f3n.<\/p>\n<p>En paralelo, la ANSES a\u00fan no descarta iniciar una acci\u00f3n de recupero del dinero en el fuero de la seguridad social, aunque a\u00fan no est\u00e1 claro a partir de qu\u00e9 momento exigir\u00e1 la devoluci\u00f3n de las sumas. Uno es reclamar la devoluci\u00f3n del plus por zona desfavorable\u00a0<b>desde la sentencia de la C\u00e1mara Federal de Casaci\u00f3n Penal,\u00a0<\/b>que confirm\u00f3 la condena a seis a\u00f1os de prisi\u00f3n e inhabilitaci\u00f3n perpetua para ejercer cargos p\u00fablicos en el caso Vialidad, lo que ocurri\u00f3 el pasado 13 de noviembre, por lo que en ese eventual panorama solo se reclamar\u00edan los casi $6 millones que cobr\u00f3 en noviembre.<\/p>\n<figure class=\"block-editor-block-list__block wp-block wp-block-image\"><img decoding=\"async\" class=\"td-animation-stack-type0-2\" src=\"https:\/\/tn.com.ar\/resizer\/v2\/el-titular-de-la-anses-mariano-de-los-heros-foto-anses-BVMFZ754CZFJHKUXMKI7ZQXBXY.jpg?auth=147666708bde174df35150edb8dc4f88a52125391c5892ec84300e7bc1b3001e&amp;width=1440\" alt=\"El titular de la ANSES Mariano de los Heros. (Foto: ANSES)\" \/><figcaption><span style=\"font-size: 8pt;\"><strong>El titular de la ANSES Mariano de los Heros.\u00a0<\/strong><\/span><\/figcaption><\/figure>\n<p>Pero tambi\u00e9n se explora que el reclamo por la devoluci\u00f3n del dinero contemple todos aquellos pagos que se hayan realizado\u00a0<b>a partir del momento en que se cometi\u00f3 el delito<\/b>\u00a0por el que se dict\u00f3 la sentencia, es decir, desde el instante en que\u00a0<b>Vialidad\u00a0<\/b>comenz\u00f3 a asignar millonarios fondos para las obras que luego se le otorgaban al empresario L\u00e1zaro B\u00e1ez. Eso ocurri\u00f3 en 2009, ya que para la Justicia Cristina Kirchner llev\u00f3 adelante la maniobra a trav\u00e9s del decreto 54\/2009.<\/p>\n<p>Este medio pudo saber que las autoridades de la ANSES analizan ir por esta \u00faltima opci\u00f3n, es decir, pedir que Cristina Kirchner devuelva este plus desde la primera jubilaci\u00f3n de privilegio que percibi\u00f3 en 2016. La extitular del Senado recib\u00eda la jubilaci\u00f3n de privilegio como expresidenta, pero adem\u00e1s la pensi\u00f3n por viuda de N\u00e9stor Kirchner, lo que arrojaba un total de\u00a0<b>$35.255.297 en bruto<\/b>. Pero adem\u00e1s, casi $6 millones por el concepto de zona desfavorable.<\/p>\n<p><strong>S<\/strong><b>olo en 2024 Cristina Kirchner cobr\u00f3 unos $65 millones<\/b>\u00a0por zona desfavorable. Es dinero que el Estado ahora podr\u00eda reclamar que se le devuelva.<\/p>\n<p>Mientras tanto contin\u00faa vigente la decisi\u00f3n de ANSES de dar de baja ambas jubilaciones de privilegio con el argumento de que existe una incompatibilidad, dado que \u201cla finalidad de las asignaciones oportunamente otorgadas a favor de la titular, ya sean directas o derivadas,\u00a0<b>devienen jur\u00eddicamente incompatibles para quien haya cometido un delito<\/b>\u00a0en ejercicio de la misma funci\u00f3n p\u00fablica por la cual ha accedido a dicha asignaci\u00f3n de privilegio y en perjuicio del Estado Nacional\u201d.<\/p>\n<p>A trav\u00e9s de un recurso administrativo, <strong>el abogado de Cristina Kirchner, Facundo Fern\u00e1ndez Pastor<\/strong>, calific\u00f3 la quita de las jubilaciones como un error material y pidi\u00f3 su restituci\u00f3n. Ahora la propia ANSES deber\u00e1 emitir una respuesta al planteo y si la exvice queda disconforme -tal como se espera- podr\u00e1 ir a la Justicia.<\/p>\n<p>En la jubilaci\u00f3n como expresidenta, Cristina Kirchner cobra un total de\u00a0<b>$2.663.887\u00a0<\/b>como \u201cbonificaci\u00f3n zona austral\u201d mientras que en la pensi\u00f3n por viudez esa cifra asciende a los\u00a0<b>$3.296.973<\/b>.<\/p>\n<\/div>\n","protected":false},"excerpt":{"rendered":"<p>Por el plus que cobraba de jubilaci\u00f3n por radicar su domicilio en Santa Cruz. El organismo espera una respuesta de la Procuraci\u00f3n del Tesoro para terminar de aceitar los mecanismos por el que exigir\u00e1 la devoluci\u00f3n del dinero. No se descarta una acci\u00f3n de recupero por el fuero de la seguridad social. La Administraci\u00f3n Nacional &hellip;<\/p>\n","protected":false},"author":2,"featured_media":5568,"comment_status":"open","ping_status":"open","sticky":false,"template":"","format":"standard","meta":{"footnotes":""},"categories":[54,33],"tags":[50,251],"class_list":["post-5567","post","type-post","status-publish","format-standard","has-post-thumbnail","hentry","category-interes-ganeral","category-nacionales","tag-anses","tag-cristina-kirchner"],"_links":{"self":[{"href":"https:\/\/cafeprensa.com.ar\/index.php\/wp-json\/wp\/v2\/posts\/5567","targetHints":{"allow":["GET"]}}],"collection":[{"href":"https:\/\/cafeprensa.com.ar\/index.php\/wp-json\/wp\/v2\/posts"}],"about":[{"href":"https:\/\/cafeprensa.com.ar\/index.php\/wp-json\/wp\/v2\/types\/post"}],"author":[{"embeddable":true,"href":"https:\/\/cafeprensa.com.ar\/index.php\/wp-json\/wp\/v2\/users\/2"}],"replies":[{"embeddable":true,"href":"https:\/\/cafeprensa.com.ar\/index.php\/wp-json\/wp\/v2\/comments?post=5567"}],"version-history":[{"count":1,"href":"https:\/\/cafeprensa.com.ar\/index.php\/wp-json\/wp\/v2\/posts\/5567\/revisions"}],"predecessor-version":[{"id":5569,"href":"https:\/\/cafeprensa.com.ar\/index.php\/wp-json\/wp\/v2\/posts\/5567\/revisions\/5569"}],"wp:featuredmedia":[{"embeddable":true,"href":"https:\/\/cafeprensa.com.ar\/index.php\/wp-json\/wp\/v2\/media\/5568"}],"wp:attachment":[{"href":"https:\/\/cafeprensa.com.ar\/index.php\/wp-json\/wp\/v2\/media?parent=5567"}],"wp:term":[{"taxonomy":"category","embeddable":true,"href":"https:\/\/cafeprensa.com.ar\/index.php\/wp-json\/wp\/v2\/categories?post=5567"},{"taxonomy":"post_tag","embeddable":true,"href":"https:\/\/cafeprensa.com.ar\/index.php\/wp-json\/wp\/v2\/tags?post=5567"}],"curies":[{"name":"wp","href":"https:\/\/api.w.org\/{rel}","templated":true}]}}