{"id":5634,"date":"2025-01-02T13:49:02","date_gmt":"2025-01-02T12:49:02","guid":{"rendered":"https:\/\/cafeprensa.com.ar\/?p=5634"},"modified":"2025-01-02T13:49:02","modified_gmt":"2025-01-02T12:49:02","slug":"maxima-zorreguieta-de-vacaciones-en-la-patagonia","status":"publish","type":"post","link":"https:\/\/cafeprensa.com.ar\/index.php\/2025\/01\/02\/maxima-zorreguieta-de-vacaciones-en-la-patagonia\/","title":{"rendered":"M\u00e1xima Zorreguieta, De vacaciones en la Patagonia"},"content":{"rendered":"<header class=\"news__header\">\n<p class=\"news__title\">Sac\u00f3 a pasear a su perro e hizo una curiosa compra. La reina consorte de los Pa\u00edses Bajos se mostr\u00f3 disfrutando del centro de Villa La Angostura.<\/p>\n<\/header>\n<article id=\"article-content\" class=\"main-article\">\n<div class=\"news__body\">\n<div class=\"news__content\">\n<p><a href=\"https:\/\/caras.perfil.com\/noticias\/internacional\/a31-como-una-turista-mas-maxima-zorreguieta-sorprendio-paseando-por-la-patagonia-con-un-look-relajado.phtml\" target=\"_blank\" rel=\"noopener\"><strong>M\u00e1xima Zorreguieta<\/strong><\/a>\u00a0se instal\u00f3 en el sur de la Argentina, para pasar las festividades con familia y amigos, y decidi\u00f3 salir a pasear con su perro y realizar una curiosa compra.<\/p>\n<p>La reina se mostr\u00f3 con\u00a0<strong>un look casual y sin personal de seguridad<\/strong>, lo que llam\u00f3 mucho la atenci\u00f3n al tratarse de una persona tan reconocida. Tambi\u00e9n comparti\u00f3 tiempo con personas cercanas en el centro de Villa La Angostura como si fuera una turista m\u00e1s.<\/p>\n<div>\n<figure class=\"image pointer\" data-order=\"1\"><img loading=\"lazy\" decoding=\"async\" src=\"http:\/\/fotos.perfil.com\/\/2024\/12\/31\/900\/0\/maxima-zorreguieta-en-la-patagonia-argentina-1940273.jpg\" alt=\"M\u00e1xima Zorreguieta, como una turista m\u00e1s por la Patagonia argentina\" width=\"1080\" height=\"1920\" \/><figcaption>M\u00e1xima Zorreguieta, como una turista m\u00e1s por la Patagonia argentina<\/figcaption><\/figure>\n<\/div>\n<p><strong>De vacaciones en la Patagonia, M\u00e1xima Zorreguieta sac\u00f3 a pasear al perro e hizo una curiosa compra<\/strong><\/p>\n<p>Con un look relajado y con toques deportivos,\u00a0<a href=\"https:\/\/caras.perfil.com\/noticias\/realeza\/a31-maxima-zorreguieta-lujosa-mansion-sur-argentino-donde-celebraria-navidad.phtml\" target=\"_blank\" rel=\"noopener\"><strong>M\u00e1xima Zorreguieta<\/strong><\/a>\u00a0sali\u00f3 a pasear por la Patagonia argentina, y no solo recorri\u00f3 el centro de la ciudad con amigas sino que llev\u00f3 a su perro y aprovech\u00f3 para hacer compras en una casa de pesca.<\/p>\n<p>Despu\u00e9s de ocuparse de los asuntos reales de los Pa\u00edses Bajos durante todo el a\u00f1o, la reina consorte aprovech\u00f3 la Navidad y el A\u00f1o Nuevo para volver a su pa\u00eds natal y compartir momentos con personas cercanas, adem\u00e1s de<strong>\u00a0recorrer los lugares m\u00e1s lindos del sur argentino<\/strong>.<\/p>\n<p>En medio de sus paseos, decidi\u00f3 salir sin personal de seguridad ni familiares pero s\u00ed con su mascota,<strong>\u00a0su perro caniche, Mambo<\/strong>.<\/p>\n<p><a href=\"https:\/\/caras.perfil.com\/noticias\/realeza\/a31-maxima-zorreguieta-desde-argentina-su-familia-enviaron-saludo-navide%C3%B1o.phtml\" target=\"_blank\" rel=\"noopener\">La reina<\/a>\u00a0se mostr\u00f3 con un\u00a0<strong>look casual<\/strong>\u00a0de pantal\u00f3n blanco con corte recto, campera marr\u00f3n y zapatillas marrones con detalles naranjas. Adem\u00e1s de su recogido descontracturado y la cartera cruzada para pasear sin preocupaciones.<\/p>\n<div>\n<figure class=\"image pointer\" data-order=\"2\"><img loading=\"lazy\" decoding=\"async\" src=\"http:\/\/fotos.perfil.com\/\/2025\/01\/01\/900\/0\/maxima-zorreguieta-paseando-por-la-patagonia-argentina-1940642.jpg\" alt=\"M\u00e1xima Zorreguieta y su perro Mambo paseando por Villa La Angostura\" width=\"1080\" height=\"1920\" \/><figcaption>M\u00e1xima Zorreguieta y su perro Mambo paseando por Villa La Angostura<\/figcaption><\/figure>\n<\/div>\n<p>No solo luci\u00f3 un outfit que combin\u00f3, sino que\u00a0<strong>la correa de Mambo<\/strong>\u00a0matche\u00f3 a la perfecci\u00f3n con su look y con los colores de los Pa\u00edses Bajos, ya que se trataba de un collar color naranja.<\/p>\n<p><a href=\"https:\/\/caras.perfil.com\/noticias\/internacional\/a31-maxima-zorreguieta-moda-circular-seis-looks-reciclo-2024.phtml\" target=\"_blank\" rel=\"noopener\">M\u00e1xima<\/a>\u00a0no solo aprovech\u00f3 el mediod\u00eda para salir acompa\u00f1ada de Mambo, sino que hizo una parada en una casa de campamento y de all\u00ed\u00a0<strong>sali\u00f3 con un mediomundo para pescar<\/strong>. Es posible que en los pr\u00f3ximos d\u00edas se la vea cerca de alg\u00fan r\u00edo neuquino, debido a que la temporada de pesca comenz\u00f3 en noviembre.<\/p>\n<div>\n<figure class=\"image pointer\" data-order=\"3\"><img loading=\"lazy\" decoding=\"async\" src=\"http:\/\/fotos.perfil.com\/\/2025\/01\/01\/900\/0\/la-compra-de-maxima-zorreguieta-en-la-patagonia-1940643.jpg\" alt=\"El objeto que compr\u00f3 M\u00e1xima\" width=\"1080\" height=\"1920\" \/><figcaption>El mediomundo que compr\u00f3 M\u00e1xima<\/figcaption><\/figure>\n<\/div>\n<p><a href=\"https:\/\/caras.perfil.com\/noticias\/realeza\/a31-maxima-zorreguieta-sin-regalos-tradiciones-holandesas-celebro-navidad-argentina.phtml\" target=\"_blank\" rel=\"noopener\"><strong>M\u00e1xima Zorreguieta<\/strong><\/a>\u00a0lleg\u00f3 a la Patagonia argentina para dejar de lado, por unos d\u00edas, las responsabilidades reales de los Pa\u00edses Bajos y recibir el nuevo a\u00f1o. Adem\u00e1s, aprovech\u00f3 para rodearse de amigas, familia y disfrutar de compras y paseos con su mascota.<\/p>\n<\/div>\n<\/div>\n<\/article>\n","protected":false},"excerpt":{"rendered":"<p>Sac\u00f3 a pasear a su perro e hizo una curiosa compra. La reina consorte de los Pa\u00edses Bajos se mostr\u00f3 disfrutando del centro de Villa La Angostura. M\u00e1xima Zorreguieta\u00a0se instal\u00f3 en el sur de la Argentina, para pasar las festividades con familia y amigos, y decidi\u00f3 salir a pasear con su perro y realizar una &hellip;<\/p>\n","protected":false},"author":2,"featured_media":5635,"comment_status":"open","ping_status":"open","sticky":false,"template":"","format":"standard","meta":{"footnotes":""},"categories":[54,35],"tags":[1427,1428],"class_list":["post-5634","post","type-post","status-publish","format-standard","has-post-thumbnail","hentry","category-interes-ganeral","category-internacionales","tag-maxima-zorreguieta","tag-patagonia"],"_links":{"self":[{"href":"https:\/\/cafeprensa.com.ar\/index.php\/wp-json\/wp\/v2\/posts\/5634","targetHints":{"allow":["GET"]}}],"collection":[{"href":"https:\/\/cafeprensa.com.ar\/index.php\/wp-json\/wp\/v2\/posts"}],"about":[{"href":"https:\/\/cafeprensa.com.ar\/index.php\/wp-json\/wp\/v2\/types\/post"}],"author":[{"embeddable":true,"href":"https:\/\/cafeprensa.com.ar\/index.php\/wp-json\/wp\/v2\/users\/2"}],"replies":[{"embeddable":true,"href":"https:\/\/cafeprensa.com.ar\/index.php\/wp-json\/wp\/v2\/comments?post=5634"}],"version-history":[{"count":1,"href":"https:\/\/cafeprensa.com.ar\/index.php\/wp-json\/wp\/v2\/posts\/5634\/revisions"}],"predecessor-version":[{"id":5636,"href":"https:\/\/cafeprensa.com.ar\/index.php\/wp-json\/wp\/v2\/posts\/5634\/revisions\/5636"}],"wp:featuredmedia":[{"embeddable":true,"href":"https:\/\/cafeprensa.com.ar\/index.php\/wp-json\/wp\/v2\/media\/5635"}],"wp:attachment":[{"href":"https:\/\/cafeprensa.com.ar\/index.php\/wp-json\/wp\/v2\/media?parent=5634"}],"wp:term":[{"taxonomy":"category","embeddable":true,"href":"https:\/\/cafeprensa.com.ar\/index.php\/wp-json\/wp\/v2\/categories?post=5634"},{"taxonomy":"post_tag","embeddable":true,"href":"https:\/\/cafeprensa.com.ar\/index.php\/wp-json\/wp\/v2\/tags?post=5634"}],"curies":[{"name":"wp","href":"https:\/\/api.w.org\/{rel}","templated":true}]}}