{"id":5663,"date":"2025-01-03T13:23:44","date_gmt":"2025-01-03T12:23:44","guid":{"rendered":"https:\/\/cafeprensa.com.ar\/?p=5663"},"modified":"2025-01-03T13:23:44","modified_gmt":"2025-01-03T12:23:44","slug":"el-asombroso-rio-turquesa-que-une-a-dos-provincias","status":"publish","type":"post","link":"https:\/\/cafeprensa.com.ar\/index.php\/2025\/01\/03\/el-asombroso-rio-turquesa-que-une-a-dos-provincias\/","title":{"rendered":"El asombroso r\u00edo turquesa que une a dos provincias"},"content":{"rendered":"<header class=\"article-header-wrapper\">\n<div class=\"article-header\">\n<p id=\"el-asombroso-rio-turquesa-que-une-a-dos-provincias-y-esta-a-3.000-metros-de-altura:-&quot;un-tesoro-escondido-entre-montanas&quot;\" class=\"article-headline left\">Est\u00e1 a 3.000 metros de altura: <strong>\u201cUn tesoro escondido entre monta\u00f1as\u201d<\/strong> Es el peque\u00f1o r\u00edo Aguada del Cobre, ubicado en el departamento de Andalgal\u00e1, Catamarca. Su color, proveniente de la alta concentraci\u00f3n de cobre que hay en la zona, encandila entre tanto paisaje \u00e1rido.<\/p>\n<\/div>\n<\/header>\n<article class=\"article\">\n<div class=\"body-article \">\n<div class=\"jwplayer-ctn\">El r\u00edo Aguada de Cobre separa a las provincias de Catamarca y Tucum\u00e1n. Asoma entre las monta\u00f1as a 3.000 metros de altura y tiene 400 metros de extensi\u00f3n.Es ideal para quienes buscan aventura y paisajes \u00fanicos. Hay un\u00a0<b>r\u00edo con aguas color turquesa<\/b> en una de las provincias del noroeste argentino, que cada vez atrae a m\u00e1s turistas fascinados por su belleza inusual.<\/div>\n<div><img loading=\"lazy\" decoding=\"async\" class=\"alignnone wp-image-5666 size-full\" src=\"https:\/\/cafeprensa.com.ar\/wp-content\/uploads\/2025\/01\/arroyo-turquesa-el-secreto-mejor-guardado-de-san-juan-y-que-vale-la-pena-conocer-1700268499532_1280.webp\" alt=\"\" width=\"1280\" height=\"900\" srcset=\"https:\/\/cafeprensa.com.ar\/wp-content\/uploads\/2025\/01\/arroyo-turquesa-el-secreto-mejor-guardado-de-san-juan-y-que-vale-la-pena-conocer-1700268499532_1280.webp 1280w, https:\/\/cafeprensa.com.ar\/wp-content\/uploads\/2025\/01\/arroyo-turquesa-el-secreto-mejor-guardado-de-san-juan-y-que-vale-la-pena-conocer-1700268499532_1280-300x211.webp 300w, https:\/\/cafeprensa.com.ar\/wp-content\/uploads\/2025\/01\/arroyo-turquesa-el-secreto-mejor-guardado-de-san-juan-y-que-vale-la-pena-conocer-1700268499532_1280-1024x720.webp 1024w, https:\/\/cafeprensa.com.ar\/wp-content\/uploads\/2025\/01\/arroyo-turquesa-el-secreto-mejor-guardado-de-san-juan-y-que-vale-la-pena-conocer-1700268499532_1280-768x540.webp 768w\" sizes=\"auto, (max-width: 1280px) 100vw, 1280px\" \/><\/div>\n<p class=\"paragraph\" data-mrf-recirculation=\"Links inline\">Ese tesoro natural, que\u00a0<b>se encuentra en el l\u00edmite de las provincias de Catamarca y Tucum\u00e1n,<\/b>\u00a0asoma en el coraz\u00f3n del departamento catamarque\u00f1o de Andalgal\u00e1. Se trata del r\u00edo\u00a0<b>Aguada de Cobre,<\/b> cuya particularidad se explica debido a la alta concentraci\u00f3n de cobre en la zona, que al combinarse con el agua, crea una impactante tonalidad azulada que se destaca entre las monta\u00f1as.<\/p>\n<p class=\"paragraph\" data-mrf-recirculation=\"Links inline\">El acceso al r\u00edo turquesa es una\u00a0<b>traves\u00eda que combina veh\u00edculos 4&#215;4 y trekking,<\/b>\u00a0lo que garantiza una experiencia inmersiva en los paisajes de esta regi\u00f3n. La excursi\u00f3n, generalmente, comienza en\u00a0<b>Santa Mar\u00eda<\/b>\u00a0o\u00a0<b>Andalgal\u00e1<\/b>, dependiendo del punto de encuentro de los turistas.<\/p>\n<div class=\" visual__image\"><picture><source srcset=\"https:\/\/www.infobae.com\/resizer\/v2\/6RQQKYZWXBAVRE5JDMRH2GJTOI.jpg?auth=d856fb743a17f5789c94aafefcacef191c1a5b10362f1df9fa792d2364172cd1&amp;smart=true&amp;width=992&amp;height=606&amp;quality=85\" media=\"(min-width: 1000px)\" \/><source srcset=\"https:\/\/www.infobae.com\/resizer\/v2\/6RQQKYZWXBAVRE5JDMRH2GJTOI.jpg?auth=d856fb743a17f5789c94aafefcacef191c1a5b10362f1df9fa792d2364172cd1&amp;smart=true&amp;width=768&amp;height=469&amp;quality=85\" media=\"(min-width: 768px)\" \/><source srcset=\"https:\/\/www.infobae.com\/resizer\/v2\/6RQQKYZWXBAVRE5JDMRH2GJTOI.jpg?auth=d856fb743a17f5789c94aafefcacef191c1a5b10362f1df9fa792d2364172cd1&amp;smart=true&amp;width=577&amp;height=353&amp;quality=85\" media=\"(min-width: 580px)\" \/><source srcset=\"https:\/\/www.infobae.com\/resizer\/v2\/6RQQKYZWXBAVRE5JDMRH2GJTOI.jpg?auth=d856fb743a17f5789c94aafefcacef191c1a5b10362f1df9fa792d2364172cd1&amp;smart=true&amp;width=420&amp;height=257&amp;quality=85\" media=\"(min-width: 350px)\" \/><source srcset=\"https:\/\/www.infobae.com\/resizer\/v2\/6RQQKYZWXBAVRE5JDMRH2GJTOI.jpg?auth=d856fb743a17f5789c94aafefcacef191c1a5b10362f1df9fa792d2364172cd1&amp;smart=true&amp;width=350&amp;height=214&amp;quality=85\" media=\"(min-width: 80px)\" \/><img loading=\"lazy\" decoding=\"async\" class=\"global-image\" src=\"https:\/\/www.infobae.com\/resizer\/v2\/6RQQKYZWXBAVRE5JDMRH2GJTOI.jpg?auth=d856fb743a17f5789c94aafefcacef191c1a5b10362f1df9fa792d2364172cd1&amp;smart=true&amp;width=350&amp;height=214&amp;quality=85\" alt=\"Desde hace 9 a\u00f1os, los\" width=\"1024\" height=\"641\" \/><\/picture><span style=\"font-size: 8pt;\"><strong>Desde hace 9 a\u00f1os, los hermanos David y Jorge Florez realizan excursiones desde la localidad de Santa Mar\u00eda a Aguada de Cobre,<\/strong><\/span><\/div>\n<p class=\"paragraph\" data-mrf-recirculation=\"Links inline\">\u201cDesde esas localidades, se toma la ruta provincial 47 y luego un camino de ripio que atraviesa paisajes espectaculares como el\u00a0<b>Campo del Arenal<\/b>, un desierto imponente conocido por su belleza y su relaci\u00f3n con eventos como el Rally Dakar\u201d, precis\u00f3 a\u00a0<b>Infobae<\/b> el gu\u00eda David Florez, quien junto a su hermano Jorge y un grupo de 10 expertos, realiza excursiones por el lugar<\/p>\n<p class=\"paragraph\" data-mrf-recirculation=\"Links inline\">\u201cY durante ese trayecto, que es de unos 150 km desde Santa Mar\u00eda, se hace una parada en puntos hist\u00f3ricos como\u00a0<b>El Ingenio<\/b>, un antiguo sitio minero jesuita, donde se procesaban minerales como el oro. Ese lugar es ideal para conocer la historia minera de la regi\u00f3n y disfrutar de vistas panor\u00e1micas\u201d, especific\u00f3 David, quien lleva m\u00e1s de 9 a\u00f1os realizando esa traves\u00eda a diario.<\/p>\n<p data-mrf-recirculation=\"Links inline\"><img loading=\"lazy\" decoding=\"async\" class=\"alignnone wp-image-5664 size-full\" src=\"https:\/\/cafeprensa.com.ar\/wp-content\/uploads\/2025\/01\/34FOAQEIMJGLDKESEMNL6APWRQ.png\" alt=\"\" width=\"387\" height=\"241\" srcset=\"https:\/\/cafeprensa.com.ar\/wp-content\/uploads\/2025\/01\/34FOAQEIMJGLDKESEMNL6APWRQ.png 387w, https:\/\/cafeprensa.com.ar\/wp-content\/uploads\/2025\/01\/34FOAQEIMJGLDKESEMNL6APWRQ-300x187.png 300w\" sizes=\"auto, (max-width: 387px) 100vw, 387px\" \/><\/p>\n<p class=\"paragraph\" data-mrf-recirculation=\"Links inline\">Otro punto en el itinerario es el\u00a0<b>antiguo cable carril,\u00a0<\/b>que alguna vez transport\u00f3 mineral desde lo alto de las monta\u00f1as hasta Andalgal\u00e1. \u201cEs un testimonio de la riqueza minera de la regi\u00f3n, pero tambi\u00e9n de las arduas condiciones de vida de aquellos a\u00f1os\u201d, explic\u00f3.<\/p>\n<div class=\"jwplayer-ctn\">Para llegar al r\u00edo turquesa desde la localidad de Santa Mar\u00eda hay que hacer 150 km en camionetas 4&#215;4 y luego 20 minutos de caminata. Un kil\u00f3metro antes de llegar, los<b>\u00a0<\/b>veh\u00edculos se estacionan en una zona segura y desde all\u00ed comienza el\u00a0<b>trekking<\/b>, que dura aproximadamente\u00a0<b>20 minutos<\/b>. \u201cEl sendero es una huella de veh\u00edculos antiguos, sobre un arroyo seco que conduce directamente al r\u00edo. Este tramo\u00a0<b>es accesible para personas de todas las edades,\u00a0<\/b>sin mayores dificultades\u201d, precis\u00f3<\/div>\n<p class=\"paragraph\" data-mrf-recirculation=\"Links inline\">El sendero culmina en una secci\u00f3n donde el agua cristalina comienza a emerger. \u201c<b>La magia del lugar reside en c\u00f3mo el agua turquesa contrasta con las rocas y la arena del entorno.\u00a0<\/b>Aqu\u00ed, el r\u00edo alcanza su m\u00e1xima belleza, gracias al sulfato de cobre que<b>\u00a0ti\u00f1e sus aguas de un color vibrante\u201d<\/b>, detall\u00f3 el gu\u00eda catamarque\u00f1o.<\/p>\n<p class=\"paragraph\" data-mrf-recirculation=\"Links inline\">Este fen\u00f3meno natural se intensifica en la zona de las cascadas, donde el agua choca contra las piedras, creando un espect\u00e1culo visual \u00fanico. \u201c<b>El tramo en el que se pueden apreciar aguas turquesas abarca alrededor de<\/b>\u00a0<b>400 metros<\/b>. M\u00e1s adelante, el agua vuelve a filtrarse en el terreno, lo que limita su extensi\u00f3n\u201d, describi\u00f3.<\/p>\n<div class=\" visual__image\"><picture><source srcset=\"https:\/\/www.infobae.com\/resizer\/v2\/MPHJTFCGUVFP7CUJDNKVCJMG2U.JPG?auth=eb95eb7ead92bf3c71bcdbba3dce79873dc91246946698a8b9df2ecf33e79e27&amp;smart=true&amp;width=992&amp;height=1488&amp;quality=85\" media=\"(min-width: 1000px)\" \/><source srcset=\"https:\/\/www.infobae.com\/resizer\/v2\/MPHJTFCGUVFP7CUJDNKVCJMG2U.JPG?auth=eb95eb7ead92bf3c71bcdbba3dce79873dc91246946698a8b9df2ecf33e79e27&amp;smart=true&amp;width=768&amp;height=1152&amp;quality=85\" media=\"(min-width: 768px)\" \/><source srcset=\"https:\/\/www.infobae.com\/resizer\/v2\/MPHJTFCGUVFP7CUJDNKVCJMG2U.JPG?auth=eb95eb7ead92bf3c71bcdbba3dce79873dc91246946698a8b9df2ecf33e79e27&amp;smart=true&amp;width=577&amp;height=866&amp;quality=85\" media=\"(min-width: 580px)\" \/><source srcset=\"https:\/\/www.infobae.com\/resizer\/v2\/MPHJTFCGUVFP7CUJDNKVCJMG2U.JPG?auth=eb95eb7ead92bf3c71bcdbba3dce79873dc91246946698a8b9df2ecf33e79e27&amp;smart=true&amp;width=420&amp;height=630&amp;quality=85\" media=\"(min-width: 350px)\" \/><source srcset=\"https:\/\/www.infobae.com\/resizer\/v2\/MPHJTFCGUVFP7CUJDNKVCJMG2U.JPG?auth=eb95eb7ead92bf3c71bcdbba3dce79873dc91246946698a8b9df2ecf33e79e27&amp;smart=true&amp;width=350&amp;height=525&amp;quality=85\" media=\"(min-width: 80px)\" \/><img loading=\"lazy\" decoding=\"async\" class=\"global-image\" src=\"https:\/\/www.infobae.com\/resizer\/v2\/MPHJTFCGUVFP7CUJDNKVCJMG2U.JPG?auth=eb95eb7ead92bf3c71bcdbba3dce79873dc91246946698a8b9df2ecf33e79e27&amp;smart=true&amp;width=350&amp;height=525&amp;quality=85\" alt=\"El color turquesa del r\u00edo\" width=\"1066\" height=\"1599\" \/><\/picture><span style=\"font-size: 8pt;\"><strong>El color turquesa del r\u00edo proviene de la alta concentraci\u00f3n de cobre que hay en el lugar\u00a0<\/strong><\/span><\/div>\n<p class=\"paragraph\" data-mrf-recirculation=\"Links inline\">Para David,\u00a0<b>el mejor per\u00edodo para disfrutar del r\u00edo es de<\/b>\u00a0<b>mayo a noviembre<\/b>, cuando el clima es seco y las lluvias no afectan el acceso, algo que ocurre en los meses de verano. \u201cLas lluvias suelen ser intensas en la regi\u00f3n y pueden dificultar el tr\u00e1nsito y alterar la claridad del agua\u201d, advirti\u00f3.<\/p>\n<p class=\"paragraph\" data-mrf-recirculation=\"Links inline\">El r\u00edo se encuentra a unos\u00a0<b>3.000 metros sobre el nivel del mar<\/b>, lo que implica una exposici\u00f3n importante al sol, ya que el paisaje est\u00e1 dominado por arena y vegetaci\u00f3n de altura, como la<b>\u00a0paja brava<\/b>. Por eso, se recomienda usar ropa c\u00f3moda de colores claros, protector solar y gorra debido a la intensa radiaci\u00f3n.<\/p>\n<p class=\"paragraph\" data-mrf-recirculation=\"Links inline\">\u201cLa primera visi\u00f3n del agua turquesa entre las monta\u00f1as es impactante. Las tonalidades y reflejos que genera son ideales para la fotograf\u00eda\u201d, remarc\u00f3 David, quien se\u00f1al\u00f3 que\u00a0<b>hay puntos panor\u00e1micos espec\u00edficos, que alcanzan los 20 metros de altura,<\/b>\u00a0desde donde se pueden apreciar tanto el r\u00edo como el entorno monta\u00f1oso.<\/p>\n<p data-mrf-recirculation=\"Links inline\"><img loading=\"lazy\" decoding=\"async\" class=\"alignnone wp-image-5667 size-large\" src=\"https:\/\/cafeprensa.com.ar\/wp-content\/uploads\/2025\/01\/como-llegar-al-exotio-rio-aguas-turquesa-esta-entre-tucuman-catamarca-1009698-114704-1024x540.jpg\" alt=\"\" width=\"1024\" height=\"540\" srcset=\"https:\/\/cafeprensa.com.ar\/wp-content\/uploads\/2025\/01\/como-llegar-al-exotio-rio-aguas-turquesa-esta-entre-tucuman-catamarca-1009698-114704-1024x540.jpg 1024w, https:\/\/cafeprensa.com.ar\/wp-content\/uploads\/2025\/01\/como-llegar-al-exotio-rio-aguas-turquesa-esta-entre-tucuman-catamarca-1009698-114704-300x158.jpg 300w, https:\/\/cafeprensa.com.ar\/wp-content\/uploads\/2025\/01\/como-llegar-al-exotio-rio-aguas-turquesa-esta-entre-tucuman-catamarca-1009698-114704-768x405.jpg 768w, https:\/\/cafeprensa.com.ar\/wp-content\/uploads\/2025\/01\/como-llegar-al-exotio-rio-aguas-turquesa-esta-entre-tucuman-catamarca-1009698-114704.jpg 1200w\" sizes=\"auto, (max-width: 1024px) 100vw, 1024px\" \/><\/p>\n<div class=\" visual__image\">La recorrida por el r\u00edo turquesa y las atracciones que lo rodean demanda casi un d\u00eda completo<\/div>\n<p class=\"paragraph\" data-mrf-recirculation=\"Links inline\">Desde all\u00ed, la vista del valle del r\u00edo deja a los turistas sin palabras:<b>\u00a0una estrecha franja azul serpentea entre formaciones rocosas amarronadas<\/b>\u00a0que parecen talladas por el tiempo. \u201cAunque el caudal del agua es, generalmente, escaso; las pozas cristalinas reflejan el cielo y las piedras en tonos ocres. Es un contraste brutal con el resto del paisaje\u201d, coment\u00f3 David.<\/p>\n<p class=\"paragraph\" data-mrf-recirculation=\"Links inline\">La excursi\u00f3n tambi\u00e9n incluye una parada para almorzar y descansar en el\u00a0<b>Refugio Minero<\/b>, un hotel erigido sobre una mina abandonada que se convirti\u00f3 en un oasis tur\u00edstico. \u201cLa historia del hotel es tan fascinante como el lugar mismo; es un ejemplo de c\u00f3mo las adversidades pueden transformarse en oportunidades\u201d, coment\u00f3 David al contar la historia de su creador.<\/p>\n<p data-mrf-recirculation=\"Links inline\"><img loading=\"lazy\" decoding=\"async\" class=\"alignnone wp-image-5665 size-full\" src=\"https:\/\/cafeprensa.com.ar\/wp-content\/uploads\/2025\/01\/arroyo-turquesa-el-secreto-mejor-guardado-de-san-juan-y-que-vale-la-pena-conocer-1700268067205_512.jpg\" alt=\"\" width=\"512\" height=\"360\" srcset=\"https:\/\/cafeprensa.com.ar\/wp-content\/uploads\/2025\/01\/arroyo-turquesa-el-secreto-mejor-guardado-de-san-juan-y-que-vale-la-pena-conocer-1700268067205_512.jpg 512w, https:\/\/cafeprensa.com.ar\/wp-content\/uploads\/2025\/01\/arroyo-turquesa-el-secreto-mejor-guardado-de-san-juan-y-que-vale-la-pena-conocer-1700268067205_512-300x211.jpg 300w\" sizes=\"auto, (max-width: 512px) 100vw, 512px\" \/><\/p>\n<p class=\"paragraph\" data-mrf-recirculation=\"Links inline\">\u201cEl refugio fue construido por un visionario llamado Champa, quien perdi\u00f3 de su empleo en una f\u00e1brica militar. Con su indemnizaci\u00f3n, decidi\u00f3\u00a0<b>invertir en una peque\u00f1a mina de rodocrosita, una piedra semipreciosa de gran valor para la joyer\u00eda<\/b>. Este mineral, conocido tambi\u00e9n como la \u2018rosa del Inca\u2019, es escaso y extra\u00eddo solo en unos pocos lugares del mundo\u201d, relat\u00f3.<\/p>\n<div class=\" visual__image\"><picture><source srcset=\"https:\/\/www.infobae.com\/resizer\/v2\/5JBTX4S5TJHWJPFERTS7MGLOXU.jpg?auth=ccdfefa9a07cc5d2a76cb431f4492ca81e7d5eb5847538d1368d02b691528781&amp;smart=true&amp;width=992&amp;height=1323&amp;quality=85\" media=\"(min-width: 1000px)\" \/><source srcset=\"https:\/\/www.infobae.com\/resizer\/v2\/5JBTX4S5TJHWJPFERTS7MGLOXU.jpg?auth=ccdfefa9a07cc5d2a76cb431f4492ca81e7d5eb5847538d1368d02b691528781&amp;smart=true&amp;width=768&amp;height=1024&amp;quality=85\" media=\"(min-width: 768px)\" \/><source srcset=\"https:\/\/www.infobae.com\/resizer\/v2\/5JBTX4S5TJHWJPFERTS7MGLOXU.jpg?auth=ccdfefa9a07cc5d2a76cb431f4492ca81e7d5eb5847538d1368d02b691528781&amp;smart=true&amp;width=577&amp;height=769&amp;quality=85\" media=\"(min-width: 580px)\" \/><source srcset=\"https:\/\/www.infobae.com\/resizer\/v2\/5JBTX4S5TJHWJPFERTS7MGLOXU.jpg?auth=ccdfefa9a07cc5d2a76cb431f4492ca81e7d5eb5847538d1368d02b691528781&amp;smart=true&amp;width=420&amp;height=560&amp;quality=85\" media=\"(min-width: 350px)\" \/><source srcset=\"https:\/\/www.infobae.com\/resizer\/v2\/5JBTX4S5TJHWJPFERTS7MGLOXU.jpg?auth=ccdfefa9a07cc5d2a76cb431f4492ca81e7d5eb5847538d1368d02b691528781&amp;smart=true&amp;width=350&amp;height=467&amp;quality=85\" media=\"(min-width: 80px)\" \/><img loading=\"lazy\" decoding=\"async\" class=\"global-image\" src=\"https:\/\/www.infobae.com\/resizer\/v2\/5JBTX4S5TJHWJPFERTS7MGLOXU.jpg?auth=ccdfefa9a07cc5d2a76cb431f4492ca81e7d5eb5847538d1368d02b691528781&amp;smart=true&amp;width=350&amp;height=467&amp;quality=85\" alt=\"La excursi\u00f3n tambi\u00e9n incluye una\" width=\"1920\" height=\"2560\" \/><\/picture>La excursi\u00f3n tambi\u00e9n incluye una visita al Refugio del Minero, un hotel en el medio de las monta\u00f1as donde hay un museo y se pueden visitar minas de piedras preciosas<\/div>\n<p class=\"paragraph\" data-mrf-recirculation=\"Links inline\">\u201cA medida que la explotaci\u00f3n minera avanzaba, Champa se dio cuenta de que la calidad de la piedra no era lo suficientemente alta para sostener la actividad comercial. En lugar de abandonar el lugar, decidi\u00f3 reinventarlo. Con esfuerzo y dedicaci\u00f3n,\u00a0<b>construy\u00f3 un<\/b>\u00a0<b>hotel en medio de la nada<\/b>, un refugio que ofreciera hospitalidad y conexi\u00f3n con el paisaje.<\/p>\n<p class=\"paragraph\" data-mrf-recirculation=\"Links inline\">Hoy, adem\u00e1s de brindar servicios de comida y alojamiento, es un espacio que preserva la historia minera de la zona. \u201c<b>En el refugio se encuentra un peque\u00f1o museo,\u00a0<\/b>donde los visitantes pueden explorar los restos de t\u00faneles y herramientas utilizados en la extracci\u00f3n de minerales. Una caminata corta lleva a una antigua mina de rodocrosita, donde los gu\u00edas narramos c\u00f3mo este valioso recurso fue extra\u00eddo y procesado en tiempos pasados\u201d, se\u00f1al\u00f3 David.<\/p>\n<p class=\"paragraph\" data-mrf-recirculation=\"Links inline\">La traves\u00eda por las inmediaciones del r\u00edo turquesa demanda casi un d\u00eda completo. Se puede llegar a extender desde las 9 hasta las 18 dependiendo de las paradas realizadas. Plantas como el<b>\u00a0cha\u00f1ar<\/b>, los cardones y la jarilla predominaban en el paisaje. Y de vez en cuando, los colores del desierto son interrumpidos por alguna bandada de aves, como los jilgueros y los aguiluchos que custodian esas alturas. Tambi\u00e9n se puede apreciar llamas y las ovejas.<\/p>\n<div class=\" visual__image\"><picture><source srcset=\"https:\/\/www.infobae.com\/resizer\/v2\/T4XMVI2GTRAILOIRR5L43BFTCE.jpg?auth=5c82498101db06838eefb2c3aa1a0a55a9f840af59af340e930716bc499bdf59&amp;smart=true&amp;width=992&amp;height=1323&amp;quality=85\" media=\"(min-width: 1000px)\" \/><source srcset=\"https:\/\/www.infobae.com\/resizer\/v2\/T4XMVI2GTRAILOIRR5L43BFTCE.jpg?auth=5c82498101db06838eefb2c3aa1a0a55a9f840af59af340e930716bc499bdf59&amp;smart=true&amp;width=768&amp;height=1024&amp;quality=85\" media=\"(min-width: 768px)\" \/><source srcset=\"https:\/\/www.infobae.com\/resizer\/v2\/T4XMVI2GTRAILOIRR5L43BFTCE.jpg?auth=5c82498101db06838eefb2c3aa1a0a55a9f840af59af340e930716bc499bdf59&amp;smart=true&amp;width=577&amp;height=769&amp;quality=85\" media=\"(min-width: 580px)\" \/><source srcset=\"https:\/\/www.infobae.com\/resizer\/v2\/T4XMVI2GTRAILOIRR5L43BFTCE.jpg?auth=5c82498101db06838eefb2c3aa1a0a55a9f840af59af340e930716bc499bdf59&amp;smart=true&amp;width=420&amp;height=560&amp;quality=85\" media=\"(min-width: 350px)\" \/><source srcset=\"https:\/\/www.infobae.com\/resizer\/v2\/T4XMVI2GTRAILOIRR5L43BFTCE.jpg?auth=5c82498101db06838eefb2c3aa1a0a55a9f840af59af340e930716bc499bdf59&amp;smart=true&amp;width=350&amp;height=467&amp;quality=85\" media=\"(min-width: 80px)\" \/><img loading=\"lazy\" decoding=\"async\" class=\"global-image\" src=\"https:\/\/www.infobae.com\/resizer\/v2\/T4XMVI2GTRAILOIRR5L43BFTCE.jpg?auth=5c82498101db06838eefb2c3aa1a0a55a9f840af59af340e930716bc499bdf59&amp;smart=true&amp;width=350&amp;height=467&amp;quality=85\" alt=\"Una caminata corta lleva a\" width=\"1920\" height=\"2560\" \/><\/picture><span style=\"font-size: 8pt;\"><strong>Una caminata corta lleva a una antigua mina de rodocrosita donde se explica c\u00f3mo se extra\u00eda el mineral en en el pasado.<\/strong><\/span><\/div>\n<p class=\"paragraph\" data-mrf-recirculation=\"Links inline\"><b>\u201cEste r\u00edo no es solo un paisaje, es una experiencia.<\/b>\u00a0Cada rinc\u00f3n de este lugar tiene una historia que merece ser contada, desde las huellas de la miner\u00eda antigua hasta la imponente imagen que nos regala el color del agua.<\/p>\n<p class=\"paragraph\" data-mrf-recirculation=\"Links inline\">Es un privilegio para nosotros compartir este tesoro con los visitantes. Nuestro objetivo no es solo mostrarles un destino, sino tambi\u00e9n hacerlos parte de nuestra tierra, que aprendan a valorarla y a cuidarla como lo hacemos nosotros\u201d, concluy\u00f3 David.<\/p>\n<\/div>\n<\/article>\n","protected":false},"excerpt":{"rendered":"<p>Est\u00e1 a 3.000 metros de altura: \u201cUn tesoro escondido entre monta\u00f1as\u201d Es el peque\u00f1o r\u00edo Aguada del Cobre, ubicado en el departamento de Andalgal\u00e1, Catamarca. Su color, proveniente de la alta concentraci\u00f3n de cobre que hay en la zona, encandila entre tanto paisaje \u00e1rido. El r\u00edo Aguada de Cobre separa a las provincias de Catamarca &hellip;<\/p>\n","protected":false},"author":2,"featured_media":5668,"comment_status":"open","ping_status":"open","sticky":false,"template":"","format":"standard","meta":{"footnotes":""},"categories":[54,33,170],"tags":[624],"class_list":["post-5663","post","type-post","status-publish","format-standard","has-post-thumbnail","hentry","category-interes-ganeral","category-nacionales","category-turismo","tag-catamarca"],"_links":{"self":[{"href":"https:\/\/cafeprensa.com.ar\/index.php\/wp-json\/wp\/v2\/posts\/5663","targetHints":{"allow":["GET"]}}],"collection":[{"href":"https:\/\/cafeprensa.com.ar\/index.php\/wp-json\/wp\/v2\/posts"}],"about":[{"href":"https:\/\/cafeprensa.com.ar\/index.php\/wp-json\/wp\/v2\/types\/post"}],"author":[{"embeddable":true,"href":"https:\/\/cafeprensa.com.ar\/index.php\/wp-json\/wp\/v2\/users\/2"}],"replies":[{"embeddable":true,"href":"https:\/\/cafeprensa.com.ar\/index.php\/wp-json\/wp\/v2\/comments?post=5663"}],"version-history":[{"count":1,"href":"https:\/\/cafeprensa.com.ar\/index.php\/wp-json\/wp\/v2\/posts\/5663\/revisions"}],"predecessor-version":[{"id":5669,"href":"https:\/\/cafeprensa.com.ar\/index.php\/wp-json\/wp\/v2\/posts\/5663\/revisions\/5669"}],"wp:featuredmedia":[{"embeddable":true,"href":"https:\/\/cafeprensa.com.ar\/index.php\/wp-json\/wp\/v2\/media\/5668"}],"wp:attachment":[{"href":"https:\/\/cafeprensa.com.ar\/index.php\/wp-json\/wp\/v2\/media?parent=5663"}],"wp:term":[{"taxonomy":"category","embeddable":true,"href":"https:\/\/cafeprensa.com.ar\/index.php\/wp-json\/wp\/v2\/categories?post=5663"},{"taxonomy":"post_tag","embeddable":true,"href":"https:\/\/cafeprensa.com.ar\/index.php\/wp-json\/wp\/v2\/tags?post=5663"}],"curies":[{"name":"wp","href":"https:\/\/api.w.org\/{rel}","templated":true}]}}