{"id":5670,"date":"2025-01-03T14:22:22","date_gmt":"2025-01-03T13:22:22","guid":{"rendered":"https:\/\/cafeprensa.com.ar\/?p=5670"},"modified":"2025-01-03T14:26:45","modified_gmt":"2025-01-03T13:26:45","slug":"un-tucumano-demando-al-gobierno-nacional","status":"publish","type":"post","link":"https:\/\/cafeprensa.com.ar\/index.php\/2025\/01\/03\/un-tucumano-demando-al-gobierno-nacional\/","title":{"rendered":"Un tucumano demand\u00f3 al Gobierno Nacional"},"content":{"rendered":"<p>ROMERO aduce que las <strong>\u00abfacultades delegadas\u00bb<\/strong> de la Ley Bases son inconstitucionales<\/p>\n<p>El <strong>dirigente peronista Enrique Romero<\/strong> demand\u00f3 en la <strong>Justicia Federal al Estado Nacional<\/strong> planteando la inconstitucionalidad de los art\u00edculos de la <strong>Ley Bases -sancionada el a\u00f1o pasado-<\/strong> que le confieren al presidente, Javier Milei, facultades extraordinarias mediante la delegaci\u00f3n de funciones que le son propias al Congreso de la Naci\u00f3n.<\/p>\n<p><img loading=\"lazy\" decoding=\"async\" class=\"alignnone wp-image-5676 size-full\" src=\"https:\/\/cafeprensa.com.ar\/wp-content\/uploads\/2025\/01\/ley-bases-mileipng.webp\" alt=\"\" width=\"1200\" height=\"675\" srcset=\"https:\/\/cafeprensa.com.ar\/wp-content\/uploads\/2025\/01\/ley-bases-mileipng.webp 1200w, https:\/\/cafeprensa.com.ar\/wp-content\/uploads\/2025\/01\/ley-bases-mileipng-300x169.webp 300w, https:\/\/cafeprensa.com.ar\/wp-content\/uploads\/2025\/01\/ley-bases-mileipng-1024x576.webp 1024w, https:\/\/cafeprensa.com.ar\/wp-content\/uploads\/2025\/01\/ley-bases-mileipng-768x432.webp 768w, https:\/\/cafeprensa.com.ar\/wp-content\/uploads\/2025\/01\/ley-bases-mileipng-390x220.webp 390w\" sizes=\"auto, (max-width: 1200px) 100vw, 1200px\" \/><\/p>\n<p><strong>\u00abInterpuse una demanda de acci\u00f3n aut\u00f3noma de nulidad en el Juzgado Federal n\u00famero 1 contra el Estado Nacional a trav\u00e9s de una acci\u00f3n meramente declarativa de nulidad manifiesta y absoluta por la delegaci\u00f3n de facultades conferida a la Presidencia de la Naci\u00f3n a partir de la aprobaci\u00f3n de la ley denominada de Bases, violando la Constituci\u00f3n Nacional en su art\u00edculos 29; violando el C\u00f3digo de Procedimiento Civil y Comercial en el art\u00edculo 330 y los art\u00edculos 386, 389, 387, 390 y 392 del mismo C\u00f3digo Civil y Comercial\u00bb,<\/strong> plante\u00f3 el tucumano.<\/p>\n<p>El cap\u00edtulo de la Ley Bases cuestionado permite al Presidente de la Naci\u00f3n realizar reformas sin pasar por el Congreso de la Naci\u00f3n -aunque expresamente requieran de la aprobaci\u00f3n de las C\u00e1maras-, que se circunscribe a fiscalizar al Ejecutivo. En el camino, sin embargo, el Gobierno tuvo que ceder y realiz\u00f3 concesiones que permitieron que las facultades delegadas, inicialmente pensadas en 11 materias, pasen a cuatro espectros: materia administrativa, econ\u00f3mica, financiera y energ\u00e9tica. De esta manera, Milei puede modificar por decreto la estructura y los objetivos de cientos de organismos y empresas del estado, a la vez que autorizar la enajenaci\u00f3n de bienes.<\/p>\n<p><img loading=\"lazy\" decoding=\"async\" class=\"alignnone wp-image-5674 size-full\" src=\"https:\/\/cafeprensa.com.ar\/wp-content\/uploads\/2025\/01\/662b88068184f_360_202.webp\" alt=\"\" width=\"360\" height=\"202\" srcset=\"https:\/\/cafeprensa.com.ar\/wp-content\/uploads\/2025\/01\/662b88068184f_360_202.webp 360w, https:\/\/cafeprensa.com.ar\/wp-content\/uploads\/2025\/01\/662b88068184f_360_202-300x168.webp 300w\" sizes=\"auto, (max-width: 360px) 100vw, 360px\" \/><\/p>\n<p><strong>\u00abHay que aclararle a la ciudadan\u00eda que la norma contenida en el art\u00edculo 29 de la Constituci\u00f3n Nacional fue dictada por la constituyente de 1852, reafirmada en la reforma de 1994 a trav\u00e9s del art\u00edculo 75 de la Carta Magna. Aqu\u00ed se sostiene con car\u00e1cter imperativo que el Congreso no puede ni debe conceder al PEN facultades extraordinarias ni la suma del poder p\u00fablico, el cual le han otorgado al presidente a trav\u00e9s de la Ley de Bases. Es importante recalcarlo porque se han cometido abusos y se ha perdido la concepci\u00f3n de rep\u00fablica, el pueblo gobierna a trav\u00e9s de sus representantes y ac\u00e1 han sido delegadas las potestades de sus representantes en suma al presidente de la rep\u00fablica\u00bb, insisti\u00f3 Romero. Y agreg\u00f3: \u00abLos ciudadanos no votamos esta delegaci\u00f3n de facultades, no fue parte de la plataforma de campa\u00f1a de la Restauradora Avanza (como le digo a LLA). No estamos en guerra civil o en emergencia p\u00fablica para que el Congreso otorgue facultades extraordinarias, que deben ser fijadas para tem\u00e1ticas espec\u00edficas, casos puntuales y por un plazo determinado\u00bb.<\/strong><\/p>\n<p><img loading=\"lazy\" decoding=\"async\" class=\"alignnone wp-image-5675 size-full\" src=\"https:\/\/cafeprensa.com.ar\/wp-content\/uploads\/2025\/01\/e_1716412157.jpg\" alt=\"\" width=\"900\" height=\"501\" srcset=\"https:\/\/cafeprensa.com.ar\/wp-content\/uploads\/2025\/01\/e_1716412157.jpg 900w, https:\/\/cafeprensa.com.ar\/wp-content\/uploads\/2025\/01\/e_1716412157-300x167.jpg 300w, https:\/\/cafeprensa.com.ar\/wp-content\/uploads\/2025\/01\/e_1716412157-768x428.jpg 768w\" sizes=\"auto, (max-width: 900px) 100vw, 900px\" \/><\/p>\n<p>El PEN tiene plazo hasta mediados de abril para responder a la demanda, contemplando el receso por la feria judicial. <strong>\u00abMilei no puede enajenar bienes del Estado sin el consentimiento del Congreso, la divisi\u00f3n de poderes deja de existir. Actualmente s\u00f3lo quedan el Poder Ejecutivo y el Poder Judicial, el Legislativo ha transferido poderes plenipotenciarios a un presidente con m\u00e1s rayas que un CD, que ha enajenado 13 toneladas de oro, las ha llevado al exterior, nadie sabe con qu\u00e9 motivo, con qu\u00e9 intereses se favorece el pais&#8230; dejando estas 13 toneladas de oro a disposici\u00f3n de sentencias judiciales de embargo de fondos buitres\u00bb<\/strong>, finaliz\u00f3.<\/p>\n","protected":false},"excerpt":{"rendered":"<p>ROMERO aduce que las \u00abfacultades delegadas\u00bb de la Ley Bases son inconstitucionales El dirigente peronista Enrique Romero demand\u00f3 en la Justicia Federal al Estado Nacional planteando la inconstitucionalidad de los art\u00edculos de la Ley Bases -sancionada el a\u00f1o pasado- que le confieren al presidente, Javier Milei, facultades extraordinarias mediante la delegaci\u00f3n de funciones que le &hellip;<\/p>\n","protected":false},"author":2,"featured_media":5671,"comment_status":"open","ping_status":"open","sticky":false,"template":"","format":"standard","meta":{"footnotes":""},"categories":[54,34],"tags":[201,41,42],"class_list":["post-5670","post","type-post","status-publish","format-standard","has-post-thumbnail","hentry","category-interes-ganeral","category-locales","tag-enrique-romero","tag-milei","tag-presidente"],"_links":{"self":[{"href":"https:\/\/cafeprensa.com.ar\/index.php\/wp-json\/wp\/v2\/posts\/5670","targetHints":{"allow":["GET"]}}],"collection":[{"href":"https:\/\/cafeprensa.com.ar\/index.php\/wp-json\/wp\/v2\/posts"}],"about":[{"href":"https:\/\/cafeprensa.com.ar\/index.php\/wp-json\/wp\/v2\/types\/post"}],"author":[{"embeddable":true,"href":"https:\/\/cafeprensa.com.ar\/index.php\/wp-json\/wp\/v2\/users\/2"}],"replies":[{"embeddable":true,"href":"https:\/\/cafeprensa.com.ar\/index.php\/wp-json\/wp\/v2\/comments?post=5670"}],"version-history":[{"count":3,"href":"https:\/\/cafeprensa.com.ar\/index.php\/wp-json\/wp\/v2\/posts\/5670\/revisions"}],"predecessor-version":[{"id":5677,"href":"https:\/\/cafeprensa.com.ar\/index.php\/wp-json\/wp\/v2\/posts\/5670\/revisions\/5677"}],"wp:featuredmedia":[{"embeddable":true,"href":"https:\/\/cafeprensa.com.ar\/index.php\/wp-json\/wp\/v2\/media\/5671"}],"wp:attachment":[{"href":"https:\/\/cafeprensa.com.ar\/index.php\/wp-json\/wp\/v2\/media?parent=5670"}],"wp:term":[{"taxonomy":"category","embeddable":true,"href":"https:\/\/cafeprensa.com.ar\/index.php\/wp-json\/wp\/v2\/categories?post=5670"},{"taxonomy":"post_tag","embeddable":true,"href":"https:\/\/cafeprensa.com.ar\/index.php\/wp-json\/wp\/v2\/tags?post=5670"}],"curies":[{"name":"wp","href":"https:\/\/api.w.org\/{rel}","templated":true}]}}