{"id":5683,"date":"2025-01-05T15:54:01","date_gmt":"2025-01-05T14:54:01","guid":{"rendered":"https:\/\/cafeprensa.com.ar\/?p=5683"},"modified":"2025-01-05T15:54:10","modified_gmt":"2025-01-05T14:54:10","slug":"la-rioja-gasta-109-millones-para-que-el-hijo-de-la-vicegobernadora-corra-en-el-tc","status":"publish","type":"post","link":"https:\/\/cafeprensa.com.ar\/index.php\/2025\/01\/05\/la-rioja-gasta-109-millones-para-que-el-hijo-de-la-vicegobernadora-corra-en-el-tc\/","title":{"rendered":"La Rioja gasta $109 millones para que el hijo de la vicegobernadora corra en el TC."},"content":{"rendered":"<div id=\"smart-head\" class=\"smart-head smart-head-b smart-head-main\" data-sticky=\"auto\" data-sticky-type=\"smart\" data-sticky-full=\"\">\n<div class=\"smart-head-row smart-head-bot is-light smart-head-row-full is-smart animate\">\n<div class=\"inner wrap\">\n<div class=\"items items-left \">\n<div class=\"nav-wrap\">Mientras la provincia est\u00e1 en default y los estatales tienen los salarios m\u00e1s bajos, la n\u00famero dos del gobernador Ricardo Quintela financia la carrera automovil\u00edstica de su hijo con plata del Estado provincial: qui\u00e9nes son.<\/div>\n<\/div>\n<\/div>\n<\/div>\n<\/div>\n<div class=\"main ts-contain cf right-sidebar\" data-title=\"La Rioja gasta $109 millones para que el hijo de la vicegobernadora corra en el TC - El Federal Noticias\" data-url=\"https:\/\/elfederalnoticias.com.ar\/la-rioja-gasta-109-millones-para-que-el-hijo-de-la-vicegobernadora-corra-en-el-tc\/\">\n<div class=\"ts-row\">\n<div class=\"col-8 main-content s-post-contain\">\n<div class=\"the-post-header s-head-modern s-head-modern-a has-share-meta-right\">\n<div class=\"post-meta post-meta-a post-meta-left post-meta-single has-below\">\n<div class=\"mvp-post-main-out left relative\">\n<div class=\"mvp-post-main-in\">\n<div id=\"mvp-post-content\" class=\"left relative\">\n<div id=\"mvp-post-feat-img\" class=\"left relative mvp-post-feat-img-wide2\"><img loading=\"lazy\" decoding=\"async\" class=\"attachment- size- wp-post-image\" src=\"https:\/\/www.nexofin.com\/archivos\/2025\/01\/la-rioja2.jpg\" sizes=\"auto, (max-width: 1291px) 100vw, 1291px\" srcset=\"https:\/\/www.nexofin.com\/archivos\/2025\/01\/la-rioja2.jpg 1291w, https:\/\/www.nexofin.com\/archivos\/2025\/01\/la-rioja2-300x183.jpg 300w, https:\/\/www.nexofin.com\/archivos\/2025\/01\/la-rioja2-768x469.jpg 768w, https:\/\/www.nexofin.com\/archivos\/2025\/01\/la-rioja2-1024x626.jpg 1024w\" alt=\"\" width=\"1291\" height=\"789\" \/><\/div>\n<div id=\"mvp-content-wrap\" class=\"left relative\">\n<div class=\"mvp-post-soc-out right relative\">\n<div class=\"mvp-post-soc-in\">\n<div id=\"mvp-content-body\" class=\"left relative\">\n<div id=\"mvp-content-body-top\" class=\"left relative\">\n<div id=\"mvp-content-main\" class=\"left relative\">\n<p>El\u00a0<strong>Gobierno de La Rioja<\/strong>\u00a0gasta 109 millones de pesos en esponsorear un auto del\u00a0<strong>TC<\/strong>.<\/p>\n<p>Pero no se trata de cualquier autom\u00f3vil, sino el que usa el hijo de la vicegobernadora\u00a0<b>Teresita Leonor Madera<\/b>\u00a0para competir. La informaci\u00f3n gener\u00f3 pol\u00e9mica ya que<a href=\"https:\/\/www.nexofin.com\/notas\/1167053-la-rioja-no-cumplio-con-el-pago-de-un-vencimiento-de-deuda-y-profundiza-el-default-n-\/\">\u00a0la provincia gobernada por\u00a0<strong>Ricardo Quintela<\/strong>\u00a0se encuentra en\u00a0<strong>default<\/strong><\/a>\u00a0y los trabajadores estatales gozan de<a href=\"https:\/\/www.nexofin.com\/notas\/1157502-la-rioja-comenzo-el-pago-de-sueldos-estatales-con-los-chachos-y-los-economistas-alertan-por-su-uso-n-\/\">\u00a0los sueldos m\u00e1s bajos en el pa\u00eds, pagados con cuasimonedas.\u00a0<\/a><\/p>\n<p><img loading=\"lazy\" decoding=\"async\" class=\"alignnone wp-image-5686 size-full\" src=\"https:\/\/cafeprensa.com.ar\/wp-content\/uploads\/2025\/01\/l_1698005694.webp\" alt=\"\" width=\"900\" height=\"600\" srcset=\"https:\/\/cafeprensa.com.ar\/wp-content\/uploads\/2025\/01\/l_1698005694.webp 900w, https:\/\/cafeprensa.com.ar\/wp-content\/uploads\/2025\/01\/l_1698005694-300x200.webp 300w, https:\/\/cafeprensa.com.ar\/wp-content\/uploads\/2025\/01\/l_1698005694-768x512.webp 768w\" sizes=\"auto, (max-width: 900px) 100vw, 900px\" \/><\/p>\n<p>El hijo de la vicemandataria se llama\u00a0<strong>Joaqu\u00edn Torres<\/strong>, quien tiene la fortuna de que su madre es ni m\u00e1s ni menos que la n\u00famero dos de\u00a0<strong>Quintela<\/strong>\u00a0en el\u00a0<strong>Gobierno<\/strong>\u00a0provincial, y, al parecer, cuenta con la influencia suficiente como para que el mandatario acceda a que el Ejecutivo financie la aventura automovil\u00edstica de\u00a0<strong>Torres<\/strong>\u00a0en el\u00a0<strong>Turismo Carretera<\/strong>.<\/p>\n<div class=\"twitter-tweet twitter-tweet-rendered\"><iframe id=\"twitter-widget-0\" class=\"\" title=\"X Post\" src=\"https:\/\/platform.twitter.com\/embed\/Tweet.html?dnt=true&amp;embedId=twitter-widget-0&amp;features=eyJ0ZndfdGltZWxpbmVfbGlzdCI6eyJidWNrZXQiOltdLCJ2ZXJzaW9uIjpudWxsfSwidGZ3X2ZvbGxvd2VyX2NvdW50X3N1bnNldCI6eyJidWNrZXQiOnRydWUsInZlcnNpb24iOm51bGx9LCJ0ZndfdHdlZXRfZWRpdF9iYWNrZW5kIjp7ImJ1Y2tldCI6Im9uIiwidmVyc2lvbiI6bnVsbH0sInRmd19yZWZzcmNfc2Vzc2lvbiI6eyJidWNrZXQiOiJvbiIsInZlcnNpb24iOm51bGx9LCJ0ZndfZm9zbnJfc29mdF9pbnRlcnZlbnRpb25zX2VuYWJsZWQiOnsiYnVja2V0Ijoib24iLCJ2ZXJzaW9uIjpudWxsfSwidGZ3X21peGVkX21lZGlhXzE1ODk3Ijp7ImJ1Y2tldCI6InRyZWF0bWVudCIsInZlcnNpb24iOm51bGx9LCJ0ZndfZXhwZXJpbWVudHNfY29va2llX2V4cGlyYXRpb24iOnsiYnVja2V0IjoxMjA5NjAwLCJ2ZXJzaW9uIjpudWxsfSwidGZ3X3Nob3dfYmlyZHdhdGNoX3Bpdm90c19lbmFibGVkIjp7ImJ1Y2tldCI6Im9uIiwidmVyc2lvbiI6bnVsbH0sInRmd19kdXBsaWNhdGVfc2NyaWJlc190b19zZXR0aW5ncyI6eyJidWNrZXQiOiJvbiIsInZlcnNpb24iOm51bGx9LCJ0ZndfdXNlX3Byb2ZpbGVfaW1hZ2Vfc2hhcGVfZW5hYmxlZCI6eyJidWNrZXQiOiJvbiIsInZlcnNpb24iOm51bGx9LCJ0ZndfdmlkZW9faGxzX2R5bmFtaWNfbWFuaWZlc3RzXzE1MDgyIjp7ImJ1Y2tldCI6InRydWVfYml0cmF0ZSIsInZlcnNpb24iOm51bGx9LCJ0ZndfbGVnYWN5X3RpbWVsaW5lX3N1bnNldCI6eyJidWNrZXQiOnRydWUsInZlcnNpb24iOm51bGx9LCJ0ZndfdHdlZXRfZWRpdF9mcm9udGVuZCI6eyJidWNrZXQiOiJvbiIsInZlcnNpb24iOm51bGx9fQ%3D%3D&amp;frame=false&amp;hideCard=false&amp;hideThread=false&amp;id=1875250478054801436&amp;lang=es&amp;origin=https%3A%2F%2Fwww.nexofin.com%2Fnotas%2F1190965-el-gobierno-de-la-rioja-gasta-109-millones-de-pesos-para-que-el-hijo-de-la-vicegobernadora-corra-en-el-tc-n-%2F&amp;sessionId=e7e5fc09a3bde586cd9d7e15ecfb86360d85492e&amp;theme=light&amp;widgetsVersion=2615f7e52b7e0%3A1702314776716&amp;width=550px\" frameborder=\"0\" scrolling=\"no\" allowfullscreen=\"allowfullscreen\" data-tweet-id=\"1875250478054801436\" data-mce-fragment=\"1\"><\/iframe><\/div>\n<p>Bajo la excusa de proyectar la imagen o marca de\u00a0<strong>La Rioja<\/strong>\u00a0en distintos \u00e1mbitos, la vicegobernadora invierte en la carrera de su hijo\u00a0<strong>Torres<\/strong>\u00a0pero con recursos que son de las y los riojanos. A su vez, construyen alrededor de este corredor la imagen de un \u201cColapinto\u201d provincial para mostrar la proyecci\u00f3n deportiva de la provincia.<\/p>\n<p>Sin embargo, con una econom\u00eda en\u00a0<strong>default<\/strong>\u00a0en la que el Tesoro provincial emite\u00a0<strong>cuasimonedas<\/strong>\u00a0y una plantilla de empleados estatales que reciben los salarios m\u00e1s bajos de Argentina, esta \u201cproyecci\u00f3n\u201d de la provincia y el deporte provincial bajo la cual se oculta un caso de favoritismo familiar de la\u00a0<strong>vicegobernadora<\/strong>, que tiene obst\u00e1culos para delimitar lo personal de lo p\u00fablico y usa lo primero para beneficiar a lo segundo, presenta una contradicci\u00f3n notoria que hace ruido en la opini\u00f3n p\u00fablica provincial y nacional.<\/p>\n<\/div>\n<\/div>\n<\/div>\n<\/div>\n<\/div>\n<\/div>\n<\/div>\n<\/div>\n<\/div>\n<\/div>\n<\/div>\n<div class=\"the-post s-post-modern\">\n<article id=\"post-71900\" class=\"post-71900 post type-post status-publish format-standard has-post-thumbnail category-la-rioja category-destacada-2 tag-gobernador-ricardo-quintela tag-joaquin-torres tag-la-rioja tag-turismo-carretera tag-vicegobernadora-leonor-madera\">\n<div class=\"post-content-wrap has-share-float\">\n<div class=\"post-content cf entry-content content-spacious\">\n<div class=\"wp-block-image\">\n<figure class=\"aligncenter size-large\"><a href=\"https:\/\/elfederalnoticias.com.ar\/wp-content\/uploads\/2025\/01\/image-28.png\"><img loading=\"lazy\" decoding=\"async\" class=\"wp-image-71902\" src=\"https:\/\/elfederalnoticias.com.ar\/wp-content\/uploads\/2025\/01\/image-28-1024x682.png\" sizes=\"auto, (max-width: 1024px) 100vw, 1024px\" srcset=\"https:\/\/elfederalnoticias.com.ar\/wp-content\/uploads\/2025\/01\/image-28-1024x682.png 1024w, https:\/\/elfederalnoticias.com.ar\/wp-content\/uploads\/2025\/01\/image-28-300x200.png 300w, https:\/\/elfederalnoticias.com.ar\/wp-content\/uploads\/2025\/01\/image-28-768x512.png 768w, https:\/\/elfederalnoticias.com.ar\/wp-content\/uploads\/2025\/01\/image-28-150x100.png 150w, https:\/\/elfederalnoticias.com.ar\/wp-content\/uploads\/2025\/01\/image-28-450x300.png 450w, https:\/\/elfederalnoticias.com.ar\/wp-content\/uploads\/2025\/01\/image-28-1200x800.png 1200w, https:\/\/elfederalnoticias.com.ar\/wp-content\/uploads\/2025\/01\/image-28.png 1280w\" alt=\"\" width=\"1024\" height=\"682\" \/><\/a><figcaption class=\"wp-element-caption\"><\/figcaption>&nbsp;<\/figure>\n<\/div>\n<figure class=\"wp-block-embed aligncenter is-type-rich is-provider-twitter wp-block-embed-twitter\">\n<div class=\"wp-block-embed__wrapper\">\n<div class=\"twitter-tweet twitter-tweet-rendered\"><iframe id=\"twitter-widget-0\" class=\"\" title=\"X Post\" src=\"https:\/\/platform.twitter.com\/embed\/Tweet.html?creatorScreenName=EFnoticiasok&amp;dnt=true&amp;embedId=twitter-widget-0&amp;features=eyJ0ZndfdGltZWxpbmVfbGlzdCI6eyJidWNrZXQiOltdLCJ2ZXJzaW9uIjpudWxsfSwidGZ3X2ZvbGxvd2VyX2NvdW50X3N1bnNldCI6eyJidWNrZXQiOnRydWUsInZlcnNpb24iOm51bGx9LCJ0ZndfdHdlZXRfZWRpdF9iYWNrZW5kIjp7ImJ1Y2tldCI6Im9uIiwidmVyc2lvbiI6bnVsbH0sInRmd19yZWZzcmNfc2Vzc2lvbiI6eyJidWNrZXQiOiJvbiIsInZlcnNpb24iOm51bGx9LCJ0ZndfZm9zbnJfc29mdF9pbnRlcnZlbnRpb25zX2VuYWJsZWQiOnsiYnVja2V0Ijoib24iLCJ2ZXJzaW9uIjpudWxsfSwidGZ3X21peGVkX21lZGlhXzE1ODk3Ijp7ImJ1Y2tldCI6InRyZWF0bWVudCIsInZlcnNpb24iOm51bGx9LCJ0ZndfZXhwZXJpbWVudHNfY29va2llX2V4cGlyYXRpb24iOnsiYnVja2V0IjoxMjA5NjAwLCJ2ZXJzaW9uIjpudWxsfSwidGZ3X3Nob3dfYmlyZHdhdGNoX3Bpdm90c19lbmFibGVkIjp7ImJ1Y2tldCI6Im9uIiwidmVyc2lvbiI6bnVsbH0sInRmd19kdXBsaWNhdGVfc2NyaWJlc190b19zZXR0aW5ncyI6eyJidWNrZXQiOiJvbiIsInZlcnNpb24iOm51bGx9LCJ0ZndfdXNlX3Byb2ZpbGVfaW1hZ2Vfc2hhcGVfZW5hYmxlZCI6eyJidWNrZXQiOiJvbiIsInZlcnNpb24iOm51bGx9LCJ0ZndfdmlkZW9faGxzX2R5bmFtaWNfbWFuaWZlc3RzXzE1MDgyIjp7ImJ1Y2tldCI6InRydWVfYml0cmF0ZSIsInZlcnNpb24iOm51bGx9LCJ0ZndfbGVnYWN5X3RpbWVsaW5lX3N1bnNldCI6eyJidWNrZXQiOnRydWUsInZlcnNpb24iOm51bGx9LCJ0ZndfdHdlZXRfZWRpdF9mcm9udGVuZCI6eyJidWNrZXQiOiJvbiIsInZlcnNpb24iOm51bGx9fQ%3D%3D&amp;frame=false&amp;hideCard=false&amp;hideThread=false&amp;id=1875250478054801436&amp;lang=es&amp;origin=https%3A%2F%2Felfederalnoticias.com.ar%2Fla-rioja-gasta-109-millones-para-que-el-hijo-de-la-vicegobernadora-corra-en-el-tc%2F&amp;sessionId=cdb4800a859db060060a0abd5b5dfbcf741854b8&amp;siteScreenName=EFnoticiasok&amp;theme=light&amp;widgetsVersion=2615f7e52b7e0%3A1702314776716&amp;width=550px\" frameborder=\"0\" scrolling=\"no\" allowfullscreen=\"allowfullscreen\" data-tweet-id=\"1875250478054801436\" data-mce-fragment=\"1\"><\/iframe><\/div>\n<\/div>\n<\/figure>\n<\/div>\n<\/div>\n<\/article>\n<\/div>\n<\/div>\n<\/div>\n<\/div>\n","protected":false},"excerpt":{"rendered":"<p>Mientras la provincia est\u00e1 en default y los estatales tienen los salarios m\u00e1s bajos, la n\u00famero dos del gobernador Ricardo Quintela financia la carrera automovil\u00edstica de su hijo con plata del Estado provincial: qui\u00e9nes son. El\u00a0Gobierno de La Rioja\u00a0gasta 109 millones de pesos en esponsorear un auto del\u00a0TC. Pero no se trata de cualquier autom\u00f3vil, &hellip;<\/p>\n","protected":false},"author":2,"featured_media":5684,"comment_status":"open","ping_status":"open","sticky":false,"template":"","format":"standard","meta":{"footnotes":""},"categories":[29,294,33],"tags":[1436,1437],"class_list":["post-5683","post","type-post","status-publish","format-standard","has-post-thumbnail","hentry","category-deportes","category-futbol","category-nacionales","tag-joaquin-torres","tag-tc"],"_links":{"self":[{"href":"https:\/\/cafeprensa.com.ar\/index.php\/wp-json\/wp\/v2\/posts\/5683","targetHints":{"allow":["GET"]}}],"collection":[{"href":"https:\/\/cafeprensa.com.ar\/index.php\/wp-json\/wp\/v2\/posts"}],"about":[{"href":"https:\/\/cafeprensa.com.ar\/index.php\/wp-json\/wp\/v2\/types\/post"}],"author":[{"embeddable":true,"href":"https:\/\/cafeprensa.com.ar\/index.php\/wp-json\/wp\/v2\/users\/2"}],"replies":[{"embeddable":true,"href":"https:\/\/cafeprensa.com.ar\/index.php\/wp-json\/wp\/v2\/comments?post=5683"}],"version-history":[{"count":2,"href":"https:\/\/cafeprensa.com.ar\/index.php\/wp-json\/wp\/v2\/posts\/5683\/revisions"}],"predecessor-version":[{"id":5688,"href":"https:\/\/cafeprensa.com.ar\/index.php\/wp-json\/wp\/v2\/posts\/5683\/revisions\/5688"}],"wp:featuredmedia":[{"embeddable":true,"href":"https:\/\/cafeprensa.com.ar\/index.php\/wp-json\/wp\/v2\/media\/5684"}],"wp:attachment":[{"href":"https:\/\/cafeprensa.com.ar\/index.php\/wp-json\/wp\/v2\/media?parent=5683"}],"wp:term":[{"taxonomy":"category","embeddable":true,"href":"https:\/\/cafeprensa.com.ar\/index.php\/wp-json\/wp\/v2\/categories?post=5683"},{"taxonomy":"post_tag","embeddable":true,"href":"https:\/\/cafeprensa.com.ar\/index.php\/wp-json\/wp\/v2\/tags?post=5683"}],"curies":[{"name":"wp","href":"https:\/\/api.w.org\/{rel}","templated":true}]}}