{"id":5689,"date":"2025-01-05T16:10:42","date_gmt":"2025-01-05T15:10:42","guid":{"rendered":"https:\/\/cafeprensa.com.ar\/?p=5689"},"modified":"2025-01-05T16:11:27","modified_gmt":"2025-01-05T15:11:27","slug":"messi-se-perdio-el-encuentro-con-joe-biden-en-la-casa-blanca","status":"publish","type":"post","link":"https:\/\/cafeprensa.com.ar\/index.php\/2025\/01\/05\/messi-se-perdio-el-encuentro-con-joe-biden-en-la-casa-blanca\/","title":{"rendered":"Messi se perdi\u00f3 el encuentro con Joe Biden en la Casa Blanca"},"content":{"rendered":"<div class=\"sc-968f7cb1-0 jmXtfk normal-header false normal-header false\">\n<div class=\"sc-968f7cb1-0 jmXtfk shared-header shared-header\">\n<div class=\"mt\">\n<p class=\"storyTitle\">Messi recibi\u00f3 la Medalla Presidencial de la Libertad, pero no pudo viajar a EE.UU. y se perdi\u00f3 el encuentro con Joe Biden en la Casa Blanca. El capit\u00e1n de la Selecci\u00f3n aleg\u00f3<strong> \u00abconflictos de agenda\u00bb<\/strong> y no hizo a tiempo para llegar a Washington. El rosarino es el primer argentino en recibir la m\u00e1xima condecoraci\u00f3n civil del pa\u00eds norteamericano. Tambi\u00e9n reconocieron a <strong>Hillary Clinton, Bono, Magic Johnson, Denzel Washington y Michael Fox, entre otras celebridades.<\/strong><\/p>\n<\/div>\n<\/div>\n<\/div>\n<section class=\"sc-fb6646af-1 bCQdLm\">\n<article id=\"storyBody\" class=\"sc-fb6646af-2 cxxwNX\">\n<div class=\"StoryTextContainer vsmcontent\" data-mrf-recirculation=\"Article Body\">\n<div id=\"containerUalter\" class=\"trinity-skip-it\">\n<div class=\"ualter_content\">\n<section class=\"accordion\">\n<div class=\"tab\">\n<div class=\"tab__content\"><\/div>\n<\/div>\n<\/section>\n<\/div>\n<\/div>\n<div id=\"cuerpo\">\n<div class=\"sc-80531b6b-0 chRIGJ container-text text-embed\">\n<p><strong>Lionel Messi<\/strong>, a los 37 a\u00f1os y en la recta final de su vida como deportista profesional, no para de ganar premios y cosechar reconocimientos. Este s\u00e1bado fue condecorado con\u00a0<strong>la Medalla Presidencial de la Libertad, el m\u00e1ximo honor civil en Estados Unidos.\u00a0<\/strong>Sin embargo,\u00a0<strong>el capit\u00e1n de la Selecci\u00f3n Argentina fue el \u00fanico de los homenajeados -en algunos casos fueron representados por emisarios- que no recibi\u00f3 el galard\u00f3n de manos del presidente Joe Biden<\/strong>, quien en uno de sus \u00faltimos actos oficiales de gesti\u00f3n encabez\u00f3 una emotiva ceremonia en el\u00a0<strong>Sal\u00f3n Este<\/strong>\u00a0de la\u00a0<strong>Casa Blanca<\/strong>. \u00bfLa raz\u00f3n? Seg\u00fan pudo averiguar\u00a0<strong>Clar\u00edn<\/strong>, el futbolista hab\u00eda avisado d\u00edas atr\u00e1s que no participar\u00eda de la gala por<strong>\u00a0\u00abconflictos con su agenda\u00bb<\/strong>\u00a0que le impidieron hacerse tiempo para viajar y decir presente en Washington.<\/p>\n<\/div>\n<div class=\"sc-80531b6b-0 chRIGJ container-text text-embed\">\n<p>De acuerdo a la reconstrucci\u00f3n que pudo hacer este diario, Messi se enter\u00f3 que recibir\u00eda la condecoraci\u00f3n a finales de diciembre cuando\u00a0<strong>ya ten\u00eda una serie compromisos asumidos en Argentina<\/strong>, donde pasa unas largas vacaciones en familia a la espera de reintegrarse a los entrenamientos con\u00a0<strong>Inter Miami<\/strong>, ahora bajo el mando de\u00a0<strong>Javier Mascherano<\/strong>. Es por eso que apenas supo de la convocatoria -la invitaci\u00f3n primero pas\u00f3 por manos de la FIFA y luego por las oficinas de su club-,\u00a0<em>Leo<\/em>\u00a0le envi\u00f3 un mensaje de agradecimiento a Biden y\u00a0<strong>explic\u00f3, a trav\u00e9s de esa misiva, los motivos por los cuales no asistir\u00eda a la ceremonia.<\/strong><\/p>\n<\/div>\n<div class=\"sc-80531b6b-0 chRIGJ container-text text-embed\">\n<p><em>\u00abEs un profundo honor haber sido distinguido con este reconocimiento. (&#8230;) Es un privilegio enorme y estoy profundamente agradecido por ello. (&#8230;) Lamentablemente, tengo un compromiso previo y no podr\u00e9 asistir a la ceremonia en la Casa Blanca el 4 de enero. (&#8230;) Sin embargo,<\/em><strong><em>\u00a0quiero que sepa que valoro sinceramente este gesto<\/em><\/strong><em>\u00ab<\/em>, son algunas de las frases del mensaje que le envi\u00f3 Messi, a trav\u00e9s de Inter Miami, a Biden para explicar su\u00a0<strong>ausencia anunciada\u00a0<\/strong>a una cita especial que habitualmente nadie se quiere perder.<\/p>\n<\/div>\n<div class=\"sc-80531b6b-0 chRIGJ container-text text-embed\">\n<p>En ese texto, seg\u00fan pudo saber este diario<strong>, el campe\u00f3n mundial en Qatar 2022 tambi\u00e9n dej\u00f3 abierta la posibilidad de visitar a Biden<\/strong>\u00a0para recibir la medalla personalmente cuando regrese a Estados Unidos.\u00a0<strong>Tendr\u00e1, eso s\u00ed, que apurarse: el mandato del dem\u00f3crata culmina el 20 de enero.<\/strong><\/p>\n<\/div>\n<div class=\"sc-80531b6b-0 chRIGJ container-text text-embed\">\n<p>Desde Washington, en tanto, se limitaron a explicar que el faltazo de\u00a0<em>La Pulga<\/em>\u00a0fue por\u00a0<strong><em>\u00abconflictos de agenda\u00bb<\/em><\/strong>.\u00a0<em>\u00abLa decimonovena persona elegida para recibir el premio -la megaestrella del f\u00fatbol Lionel Messi- no asisti\u00f3 a la ceremonia ni envi\u00f3 a un representante para aceptarlo en su nombre debido a un conflicto de agenda, seg\u00fan la Casa Blanca\u00bb<\/em>, consign\u00f3 este s\u00e1bado el portal de\u00a0<strong><em>The New York Times<\/em><\/strong>.<\/p>\n<\/div>\n<div class=\"sc-198be8ec-0 cynXbu image-embed image-embed \"><picture class=\"sc-198be8ec-1 kOjRiQ\"><source srcset=\"https:\/\/www.clarin.com\/img\/2025\/01\/04\/Fcbdhe-LL_720x0__1.jpg\" media=\"(min-width: 975px)\" \/><img loading=\"lazy\" decoding=\"async\" src=\"https:\/\/www.clarin.com\/img\/2025\/01\/04\/Fcbdhe-LL_720x0__1.jpg\" alt=\"Magic Johnson recibe su medalla. Foto: Leigh Vogel\/UPI\/Bloomberg\" width=\"720\" height=\"480\" data-nimg=\"1\" data-readystate=\"complete\" \/><\/picture><\/div>\n<div class=\"sc-198be8ec-0 cynXbu image-embed image-embed \"><em><strong><span class=\"epigraphe\">Magic Johnson recibe su medalla.<\/span><\/strong><\/em><\/div>\n<div class=\"sc-80531b6b-0 chRIGJ container-text text-embed\">\n<p>La\u00a0<strong>Medalla Presidencial de la Libertad<\/strong>, es un\u00a0<strong>galard\u00f3n \u00fanico y muy especial para el rosarino.\u00a0<\/strong>Y eso que acopi\u00f3 una cantidad innumerable de premios individuales a lo largo de una carrera monumental que lo llev\u00f3 a ser<strong>\u00a0el mejor futbolista de la historia<\/strong>. Es que Messi, en este caso, fue honrado con un reconocimiento que se otorga a personas que realizaron\u00a0<em>\u00abcontribuciones ejemplares a la prosperidad, los valores o la seguridad de los Estados Unidos, la paz mundial u otros esfuerzos sociales, p\u00fablicos o privados importantes\u00bb<\/em>. Se insiste:<strong>\u00a0es el m\u00e1ximo honor que puede recibir un civil en el pa\u00eds norteamericano.<\/strong><\/p>\n<\/div>\n<div class=\"sc-80531b6b-0 chRIGJ container-text text-embed\">\n<p><em>\u00abComo \u00edconos culturales, dignos estadistas, humanitarios, estrellas del rock, estrellas del deporte, alimentan a los hambrientos, dan esperanza a los que sufren y crean los signos y los sonidos de nuestros movimientos y nuestros recuerdos\u00bb<\/em>, sintetiz\u00f3 un sonriente Biden antes de comenzar con la entrega de la medalla durante una ceremonia que se extendi\u00f3 por poco m\u00e1s de media hora.<\/p>\n<\/div>\n<div class=\"sc-198be8ec-0 cynXbu image-embed image-embed \"><picture class=\"sc-198be8ec-1 kOjRiQ\"><source srcset=\"https:\/\/www.clarin.com\/img\/2025\/01\/04\/vn_Cxbo0o_720x0__1.jpg\" media=\"(min-width: 975px)\" \/><img loading=\"lazy\" decoding=\"async\" src=\"https:\/\/www.clarin.com\/img\/2025\/01\/04\/vn_Cxbo0o_720x0__1.jpg\" alt=\"El momento para Denzel Washington. Foto: EFE\" width=\"720\" height=\"480\" data-nimg=\"1\" data-readystate=\"complete\" \/><\/picture><\/div>\n<div class=\"sc-198be8ec-0 cynXbu image-embed image-embed \"><em><strong><span class=\"epigraphe\">El momento para Denzel Washington.<\/span><\/strong><\/em><\/div>\n<div class=\"sc-80531b6b-0 chRIGJ container-text text-embed\">\n<p>Seg\u00fan inform\u00f3 la Casa Blanca en un comunicado, la elecci\u00f3n del rosarino se dio no s\u00f3lo por su recorrido magistral como deportista, sino tambi\u00e9n por los programas de salud y de educaci\u00f3n para ni\u00f1os de todo el mundo que apoya por medio de la\u00a0<strong>Fundaci\u00f3n Leo Messi<\/strong>, adem\u00e1s de su labor como\u00a0<strong>embajador de Buena Voluntad de UNICEF<\/strong>.<\/p>\n<\/div>\n<div class=\"sc-80531b6b-0 chRIGJ container-text text-embed\">\n<p><strong>Un detalle nada menor<\/strong>: el crack que brill\u00f3 en el<strong>\u00a0FC Barcelona<\/strong>\u00a0no s\u00f3lo es el primer argentino que alcanza este reconocimiento, sino que tambi\u00e9n\u00a0<strong>es el primer futbolista var\u00f3n que lo consigue<\/strong>.\u00a0<strong>Megan Rapinoe<\/strong>, excapitana de la selecci\u00f3n femenina de f\u00fatbol de Estados Unidos y activista social, recibi\u00f3 la medalla en 2022, tambi\u00e9n de manos de Biden.<\/p>\n<\/div>\n<div class=\"sc-80531b6b-0 chRIGJ container-text text-embed\">\n<p>Adem\u00e1s de Messi -que ni siquiera fue mencionado durante la gala en la que los homenajeados o sus emisarios desfilaron en estricto orden alfab\u00e9tico-, hubo espacio celebridades y personalidades de todos los \u00e1mbitos. Por distintos argumentos fueron condecorados Bono, l\u00edder de la banda irlandesa\u00a0<strong>U2<\/strong>; la exsecretaria de Estado y senadora dem\u00f3crata\u00a0<strong>Hillary Clinton<\/strong>; los actores\u00a0<strong>Michael J. Fox<\/strong>\u00a0-visiblemente desmejorado en su pelea de larga data contra la enfermedad de Parkinson- y\u00a0<strong>Denzel Washington<\/strong>; el carism\u00e1tico ex basquetbolista\u00a0<strong>Earvin\u00a0<em>Magic<\/em>\u00a0Johnson<\/strong>, el dise\u00f1ador\u00a0<strong>Ralph Lauren<\/strong>, el fil\u00e1ntropo\u00a0<strong>George Soros<\/strong>\u00a0&#8211; a los 94 a\u00f1os tampoco asisti\u00f3, pero envi\u00f3 en su lugar a su hijo Alex- y la ejecutiva de los medios,\u00a0<strong>Anna Wintour<\/strong>.<\/p>\n<p><img loading=\"lazy\" decoding=\"async\" class=\"alignnone wp-image-5691 size-full\" src=\"https:\/\/cafeprensa.com.ar\/wp-content\/uploads\/2025\/01\/3248248_1_articledetail_Auch_der_frueheren_US-Aussenministerin_Hillary_Clinton_legte_Biden_die_Medaille_um.jpeg\" alt=\"\" width=\"670\" height=\"423\" srcset=\"https:\/\/cafeprensa.com.ar\/wp-content\/uploads\/2025\/01\/3248248_1_articledetail_Auch_der_frueheren_US-Aussenministerin_Hillary_Clinton_legte_Biden_die_Medaille_um.jpeg 670w, https:\/\/cafeprensa.com.ar\/wp-content\/uploads\/2025\/01\/3248248_1_articledetail_Auch_der_frueheren_US-Aussenministerin_Hillary_Clinton_legte_Biden_die_Medaille_um-300x189.jpeg 300w\" sizes=\"auto, (max-width: 670px) 100vw, 670px\" \/><\/p>\n<p><strong><span class=\"epigraphe\">Hillary Clinton.\u00a0<\/span><\/strong><\/p>\n<p>Otros beneficiarios de la Medalla de la Libertad fueron la conservacionista <strong>Jane Goodall<\/strong>\u00a0y el chef espa\u00f1ol\u00a0<strong>Jos\u00e9 Andr\u00e9s<\/strong>, que fund\u00f3\u00a0<strong>World Central Kitchen<\/strong>\u00a0y seg\u00fan la Casa Blanca \u00abrevolucion\u00f3 la forma en que la ayuda alimentaria llega a las comunidades afectadas por desastres naturales y conflictos en todo el mundo\u00bb. Tambi\u00e9n estuvieron\u00a0<strong>William Nye<\/strong>, por su defensa de la educaci\u00f3n cient\u00edfica, y\u00a0<strong>David Rubenstein<\/strong>, cofundador del Carlyle Group, por su dedicaci\u00f3n a la restauraci\u00f3n de monumentos.<\/p>\n<\/div>\n<div class=\"sc-80531b6b-0 chRIGJ container-text text-embed\">\n<p><strong>La lista de galardonados sigui\u00f3 con Tim Gill<\/strong>, activista LGBTQ+ y fundador de la empresa de software editorial\u00a0<strong>Quark<\/strong>, fue seleccionado tambi\u00e9n por ayudar a \u201cconseguir victorias clave en la lucha por la igualdad matrimonial y las protecciones contra la discriminaci\u00f3n\u201d, mientras que el cineasta\u00a0<strong>George Stevens Jr.<\/strong>, fundador del\u00a0<strong>American Film Institute<\/strong>, por \u201clos ideales estadounidenses de equidad racial y justicia durante medio siglo\u201d.<\/p>\n<\/div>\n<div class=\"sc-198be8ec-0 cynXbu image-embed image-embed \"><picture class=\"sc-198be8ec-1 kOjRiQ\"><source srcset=\"https:\/\/www.clarin.com\/img\/2025\/01\/04\/FjAtkIP71_720x0__1.jpg\" media=\"(min-width: 975px)\" \/><img loading=\"lazy\" decoding=\"async\" src=\"https:\/\/www.clarin.com\/img\/2025\/01\/04\/FjAtkIP71_720x0__1.jpg\" alt=\"Bono recibe la medalla de manos de Biden. Foto: Reuters\" width=\"720\" height=\"480\" data-nimg=\"1\" data-readystate=\"complete\" \/><\/picture><\/div>\n<div class=\"sc-198be8ec-0 cynXbu image-embed image-embed \"><strong><span class=\"epigraphe\">Bono recibe la medalla de manos de Biden.<\/span><\/strong><\/div>\n<div class=\"sc-80531b6b-0 chRIGJ container-text text-embed\">\n<p>Las cuatro medallas restantes fueron otorgadas p\u00f3stumamente:\u00a0<strong>Robert F. Kennedy<\/strong>, ex fiscal general y senador;\u00a0<strong>Ashton Carter<\/strong>, secretario de Defensa en la administraci\u00f3n de\u00a0<strong>Barack Obama<\/strong>;\u00a0<strong>Fannie Lou Hamer<\/strong>, fundadora del Partido Dem\u00f3crata de la Libertad de Mississippi que sent\u00f3 las bases para la Ley de Derecho al Voto de 1965; y\u00a0<strong>el mencionado Romney<\/strong>. En el caso de Kennedy, su hijo Robert Jr. comandar\u00e1 la secretar\u00eda de Salud y Servicios Humanos durante el inminente segundo mandato de Trump.<\/p>\n<\/div>\n<div class=\"sc-80531b6b-0 chRIGJ container-text text-embed\">\n<p>Aunque la\u00a0<strong>Medalla de la Libertad<\/strong>\u00a0no tiene por objeto ser partidista, los homenajeados pueden reflejar las inclinaciones pol\u00edticas de un presidente, tal como remarc\u00f3\u00a0<em>Bloomberg<\/em>\u00a0al citar el caso de Hillary Clinton, la candidata presidencial que compiti\u00f3 en 2016 contra\u00a0<strong>Donald Trump<\/strong>, quien regresar\u00e1 a la Casa Blanca el pr\u00f3ximo 20 de enero.<\/p>\n<\/div>\n<div class=\"sc-80531b6b-0 chRIGJ container-text text-embed\">\n<p>La dirigente dem\u00f3crata fue una de las m\u00e1s ovacionadas durante la entrega en el Sal\u00f3n Este. Algo similar, desde el punto de vista partidario, sucedi\u00f3 con el empresario y fil\u00e1ntropo Soros, un destacado partidario de las causas y candidatos liberales. Y con\u00a0<strong>George W. Romney<\/strong>, uno de las cuatro personalidades que fueron condecoradas\u00a0<em>post mortem<\/em>, fue gobernador de Michigan y secretario de Vivienda y Desarrollo Urbano. De hecho, su hijo Mitt, senador por Utah, fue uno de los republicanos m\u00e1s cr\u00edticos de Trump en los \u00faltimos a\u00f1os. Ninguno de los tres hubiera sido reconocido por el pr\u00f3ximo mandatario.<\/p>\n<\/div>\n<div class=\"sc-198be8ec-0 cynXbu image-embed image-embed \"><picture class=\"sc-198be8ec-1 kOjRiQ\"><source srcset=\"https:\/\/www.clarin.com\/img\/2025\/01\/04\/fnUpS4uQv_720x0__1.jpg\" media=\"(min-width: 975px)\" \/><img loading=\"lazy\" decoding=\"async\" src=\"https:\/\/www.clarin.com\/img\/2025\/01\/04\/fnUpS4uQv_720x0__1.jpg\" alt=\"Michael J. Fox recibe la medalla de manos de Joe Biden. Foto: REUTERS\/Ken Cedeno\" width=\"720\" height=\"480\" data-nimg=\"1\" data-readystate=\"complete\" \/><\/picture><span class=\"epigraphe\">Michael J. <strong>Fox recibe la medalla de manos de Joe Biden.\u00a0<\/strong><\/span><\/div>\n<div class=\"sc-80531b6b-0 chRIGJ container-text text-embed\">\n<p>El a\u00f1o pasado, Biden le hab\u00eda otorgado la Medalla Presidencial de la Libertad a otras 19 personas, incluyendo al fallecido\u00a0<strong>Medgar Evers<\/strong>, la ex presidenta de la C\u00e1mara de Representantes\u00a0<strong>Nancy Pelosi<\/strong>, el representante\u00a0<strong>James Clyburn<\/strong>\u00a0de Carolina del Sur y la actriz\u00a0<strong>Michelle Yeoh<\/strong>. Algunos de los galardonados m\u00e1s notables desde la creaci\u00f3n de la distinci\u00f3n fueron\u00a0<strong>Martin Luther King Jr.<\/strong>,\u00a0<strong>Albert Sabin<\/strong>,\u00a0<strong>Angela Merkel<\/strong>, la\u00a0<strong>Madre Teresa de Calcuta<\/strong>,\u00a0<strong>Kareem Abdul Jabbar,<\/strong>\u00a0<strong>Steven Spielberg<\/strong>,\u00a0<strong>Muhammad Ali<\/strong>,\u00a0<strong>Michael Jordan<\/strong>,\u00a0<strong>Tom Hanks<\/strong>,\u00a0<strong>Steve Jobs<\/strong>,\u00a0<strong>Simone Biles<\/strong>\u00a0y\u00a0<strong>Bill Gates<\/strong>.<\/p>\n<\/div>\n<\/div>\n<\/div>\n<\/article>\n<\/section>\n","protected":false},"excerpt":{"rendered":"<p>Messi recibi\u00f3 la Medalla Presidencial de la Libertad, pero no pudo viajar a EE.UU. y se perdi\u00f3 el encuentro con Joe Biden en la Casa Blanca. El capit\u00e1n de la Selecci\u00f3n aleg\u00f3 \u00abconflictos de agenda\u00bb y no hizo a tiempo para llegar a Washington. El rosarino es el primer argentino en recibir la m\u00e1xima condecoraci\u00f3n &hellip;<\/p>\n","protected":false},"author":2,"featured_media":5690,"comment_status":"open","ping_status":"open","sticky":false,"template":"","format":"standard","meta":{"footnotes":""},"categories":[54,35],"tags":[1439,1440,1442,1441,1438,46,1132,1444,1446,1443,1445],"class_list":["post-5689","post","type-post","status-publish","format-standard","has-post-thumbnail","hentry","category-interes-ganeral","category-internacionales","tag-albert-sabin","tag-angela-merkel","tag-kareem-abdul-jabbar","tag-la-madre-teresa-de-calcuta","tag-martin-luther-king-jr","tag-messi","tag-michael-jordan","tag-muhammad-ali","tag-steve-jobs","tag-steven-spielberg","tag-tom-hanks"],"_links":{"self":[{"href":"https:\/\/cafeprensa.com.ar\/index.php\/wp-json\/wp\/v2\/posts\/5689","targetHints":{"allow":["GET"]}}],"collection":[{"href":"https:\/\/cafeprensa.com.ar\/index.php\/wp-json\/wp\/v2\/posts"}],"about":[{"href":"https:\/\/cafeprensa.com.ar\/index.php\/wp-json\/wp\/v2\/types\/post"}],"author":[{"embeddable":true,"href":"https:\/\/cafeprensa.com.ar\/index.php\/wp-json\/wp\/v2\/users\/2"}],"replies":[{"embeddable":true,"href":"https:\/\/cafeprensa.com.ar\/index.php\/wp-json\/wp\/v2\/comments?post=5689"}],"version-history":[{"count":2,"href":"https:\/\/cafeprensa.com.ar\/index.php\/wp-json\/wp\/v2\/posts\/5689\/revisions"}],"predecessor-version":[{"id":5693,"href":"https:\/\/cafeprensa.com.ar\/index.php\/wp-json\/wp\/v2\/posts\/5689\/revisions\/5693"}],"wp:featuredmedia":[{"embeddable":true,"href":"https:\/\/cafeprensa.com.ar\/index.php\/wp-json\/wp\/v2\/media\/5690"}],"wp:attachment":[{"href":"https:\/\/cafeprensa.com.ar\/index.php\/wp-json\/wp\/v2\/media?parent=5689"}],"wp:term":[{"taxonomy":"category","embeddable":true,"href":"https:\/\/cafeprensa.com.ar\/index.php\/wp-json\/wp\/v2\/categories?post=5689"},{"taxonomy":"post_tag","embeddable":true,"href":"https:\/\/cafeprensa.com.ar\/index.php\/wp-json\/wp\/v2\/tags?post=5689"}],"curies":[{"name":"wp","href":"https:\/\/api.w.org\/{rel}","templated":true}]}}