{"id":5709,"date":"2025-01-06T14:22:50","date_gmt":"2025-01-06T13:22:50","guid":{"rendered":"https:\/\/cafeprensa.com.ar\/?p=5709"},"modified":"2025-01-06T14:22:50","modified_gmt":"2025-01-06T13:22:50","slug":"con-un-presupuesto-de-mas-de-43-mil-millones-se-licitara-la-obra-del-nuevo-polo-deportivo-en-febrero","status":"publish","type":"post","link":"https:\/\/cafeprensa.com.ar\/index.php\/2025\/01\/06\/con-un-presupuesto-de-mas-de-43-mil-millones-se-licitara-la-obra-del-nuevo-polo-deportivo-en-febrero\/","title":{"rendered":"Con un presupuesto de m\u00e1s de $43 mil millones, se licitar\u00e1 la obra del nuevo Polo Deportivo en febrero"},"content":{"rendered":"<div class=\"the-post-header s-head-modern s-head-modern-a has-share-meta-right\">\n<div class=\"post-meta post-meta-a post-meta-left post-meta-single has-below\">\n<div class=\"meta-below-has-right\">\n<div class=\"post-share post-share-b spc-social-colors  post-share-b3 post-share-b-circles post-share-b3-circles\">La convocatoria, establecida mediante la <strong>Resoluci\u00f3n N\u00ba 68 de la Subsecretar\u00eda de Procedimientos de Contrataciones de Obras P\u00fablicas<\/strong> \u2013 publicada este lunes en el Bolet\u00edn Oficia.<\/div>\n<\/div>\n<\/div>\n<\/div>\n<div class=\"the-post s-post-modern\">\n<article id=\"post-71920\" class=\"post-71920 post type-post status-publish format-standard has-post-thumbnail category-salta category-z4-destacada\">\n<div class=\"post-content-wrap has-share-float\">\n<div class=\"post-content cf entry-content content-spacious\">\n<p>El Gobierno de Salta anunci\u00f3 oficialmente la apertura del proceso licitatorio para la construcci\u00f3n del Polo Deportivo en la ciudad capital, con un presupuesto inicial que supera los <strong>$43.522 millones<\/strong>. Este megaproyecto tiene un plazo estimado de ejecuci\u00f3n de 730 d\u00edas corridos y se llevar\u00e1 a cabo bajo la modalidad de ajuste alzado.<\/p>\n<p>La convocatoria, establecida mediante la<strong> Resoluci\u00f3n N\u00ba 68 de la Subsecretar\u00eda de Procedimientos de Contrataciones de Obras P\u00fablicas<\/strong> \u2013 publicada este lunes en el Bolet\u00edn Oficial \u2013 , incluye la aprobaci\u00f3n de los pliegos de bases, especificaciones t\u00e9cnicas y planos que regir\u00e1n el proceso. Los interesados podr\u00e1n consultar estos documentos en el sitio web oficial o en las oficinas correspondientes del Centro C\u00edvico Grand Bourg.<\/p>\n<p><img loading=\"lazy\" decoding=\"async\" class=\"alignnone wp-image-5710 size-large\" src=\"https:\/\/cafeprensa.com.ar\/wp-content\/uploads\/2025\/01\/9341-el-gobernador-gustavo-saenz-anuncio-el-inicio-del-proceso-licitatorio-del-nuevo-polo-deportivo-de-salta-1024x576.webp\" alt=\"\" width=\"1024\" height=\"576\" srcset=\"https:\/\/cafeprensa.com.ar\/wp-content\/uploads\/2025\/01\/9341-el-gobernador-gustavo-saenz-anuncio-el-inicio-del-proceso-licitatorio-del-nuevo-polo-deportivo-de-salta-1024x576.webp 1024w, https:\/\/cafeprensa.com.ar\/wp-content\/uploads\/2025\/01\/9341-el-gobernador-gustavo-saenz-anuncio-el-inicio-del-proceso-licitatorio-del-nuevo-polo-deportivo-de-salta-300x169.webp 300w, https:\/\/cafeprensa.com.ar\/wp-content\/uploads\/2025\/01\/9341-el-gobernador-gustavo-saenz-anuncio-el-inicio-del-proceso-licitatorio-del-nuevo-polo-deportivo-de-salta-768x432.webp 768w, https:\/\/cafeprensa.com.ar\/wp-content\/uploads\/2025\/01\/9341-el-gobernador-gustavo-saenz-anuncio-el-inicio-del-proceso-licitatorio-del-nuevo-polo-deportivo-de-salta-390x220.webp 390w, https:\/\/cafeprensa.com.ar\/wp-content\/uploads\/2025\/01\/9341-el-gobernador-gustavo-saenz-anuncio-el-inicio-del-proceso-licitatorio-del-nuevo-polo-deportivo-de-salta.webp 1066w\" sizes=\"auto, (max-width: 1024px) 100vw, 1024px\" \/><\/p>\n<p>El llamado a licitaci\u00f3n se realizar\u00e1 el pr\u00f3ximo 10 de febrero a las 10:00 horas en la sede de la Subsecretar\u00eda de Procedimientos de Contrataciones de Obras P\u00fablicas. Entre los miembros designados para la Comisi\u00f3n de Preadjudicaci\u00f3n se encuentran reconocidos profesionales como el <strong>Dr. Marcelo D\u2019Andrea y los arquitectos Marcos Rizzotti y Omar Carpio,<\/strong> entre otros.<\/p>\n<p>Esta obra emblem\u00e1tica busca fortalecer la infraestructura deportiva de la provincia y fomentar el desarrollo de actividades recreativas y competitivas. La inversi\u00f3n est\u00e1 prevista en el marco de los presupuestos aprobados para 2025 y cuenta con el respaldo de distintas \u00e1reas gubernamentales, como la Secretar\u00eda de Finanzas y la Oficina Provincial de Presupuesto.<\/p>\n<\/div>\n<\/div>\n<\/article>\n<\/div>\n","protected":false},"excerpt":{"rendered":"<p>La convocatoria, establecida mediante la Resoluci\u00f3n N\u00ba 68 de la Subsecretar\u00eda de Procedimientos de Contrataciones de Obras P\u00fablicas \u2013 publicada este lunes en el Bolet\u00edn Oficia. El Gobierno de Salta anunci\u00f3 oficialmente la apertura del proceso licitatorio para la construcci\u00f3n del Polo Deportivo en la ciudad capital, con un presupuesto inicial que supera los $43.522 &hellip;<\/p>\n","protected":false},"author":2,"featured_media":5711,"comment_status":"open","ping_status":"open","sticky":false,"template":"","format":"standard","meta":{"footnotes":""},"categories":[29,294,33],"tags":[1449,96],"class_list":["post-5709","post","type-post","status-publish","format-standard","has-post-thumbnail","hentry","category-deportes","category-futbol","category-nacionales","tag-polo-deportivo","tag-salta"],"_links":{"self":[{"href":"https:\/\/cafeprensa.com.ar\/index.php\/wp-json\/wp\/v2\/posts\/5709","targetHints":{"allow":["GET"]}}],"collection":[{"href":"https:\/\/cafeprensa.com.ar\/index.php\/wp-json\/wp\/v2\/posts"}],"about":[{"href":"https:\/\/cafeprensa.com.ar\/index.php\/wp-json\/wp\/v2\/types\/post"}],"author":[{"embeddable":true,"href":"https:\/\/cafeprensa.com.ar\/index.php\/wp-json\/wp\/v2\/users\/2"}],"replies":[{"embeddable":true,"href":"https:\/\/cafeprensa.com.ar\/index.php\/wp-json\/wp\/v2\/comments?post=5709"}],"version-history":[{"count":1,"href":"https:\/\/cafeprensa.com.ar\/index.php\/wp-json\/wp\/v2\/posts\/5709\/revisions"}],"predecessor-version":[{"id":5712,"href":"https:\/\/cafeprensa.com.ar\/index.php\/wp-json\/wp\/v2\/posts\/5709\/revisions\/5712"}],"wp:featuredmedia":[{"embeddable":true,"href":"https:\/\/cafeprensa.com.ar\/index.php\/wp-json\/wp\/v2\/media\/5711"}],"wp:attachment":[{"href":"https:\/\/cafeprensa.com.ar\/index.php\/wp-json\/wp\/v2\/media?parent=5709"}],"wp:term":[{"taxonomy":"category","embeddable":true,"href":"https:\/\/cafeprensa.com.ar\/index.php\/wp-json\/wp\/v2\/categories?post=5709"},{"taxonomy":"post_tag","embeddable":true,"href":"https:\/\/cafeprensa.com.ar\/index.php\/wp-json\/wp\/v2\/tags?post=5709"}],"curies":[{"name":"wp","href":"https:\/\/api.w.org\/{rel}","templated":true}]}}