{"id":5721,"date":"2025-01-06T21:06:16","date_gmt":"2025-01-06T20:06:16","guid":{"rendered":"https:\/\/cafeprensa.com.ar\/?p=5721"},"modified":"2025-01-06T21:06:16","modified_gmt":"2025-01-06T20:06:16","slug":"la-nacion-tiene-60-dias-para-responderle-a-enrique-romero-su-demanda-por-los-superpoderes-de-milei","status":"publish","type":"post","link":"https:\/\/cafeprensa.com.ar\/index.php\/2025\/01\/06\/la-nacion-tiene-60-dias-para-responderle-a-enrique-romero-su-demanda-por-los-superpoderes-de-milei\/","title":{"rendered":"La Naci\u00f3n tiene 60 d\u00edas para responderle a Enrique Romero su demanda por los \u00absuperpoderes\u00bb de Milei"},"content":{"rendered":"<div>La Justicia federal notific\u00f3 a las partes en la demanda que inici\u00f3 Enrique Romero contra el Estado Nacional por la inconstitucionalidad de los <strong>\u00absuperpoderes\u00bb conferidos al presidente, Javier Milei, que forman parte de los art\u00edculos de la denominada \u00abLey Bases\u00bb<\/strong>. La Naci\u00f3n tiene hasta comienzos de abril para responder.<\/div>\n<div><\/div>\n<div>\u00abEn consecuencia, con las copias respectivas, c\u00f3rrase traslado de la demanda al ESTADO NACIONAL por el plazo de SESENTA D\u00cdAS, con m\u00e1s seis (6) en raz\u00f3n de la distancia dentro del cual la demandada deber\u00e1 comparecer a estar a derecho, bajo apercibimiento de ley\u00bb, reza el despacho de la Justicia Federal en la causa<strong> \u00abRomero, Enrique Fernando contra el Estado Nacional de la Rep\u00fablica Argentina sobre Acci\u00f3n Meramente Declarativa de Derecho\u00bb.<\/strong><\/div>\n<div><\/div>\n<div>Romero hab\u00eda demandado en la Justicia Federal al Estado Nacional planteando la inconstitucionalidad de los art\u00edculos de la Ley Bases -sancionada el a\u00f1o pasado- que le asignan a Milei facultades extraordinarias mediante la delegaci\u00f3n de funciones que le son propias al Congreso de la Naci\u00f3n.<\/div>\n<p><strong>\u00abInterpuse una demanda de acci\u00f3n aut\u00f3noma de nulidad en el Juzgado Federal n\u00famero 1 contra el Estado Nacional a trav\u00e9s de una acci\u00f3n meramente declarativa de nulidad manifiesta y absoluta por la delegaci\u00f3n de facultades conferida a la Presidencia de la Naci\u00f3n a partir de la aprobaci\u00f3n de la ley denominada de Bases, violando la Constituci\u00f3n Nacional en su art\u00edculos 29; violando el C\u00f3digo de Procedimiento Civil y Comercial en el art\u00edculo 330 y los art\u00edculos 386, 389, 387, 390 y 392 del mismo C\u00f3digo Civil y Comercial\u00bb,<\/strong> hab\u00eda planteado el tucumano.<\/p>\n<p>El cap\u00edtulo de la Ley Bases cuestionado permite al Presidente de la Naci\u00f3n realizar reformas sin pasar por el Congreso de la Naci\u00f3n -aunque expresamente requieran de la aprobaci\u00f3n de las C\u00e1maras-, que se circunscribe a fiscalizar al Ejecutivo. En el camino, sin embargo, el Gobierno tuvo que ceder y realiz\u00f3 concesiones que permitieron que las facultades delegadas, <strong>inicialmente pensadas en 11 materias,<\/strong> pasen a cuatro espectros: materia administrativa, econ\u00f3mica, financiera y energ\u00e9tica. De esta manera, Milei puede modificar por decreto la estructura y los objetivos de cientos de organismos y empresas del estado, a la vez que autorizar la enajenaci\u00f3n de bienes.<\/p>\n<p>\u00abEs importante recalcarlo porque se han cometido abusos y se ha perdido la concepci\u00f3n de rep\u00fablica, el pueblo gobierna a trav\u00e9s de sus representantes y ac\u00e1 han sido delegadas las potestades de sus representantes en suma al presidente de la rep\u00fablica\u00bb, insisti\u00f3 Romero. Y agreg\u00f3:<strong> \u00abLos ciudadanos no votamos esta delegaci\u00f3n de facultades, no fue parte de la plataforma de campa\u00f1a de la Restauradora Avanza (como le digo a LLA). No estamos en guerra civil o en emergencia p\u00fablica para que el Congreso otorgue facultades extraordinarias, que deben ser fijadas para tem\u00e1ticas espec\u00edficas, casos puntuales y por un plazo determinado\u00bb<\/strong>, hab\u00eda explicado Romero.<\/p>\n","protected":false},"excerpt":{"rendered":"<p>La Justicia federal notific\u00f3 a las partes en la demanda que inici\u00f3 Enrique Romero contra el Estado Nacional por la inconstitucionalidad de los \u00absuperpoderes\u00bb conferidos al presidente, Javier Milei, que forman parte de los art\u00edculos de la denominada \u00abLey Bases\u00bb. La Naci\u00f3n tiene hasta comienzos de abril para responder. \u00abEn consecuencia, con las copias respectivas, &hellip;<\/p>\n","protected":false},"author":2,"featured_media":5722,"comment_status":"open","ping_status":"open","sticky":false,"template":"","format":"standard","meta":{"footnotes":""},"categories":[47,34],"tags":[49,41,480],"class_list":["post-5721","post","type-post","status-publish","format-standard","has-post-thumbnail","hentry","category-justicia","category-locales","tag-juicio","tag-milei","tag-romero"],"_links":{"self":[{"href":"https:\/\/cafeprensa.com.ar\/index.php\/wp-json\/wp\/v2\/posts\/5721","targetHints":{"allow":["GET"]}}],"collection":[{"href":"https:\/\/cafeprensa.com.ar\/index.php\/wp-json\/wp\/v2\/posts"}],"about":[{"href":"https:\/\/cafeprensa.com.ar\/index.php\/wp-json\/wp\/v2\/types\/post"}],"author":[{"embeddable":true,"href":"https:\/\/cafeprensa.com.ar\/index.php\/wp-json\/wp\/v2\/users\/2"}],"replies":[{"embeddable":true,"href":"https:\/\/cafeprensa.com.ar\/index.php\/wp-json\/wp\/v2\/comments?post=5721"}],"version-history":[{"count":1,"href":"https:\/\/cafeprensa.com.ar\/index.php\/wp-json\/wp\/v2\/posts\/5721\/revisions"}],"predecessor-version":[{"id":5723,"href":"https:\/\/cafeprensa.com.ar\/index.php\/wp-json\/wp\/v2\/posts\/5721\/revisions\/5723"}],"wp:featuredmedia":[{"embeddable":true,"href":"https:\/\/cafeprensa.com.ar\/index.php\/wp-json\/wp\/v2\/media\/5722"}],"wp:attachment":[{"href":"https:\/\/cafeprensa.com.ar\/index.php\/wp-json\/wp\/v2\/media?parent=5721"}],"wp:term":[{"taxonomy":"category","embeddable":true,"href":"https:\/\/cafeprensa.com.ar\/index.php\/wp-json\/wp\/v2\/categories?post=5721"},{"taxonomy":"post_tag","embeddable":true,"href":"https:\/\/cafeprensa.com.ar\/index.php\/wp-json\/wp\/v2\/tags?post=5721"}],"curies":[{"name":"wp","href":"https:\/\/api.w.org\/{rel}","templated":true}]}}