{"id":5747,"date":"2025-01-08T22:53:58","date_gmt":"2025-01-08T21:53:58","guid":{"rendered":"https:\/\/cafeprensa.com.ar\/?p=5747"},"modified":"2025-01-08T22:53:58","modified_gmt":"2025-01-08T21:53:58","slug":"el-municipio-retira-carteles-publicitarios-para-reducir-la-contaminacion-visual-en-la-ciudad","status":"publish","type":"post","link":"https:\/\/cafeprensa.com.ar\/index.php\/2025\/01\/08\/el-municipio-retira-carteles-publicitarios-para-reducir-la-contaminacion-visual-en-la-ciudad\/","title":{"rendered":"El Municipio retira carteles publicitarios para reducir la contaminaci\u00f3n visual en la ciudad"},"content":{"rendered":"<p class=\"publicadoel\"><b>\u201cCiudad sin contaminaci\u00f3n visual\u201d se denomina el operativo que lleva adelante la Municipalidad de San Miguel de Tucum\u00e1n para retirar de la v\u00eda p\u00fablica carteles publicitarios que por su gran tama\u00f1o y la ubicaci\u00f3n donde fueron colocados no respeten el C\u00f3digo de Planeamiento Urbano o que no est\u00e9n debidamente inscriptos para pagar tributos.<\/b><\/p>\n<p class=\"publicadoel\">Los procedimientos se realizan de manera coordinada entre la Direcci\u00f3n de Edificaci\u00f3n y Catastro y la Secretar\u00eda de Ingresos Municipales. En ese marco<b>, este mi\u00e9rcoles se trabaj\u00f3 en la esquina de San Juan y Jun\u00edn, en el microcentro de la ciudad, donde fueron removidos dos carteles de gran porte que no cumpl\u00edan con las normativas vigentes. \u201cLos propietarios de esos carteles hab\u00edan sido debidamente notificados para que regularicen su situaci\u00f3n hace meses, pero no hubo respuestas, por lo que se procedi\u00f3 a retirarlos\u201d<\/b>, explic\u00f3 la directora de Catastro y Edificaci\u00f3n, Claudia Carrasco, quien supervis\u00f3 el inicio del operativo.<\/p>\n<p>La funcionaria explic\u00f3 que el objetivo de estas acciones es \u201cevitar que existan en la ciudad elementos arquitect\u00f3nicos que generen efectos psicol\u00f3gicos negativos en los transe\u00fantes y automovilistas, como es el caso de los carteles que no respetan los tama\u00f1os que especifica el C\u00f3digo de Planeamiento y las zonas autorizadas para su instalaci\u00f3n\u201d.<\/p>\n<p>Carrasco indic\u00f3 que el operativo se extender\u00e1 hasta fines de febrero y precis\u00f3 que\u00a0<b>son aproximadamente 48 los carteles que ser\u00e1n retirados en distintos puntos de la capital.<\/b> \u201cLa idea es finalizar esta tarea en estos dos primeros meses del a\u00f1o que, por las vacaciones de verano, es cuando hay menos tr\u00e1nsito y movimiento en la ciudad\u201d, explic\u00f3.<\/p>\n<div>La directora de Catastro y Edificaci\u00f3n inform\u00f3 que\u00a0<b>\u201cen las primeras semanas del operativo se trabajar\u00e1 en la zona del microcentro, que es el sector donde hay m\u00e1s carteles que no cumplen con las normas, y luego se extender\u00e1 a otros puntos, como las avenidas principales\u201d.<\/b><\/div>\n<div><b><br \/>\n<\/b><iframe loading=\"lazy\" title=\"YouTube video player\" src=\"https:\/\/www.youtube.com\/embed\/hJ6s13QUprs?si=FeiWjuTq0S3apK2h\" width=\"560\" height=\"315\" frameborder=\"0\" allowfullscreen=\"allowfullscreen\" data-mce-fragment=\"1\"><\/iframe><\/div>\n<div><b>\u00a0<\/b><\/div>\n<p>Carrasco dijo que, para acompa\u00f1ar estas medidas, \u201cse publicaron en la p\u00e1gina web del Municipio www.smt.gob.ar todos los requisitos que se deben cumplir y los formularios de carteler\u00eda de soportes publicitarios para que los propietarios puedan regularizar su situaci\u00f3n\u201d.<\/p>\n<p>Adem\u00e1s, inform\u00f3 que \u201c<b>se realiz\u00f3 una campa\u00f1a de reempadro<\/b>namiento en la que se presentaron varias empresas publicitarias para ordenar esta situaci\u00f3n, ya que hac\u00eda m\u00e1s de ocho a\u00f1os que no se realizaba un ordenamiento en este sentido\u201d.<\/p>\n<p>La directora de Catastro y Edificaci\u00f3n municipal aclar\u00f3 que \u201cestas medidas no van en contra de ninguna empresa, sino a favor de todos los ciudadanos, para que todos cumplan con las mismas reglas y que exista un equilibrio y una competencia justa entre todos los comercios\u201d. A prop\u00f3sito, remarc\u00f3 que \u201cexisten tres tama\u00f1os de carteler\u00eda autorizados, hay puntos determinados dentro de la ciudad donde se pueden instalar y todos deben respetar esas normas\u201d.<\/p>\n<p>La funcionaria se\u00f1al\u00f3 que \u201cpara interiorizarse sobre los requisitos y obtener autorizaci\u00f3n para instalar carteles, las empresas publicitarias deben presentarse en la Direcci\u00f3n de Catastro y Edificaci\u00f3n (Cris\u00f3stomo \u00c1lvarez 229) donde deber\u00e1n empadronarse y tramitar los permisos\u201d. Y remarc\u00f3 que \u201cestas acciones, que se realizan por pedido de la intendenta Rossana Chahla, tienen como principal objetivo generar un espacio urbano amigable para todos los ciudadanos\u201d.<\/p>\n<p><b><u>As\u00ed funciona el operativo<br \/>\n<\/u><\/b><br \/>\nCarrasco inform\u00f3, paso a paso, c\u00f3mo funciona el operativo \u201cCiudad sin contaminaci\u00f3n visual\u201d que lleva adelante el Municipio. \u201c<b>En una primera etapa se realiz\u00f3 un relevamiento de los carteles que no respetan las normativas, se notific\u00f3 a las empresas publicitarias y a los propietarios sobre esto para que procedan a regularizar su situaci\u00f3n\u201d<\/b>, indic\u00f3. Y continu\u00f3:\u00a0<b>\u201cEn los casos en los que no hubo respuestas, a trav\u00e9s del Tribunal de Faltas se emiten \u00f3rdenes de secuestro y decomiso de esos elementos publicitarios, que luego son guardados en un galp\u00f3n del cual los propietarios podr\u00e1n retirarlos despu\u00e9s de que paguen la multa correspondiente que determine el Tribunal de Faltas\u201d<\/b>.<\/p>\n<p>La funcionaria advirti\u00f3 que\u00a0<b>\u201clos infractores tambi\u00e9n se deben hacer cargo de los costos del operativo de remoci\u00f3n de la carteler\u00eda\u201d<\/b>.<\/p>\n<p><b><u>Carteler\u00eda pol\u00edtica<br \/>\n<\/u><\/b><br \/>\nLa directora de Catastro y Edificaci\u00f3n destac\u00f3 que<b>\u00a0el operativo \u201ctambi\u00e9n alcanzar\u00e1 a los numerosos carteles con propaganda pol\u00edtica que quedaron abandonados en distintos puntos de la ciudad despu\u00e9s de las \u00faltimas campa\u00f1as electorales y que tambi\u00e9n van a ser retirados\u201d<\/b>. Por ejemplo, indic\u00f3 que<b>\u00a0\u201cen Santiago del Estero y Mu\u00f1ecas hay un cartel pol\u00edtico desde hace mucho tiempo abandonado\u201d y que ser\u00e1 retirado en las pr\u00f3ximas horas.<br \/>\n<\/b><br \/>\nLa funcionaria aclar\u00f3 que \u201cla ordenanza 4728\/14, que regula la instalaci\u00f3n de carteles en la v\u00eda p\u00fablica, no estipula un tiempo de permanencia de esa publicidad pol\u00edtica, por lo que se estudia modificar esa reglamentaci\u00f3n para que la ciudad se mantenga lo m\u00e1s limpia posible en lo que respecta a la contaminaci\u00f3n visual\u201d.<\/p>\n","protected":false},"excerpt":{"rendered":"<p>\u201cCiudad sin contaminaci\u00f3n visual\u201d se denomina el operativo que lleva adelante la Municipalidad de San Miguel de Tucum\u00e1n para retirar de la v\u00eda p\u00fablica carteles publicitarios que por su gran tama\u00f1o y la ubicaci\u00f3n donde fueron colocados no respeten el C\u00f3digo de Planeamiento Urbano o que no est\u00e9n debidamente inscriptos para pagar tributos. Los procedimientos &hellip;<\/p>\n","protected":false},"author":2,"featured_media":5748,"comment_status":"open","ping_status":"open","sticky":false,"template":"","format":"standard","meta":{"footnotes":""},"categories":[54,34],"tags":[1455,246],"class_list":["post-5747","post","type-post","status-publish","format-standard","has-post-thumbnail","hentry","category-interes-ganeral","category-locales","tag-carteles","tag-municipalidad"],"_links":{"self":[{"href":"https:\/\/cafeprensa.com.ar\/index.php\/wp-json\/wp\/v2\/posts\/5747","targetHints":{"allow":["GET"]}}],"collection":[{"href":"https:\/\/cafeprensa.com.ar\/index.php\/wp-json\/wp\/v2\/posts"}],"about":[{"href":"https:\/\/cafeprensa.com.ar\/index.php\/wp-json\/wp\/v2\/types\/post"}],"author":[{"embeddable":true,"href":"https:\/\/cafeprensa.com.ar\/index.php\/wp-json\/wp\/v2\/users\/2"}],"replies":[{"embeddable":true,"href":"https:\/\/cafeprensa.com.ar\/index.php\/wp-json\/wp\/v2\/comments?post=5747"}],"version-history":[{"count":1,"href":"https:\/\/cafeprensa.com.ar\/index.php\/wp-json\/wp\/v2\/posts\/5747\/revisions"}],"predecessor-version":[{"id":5749,"href":"https:\/\/cafeprensa.com.ar\/index.php\/wp-json\/wp\/v2\/posts\/5747\/revisions\/5749"}],"wp:featuredmedia":[{"embeddable":true,"href":"https:\/\/cafeprensa.com.ar\/index.php\/wp-json\/wp\/v2\/media\/5748"}],"wp:attachment":[{"href":"https:\/\/cafeprensa.com.ar\/index.php\/wp-json\/wp\/v2\/media?parent=5747"}],"wp:term":[{"taxonomy":"category","embeddable":true,"href":"https:\/\/cafeprensa.com.ar\/index.php\/wp-json\/wp\/v2\/categories?post=5747"},{"taxonomy":"post_tag","embeddable":true,"href":"https:\/\/cafeprensa.com.ar\/index.php\/wp-json\/wp\/v2\/tags?post=5747"}],"curies":[{"name":"wp","href":"https:\/\/api.w.org\/{rel}","templated":true}]}}