{"id":5777,"date":"2025-01-13T19:15:55","date_gmt":"2025-01-13T18:15:55","guid":{"rendered":"https:\/\/cafeprensa.com.ar\/?p=5777"},"modified":"2025-01-13T19:15:55","modified_gmt":"2025-01-13T18:15:55","slug":"este-auto-fue-elegido-como-el-mejor-de-argentina-para-2025","status":"publish","type":"post","link":"https:\/\/cafeprensa.com.ar\/index.php\/2025\/01\/13\/este-auto-fue-elegido-como-el-mejor-de-argentina-para-2025\/","title":{"rendered":"Este auto fue elegido como el mejor de Argentina para 2025"},"content":{"rendered":"<header class=\"article-top\">\n<div class=\"epigraph full padding-lr\">Se trata de un modelo lanzado a mediados del 2024, que se destac\u00f3 por su combinaci\u00f3n de dise\u00f1o, tecnolog\u00eda y buena relaci\u00f3n precio-calidad<\/div>\n<div class=\"category padding-lr\"><\/div>\n<div class=\"image-container img-wide padding-b\"><picture><source class=\"\" srcset=\"https:\/\/resizer.iproimg.com\/unsafe\/360x\/filters:format(webp):quality(85)\/https:\/\/assets.iprofesional.com\/assets\/jpg\/2024\/07\/579334.jpg\" media=\"(max-width:360px)\" data-srcset=\"https:\/\/resizer.iproimg.com\/unsafe\/360x\/filters:format(webp):quality(85)\/https:\/\/assets.iprofesional.com\/assets\/jpg\/2024\/07\/579334.jpg\" \/><source class=\"\" srcset=\"https:\/\/resizer.iproimg.com\/unsafe\/360x\/filters:format(webp):quality(85)\/https:\/\/assets.iprofesional.com\/assets\/jpg\/2024\/07\/579334.jpg\" media=\"(max-width:430px)\" data-srcset=\"https:\/\/resizer.iproimg.com\/unsafe\/360x\/filters:format(webp):quality(85)\/https:\/\/assets.iprofesional.com\/assets\/jpg\/2024\/07\/579334.jpg\" \/><source class=\"\" srcset=\"https:\/\/resizer.iproimg.com\/unsafe\/640x\/filters:format(webp):quality(85)\/https:\/\/assets.iprofesional.com\/assets\/jpg\/2024\/07\/579334.jpg\" media=\"(max-width:956px)\" data-srcset=\"https:\/\/resizer.iproimg.com\/unsafe\/640x\/filters:format(webp):quality(85)\/https:\/\/assets.iprofesional.com\/assets\/jpg\/2024\/07\/579334.jpg\" \/><img decoding=\"async\" class=\"\" src=\"https:\/\/resizer.iproimg.com\/unsafe\/1280x\/filters:format(webp):quality(85)\/https:\/\/assets.iprofesional.com\/assets\/jpg\/2024\/07\/579334.jpg\" alt=\"El interior del Renaul Kardian, elegido el mejor auto del 2025\" width=\"1280px\" height=\"720px\" data-src=\"https:\/\/resizer.iproimg.com\/unsafe\/1280x\/filters:format(webp):quality(85)\/https:\/\/assets.iprofesional.com\/assets\/jpg\/2024\/07\/579334.jpg\" \/><\/picture><\/div>\n<\/header>\n<div class=\"article-content full padding-lr\">\n<p data-mrf-recirculation=\"Links art\u00edculo\">El\u00a0<a href=\"https:\/\/www.iprofesional.com\/autos\/411653-nuevo-auto-renault-kardian-se-lanzo-en-argentina-cuanto-sale\" target=\"_blank\" rel=\"noopener noreferrer\" data-mrf-link=\"https:\/\/www.iprofesional.com\/autos\/411653-nuevo-auto-renault-kardian-se-lanzo-en-argentina-cuanto-sale\">Renault Kardian, el nuevo modelo de la marca del rombo\u00a0<\/a>lanzado a mediados de 2024, fue elegido como el\u00a0<strong>\u00abAuto del A\u00f1o 2025\u00bb<\/strong>\u00a0por un grupo de expertos. En la votaci\u00f3n, se impuso a otros veh\u00edculos como el\u00a0<strong>Peugeot 2008, Hyundai HB20 y Fiat Fastback<\/strong>, entre otros.<\/p>\n<p data-mrf-recirculation=\"Links art\u00edculo\">La distinci\u00f3n fue otorgada por el\u00a0<strong>Grupo Premia<\/strong>, compuesto por periodistas y especialistas de la industria automotriz. Destacaron del<strong>\u00a0Kardian su equilibrada combinaci\u00f3n de dise\u00f1o moderno, tecnolog\u00eda, alto desempe\u00f1o, seguridad y buena relaci\u00f3n precio-calidad.<\/strong><\/p>\n<p><strong>Cu\u00e1nto cuesta en enero el Renault Kardian, elegido \u00abauto del a\u00f1o 2025\u00bb<\/strong><\/p>\n<p data-mrf-recirculation=\"Links art\u00edculo\">Entre los elementos destacados de este modelo, lanzado en agosto del a\u00f1o pasado, se destacan el freno de estacionamiento el\u00e9ctrico, palanca de cambios e-shifter, sistema Multi-Sense, que permite personalizar modos de conducci\u00f3n y ambient lighting con ocho opciones de colores, seis airbags de serie y trece sistemas avanzados de asistencia a la conducci\u00f3n (ADAS) para garantizar m\u00e1xima seguridad.<\/p>\n<p data-mrf-recirculation=\"Links art\u00edculo\">El\u00a0<strong><a href=\"https:\/\/www.iprofesional.com\/autos\/417513-oportunidad-renault-lanza-credito-barato-para-nuevo-auto-suv-kardian\" target=\"_blank\" rel=\"noopener noreferrer\" data-mrf-link=\"https:\/\/www.iprofesional.com\/autos\/417513-oportunidad-renault-lanza-credito-barato-para-nuevo-auto-suv-kardian\">Renault Kardian<\/a>\u00a0cosech\u00f3 56 puntos entre los expertos<\/strong>\u00a0para quedarse con el premio del auto del 2025. Al respecto,<strong>\u00a0Pablo Sibilla<\/strong>, Presidente de Renault Argentina, destac\u00f3: \u00abEste premio simboliza el esfuerzo constante de nuestra marca por ofrecer innovaci\u00f3n y calidad. Renault Kardian representa una nueva era para Renault\u00bb.<\/p>\n<p data-mrf-recirculation=\"Links art\u00edculo\">Para los interesados en comprar el auto elegido como\u00a0<strong>\u00abel mejor del 2025\u00bb<\/strong>, hay que tener en cuenta que se ofrece en cuatro versiones.<\/p>\n<p data-mrf-recirculation=\"Links art\u00edculo\">La entrada de gama es la<strong>\u00a0Evolution 156 MT<\/strong>. Que cuesta desde\u00a0<strong>$27.430.000,00<\/strong>. Esta versi\u00f3n ofrece:<\/p>\n<ul>\n<li>Control de velocidad crucero + limitador de velocidad<\/li>\n<li>Aire acondicionado autom\u00e1tico digital<\/li>\n<li>Transmisi\u00f3n manual de 5 velocidades<\/li>\n<li>Cluster digital 7&#8243;<\/li>\n<\/ul>\n<p data-mrf-recirculation=\"Links art\u00edculo\">La\u00a0<strong>versi\u00f3n m\u00e1s cara<\/strong>, la Premiere Edition 200 EDC, cuesta desde\u00a0<strong>$ 33.320.000,00<\/strong><\/p>\n<p data-mrf-recirculation=\"Links art\u00edculo\">Cuenta con consola central alta con almacenamiento bajo el apoyabrazos; llantas aleaci\u00f3n 17\u00bb oscurecidas; llave tipo tarjeta manos libres; frenado aut\u00f3nomo de emergencia (AEBS) urbano<\/p>\n<p><strong>Los principales detalles del nuevo Renault Kardian<\/strong><\/p>\n<p data-mrf-recirculation=\"Links art\u00edculo\">Con una longitud de 4,12 m, 1,75 m de ancho y 1,60 m de altura<a title=\"Renault Kardian versus Peugeot 2008: as\u00ed son los nuevos autos SUV que llegan en agosto\" href=\"https:\/\/www.iprofesional.com\/autos\/409636-como-son-los-autos-suv-de-renault-y-peugeot-que-llegan-en-agost\" target=\"_blank\" rel=\"noopener noreferrer\" data-mrf-link=\"https:\/\/www.iprofesional.com\/autos\/409636-como-son-los-autos-suv-de-renault-y-peugeot-que-llegan-en-agost\">, Renault Kardian<\/a>\u00a0es ideal para un uso en ciudad, mientras que las ruedas de 17 pulgadas, la distancia entre ejes de 2,60 metros, que es la mayor de su segmento, y sus respectivos \u00e1ngulos de ataque y salida de 20\u00b0 y 36\u00b0 lo convierten en un veh\u00edculo vers\u00e1til. El ba\u00fal es de 410 litros.<\/p>\n<div class=\"imagen\"><img loading=\"lazy\" decoding=\"async\" class=\"lazyload loaded\" src=\"https:\/\/resizer.iproimg.com\/unsafe\/filters:format(webp):quality(70)\/https:\/\/assets.iprofesional.com\/assets\/jpg\/2024\/04\/572594.jpg\" alt=\"El Kardian tiene cuatro versiones. La m\u00e1s econ\u00f3mica cuesta desde \" width=\"1280\" height=\"720\" data-src=\"https:\/\/assets.iprofesional.com\/assets\/jpg\/2024\/04\/572594.jpg\" \/><\/p>\n<div class=\"epigrafe\">El Kardian tiene cuatro versiones. La m\u00e1s econ\u00f3mica cuesta desde $27.430.000<\/div>\n<\/div>\n<p data-mrf-recirculation=\"Links art\u00edculo\">Como detalles caracter\u00edstico del nuevo modelo se destaca el<strong>\u00a0frontal, con la nueva identidad estil\u00edstica<\/strong>\u00a0con el logo \u00abNouvel\u2019R\u00bb y la insignia luminosa.<\/p>\n<p data-mrf-recirculation=\"Links art\u00edculo\">Adem\u00e1s, tiene consola m\u00e1s alta con palanca de velocidades del tipo e-shifter y reguladores multi-sense para customizar la conducci\u00f3n y el ambiente interno, que tambi\u00e9n puede ser personalizado por medio de 8 ambientes luminosos.<\/p>\n<p data-mrf-recirculation=\"Links art\u00edculo\">Adem\u00e1s, est\u00e1 equipado con<strong>\u00a06 airbags, 13 sistemas avanzados de asistencia a la conducci\u00f3n<\/strong>\u00a0(ADAS), incluyendo la alerta de punto ciego y la c\u00e1mara multivisi\u00f3n.<\/p>\n<p data-mrf-recirculation=\"Links art\u00edculo\">Por dentro tiene un tablero 100% digital de 7&#8243; en todas sus versiones. Un sistema multimedia con pantalla t\u00e1ctil de 8&#8243; con conectividad con Android Auto y Apple CarPlay, ambos con espejado inal\u00e1mbrico; Tecnolog\u00eda Multi-Sense, que ofrece modos de conducci\u00f3n Eco, Sport y My Sense (personalizable) para la versi\u00f3n Premiere Edition; Cargador de smartphone por inducci\u00f3n en la versi\u00f3n Premiere Edition; C\u00e1mara Multiview en la versi\u00f3n Premiere Edition; entre otros.<\/p>\n<p data-mrf-recirculation=\"Links art\u00edculo\">Con la llegada de\u00a0<a title=\"Renault revela nuevos detalles del Kardian, el SUV que se suma a la gama\" href=\"https:\/\/www.iprofesional.com\/autos\/389997-renault-revela-nuevos-detalles-del-auto-suv-kardian\" target=\"_blank\" rel=\"noopener noreferrer\" data-mrf-link=\"https:\/\/www.iprofesional.com\/autos\/389997-renault-revela-nuevos-detalles-del-auto-suv-kardian\">Kardian<\/a>\u00a0se inaugura una\u00a0<strong>nueva plataforma modular\u00a0<\/strong>del Renault Group, que permitir\u00e1 desarrollar una gran diversidad de modelos para varios mercados internacionales en el futuro, entre ellos veh\u00edculos electrificados.<\/p>\n<p data-mrf-recirculation=\"Links art\u00edculo\">Por ahora, este modelo\u00a0<strong>se suma a la era de motores chicos<\/strong>\u00a0<strong>con turbo.\u00a0<\/strong>Por eso cuenta con el\u00a0<strong>turbo TCe 1.0 de tres cilindros con 120 CV\u00a0y 200 Nm de torque<\/strong>.<\/p>\n<p data-mrf-recirculation=\"Links art\u00edculo\">En seguridad, cuenta con\u00a0<strong>6 airbags en todas las versiones<\/strong>, frenos ABS con asistencia de frenado de emergencia (AFU), control de estabilidad (ESP), asistente de arranque en pendiente (HSA) y sistema de monitoreo de presi\u00f3n de los neum\u00e1ticos (TPMS). En la versi\u00f3n Techno, se a\u00f1aden funciones avanzadas como frenado autom\u00e1tico de emergencia (AEBS), alerta de colisi\u00f3n frontal (FCW) y distancia segura (DW), y en Premiere Edition, control de velocidad adaptativo (ACC) y alerta de punto ciego (BSW). Adem\u00e1s, cuenta con 6 airbags en toda su gama.<\/p>\n<\/div>\n","protected":false},"excerpt":{"rendered":"<p>Se trata de un modelo lanzado a mediados del 2024, que se destac\u00f3 por su combinaci\u00f3n de dise\u00f1o, tecnolog\u00eda y buena relaci\u00f3n precio-calidad El\u00a0Renault Kardian, el nuevo modelo de la marca del rombo\u00a0lanzado a mediados de 2024, fue elegido como el\u00a0\u00abAuto del A\u00f1o 2025\u00bb\u00a0por un grupo de expertos. En la votaci\u00f3n, se impuso a otros &hellip;<\/p>\n","protected":false},"author":2,"featured_media":5778,"comment_status":"open","ping_status":"open","sticky":false,"template":"","format":"standard","meta":{"footnotes":""},"categories":[54,33],"tags":[1461,1460],"class_list":["post-5777","post","type-post","status-publish","format-standard","has-post-thumbnail","hentry","category-interes-ganeral","category-nacionales","tag-el-mejor-de-argentina","tag-renault-kardian"],"_links":{"self":[{"href":"https:\/\/cafeprensa.com.ar\/index.php\/wp-json\/wp\/v2\/posts\/5777","targetHints":{"allow":["GET"]}}],"collection":[{"href":"https:\/\/cafeprensa.com.ar\/index.php\/wp-json\/wp\/v2\/posts"}],"about":[{"href":"https:\/\/cafeprensa.com.ar\/index.php\/wp-json\/wp\/v2\/types\/post"}],"author":[{"embeddable":true,"href":"https:\/\/cafeprensa.com.ar\/index.php\/wp-json\/wp\/v2\/users\/2"}],"replies":[{"embeddable":true,"href":"https:\/\/cafeprensa.com.ar\/index.php\/wp-json\/wp\/v2\/comments?post=5777"}],"version-history":[{"count":1,"href":"https:\/\/cafeprensa.com.ar\/index.php\/wp-json\/wp\/v2\/posts\/5777\/revisions"}],"predecessor-version":[{"id":5779,"href":"https:\/\/cafeprensa.com.ar\/index.php\/wp-json\/wp\/v2\/posts\/5777\/revisions\/5779"}],"wp:featuredmedia":[{"embeddable":true,"href":"https:\/\/cafeprensa.com.ar\/index.php\/wp-json\/wp\/v2\/media\/5778"}],"wp:attachment":[{"href":"https:\/\/cafeprensa.com.ar\/index.php\/wp-json\/wp\/v2\/media?parent=5777"}],"wp:term":[{"taxonomy":"category","embeddable":true,"href":"https:\/\/cafeprensa.com.ar\/index.php\/wp-json\/wp\/v2\/categories?post=5777"},{"taxonomy":"post_tag","embeddable":true,"href":"https:\/\/cafeprensa.com.ar\/index.php\/wp-json\/wp\/v2\/tags?post=5777"}],"curies":[{"name":"wp","href":"https:\/\/api.w.org\/{rel}","templated":true}]}}