{"id":5804,"date":"2025-01-15T13:10:41","date_gmt":"2025-01-15T12:10:41","guid":{"rendered":"https:\/\/cafeprensa.com.ar\/?p=5804"},"modified":"2025-01-15T13:10:41","modified_gmt":"2025-01-15T12:10:41","slug":"que-sueldos-pagaran-el-impuesto-a-las-ganancias-tras-el-dato-de-inflacion-del-indec","status":"publish","type":"post","link":"https:\/\/cafeprensa.com.ar\/index.php\/2025\/01\/15\/que-sueldos-pagaran-el-impuesto-a-las-ganancias-tras-el-dato-de-inflacion-del-indec\/","title":{"rendered":"\u00bfQu\u00e9 sueldos pagar\u00e1n el Impuesto a las Ganancias tras el dato de inflaci\u00f3n del INDEC?"},"content":{"rendered":"<p class=\"description separatorlines\">La reforma fiscal ajusta el umbral de ingresos para el Impuesto a las Ganancias. Hasta ahora, los sueldos de $2 millones brutos mensuales estaban gravados; con la inflaci\u00f3n de diciembre, el m\u00ednimo no imponible sube al 2,7%.<\/p>\n<div class=\"at-vc\">\n<div id=\"vsmcontent\" class=\"content vsmcontent\">\n<p dir=\"ltr\">Con la inflaci\u00f3n de diciembre anunciada por el\u00a0<b>INDEC<\/b>, que fue de 2,7%,\u00a0<span class=\"highlight\">el m\u00ednimo no imponible del Impuesto a las Ganancias se incrementa en un 12%, elevando el piso a $2.285.136 para trabajadores solteros sin hijos<\/span>, seg\u00fan la Ley 27.737.<\/p>\n<p dir=\"ltr\"><strong>Esta modificaci\u00f3n toma en cuenta la inflaci\u00f3n acumulada entre septiembre y diciembre de 2024, per\u00edodo en el cual ya hubo un ajuste previo del 13%. Esto significa que solteros comenzaban a pagar desde $2.040.300 y casados con dos hijos desde $2.682.208.<\/strong><\/p>\n<p dir=\"ltr\"><span class=\"highlight\">La reforma fiscal impulsada por Javier Milei cambi\u00f3 la din\u00e1mica de ajuste del Impuesto a las Ganancias, que antes se actualizaba una vez al a\u00f1o seg\u00fan el RIPTE.<\/span>\u00a0<strong>Ahora, la indexaci\u00f3n se basa en la inflaci\u00f3n acumulada y ocurre cada seis meses, en enero y julio, desde el ejercicio fiscal 2025.\u00a0<span class=\"highlight\">Para el pr\u00f3ximo ajuste en julio de 2025, se tomar\u00e1 la inflaci\u00f3n del primer semestre, y para enero de 2026, la del segundo semestre de 2025.<\/span>\u00a0La ARCA informar\u00e1 las nuevas tablas a mediados de cada mes de ajuste.<\/strong><\/p>\n<p><strong>Impacto en los Sueldos del Primer Semestre de 2025<\/strong><\/p>\n<p dir=\"ltr\">Para los sueldos que se cobrar\u00e1n en febrero, el m\u00ednimo no imponible se ajusta seg\u00fan la variaci\u00f3n de precios del INDEC. Esto no solo afecta el umbral inicial para empezar a pagar el impuesto sino que tambi\u00e9n se aplicar\u00e1 a las deducciones y escalas que determinan la tasa del impuesto seg\u00fan el nivel de ingresos. Aqu\u00ed c\u00f3mo queda el nuevo m\u00ednimo no imponible:<\/p>\n<\/div>\n<\/div>\n","protected":false},"excerpt":{"rendered":"<p>La reforma fiscal ajusta el umbral de ingresos para el Impuesto a las Ganancias. Hasta ahora, los sueldos de $2 millones brutos mensuales estaban gravados; con la inflaci\u00f3n de diciembre, el m\u00ednimo no imponible sube al 2,7%. Con la inflaci\u00f3n de diciembre anunciada por el\u00a0INDEC, que fue de 2,7%,\u00a0el m\u00ednimo no imponible del Impuesto a &hellip;<\/p>\n","protected":false},"author":2,"featured_media":5805,"comment_status":"open","ping_status":"open","sticky":false,"template":"","format":"standard","meta":{"footnotes":""},"categories":[28,33],"tags":[257,1465],"class_list":["post-5804","post","type-post","status-publish","format-standard","has-post-thumbnail","hentry","category-economia","category-nacionales","tag-afip","tag-impuesto-a-las-ganancias"],"_links":{"self":[{"href":"https:\/\/cafeprensa.com.ar\/index.php\/wp-json\/wp\/v2\/posts\/5804","targetHints":{"allow":["GET"]}}],"collection":[{"href":"https:\/\/cafeprensa.com.ar\/index.php\/wp-json\/wp\/v2\/posts"}],"about":[{"href":"https:\/\/cafeprensa.com.ar\/index.php\/wp-json\/wp\/v2\/types\/post"}],"author":[{"embeddable":true,"href":"https:\/\/cafeprensa.com.ar\/index.php\/wp-json\/wp\/v2\/users\/2"}],"replies":[{"embeddable":true,"href":"https:\/\/cafeprensa.com.ar\/index.php\/wp-json\/wp\/v2\/comments?post=5804"}],"version-history":[{"count":1,"href":"https:\/\/cafeprensa.com.ar\/index.php\/wp-json\/wp\/v2\/posts\/5804\/revisions"}],"predecessor-version":[{"id":5806,"href":"https:\/\/cafeprensa.com.ar\/index.php\/wp-json\/wp\/v2\/posts\/5804\/revisions\/5806"}],"wp:featuredmedia":[{"embeddable":true,"href":"https:\/\/cafeprensa.com.ar\/index.php\/wp-json\/wp\/v2\/media\/5805"}],"wp:attachment":[{"href":"https:\/\/cafeprensa.com.ar\/index.php\/wp-json\/wp\/v2\/media?parent=5804"}],"wp:term":[{"taxonomy":"category","embeddable":true,"href":"https:\/\/cafeprensa.com.ar\/index.php\/wp-json\/wp\/v2\/categories?post=5804"},{"taxonomy":"post_tag","embeddable":true,"href":"https:\/\/cafeprensa.com.ar\/index.php\/wp-json\/wp\/v2\/tags?post=5804"}],"curies":[{"name":"wp","href":"https:\/\/api.w.org\/{rel}","templated":true}]}}