{"id":5807,"date":"2025-01-15T13:13:59","date_gmt":"2025-01-15T12:13:59","guid":{"rendered":"https:\/\/cafeprensa.com.ar\/?p=5807"},"modified":"2025-01-15T13:13:59","modified_gmt":"2025-01-15T12:13:59","slug":"evo-morales-enfrenta-una-posible-prision-preventiva-por-el-caso-de-trata-de-una-menor","status":"publish","type":"post","link":"https:\/\/cafeprensa.com.ar\/index.php\/2025\/01\/15\/evo-morales-enfrenta-una-posible-prision-preventiva-por-el-caso-de-trata-de-una-menor\/","title":{"rendered":"Evo Morales enfrenta una posible prisi\u00f3n preventiva por el caso de trata de una menor"},"content":{"rendered":"<p class=\"description separatorlines\">La justicia boliviana reprogram\u00f3 la audiencia, mientras el exmandatario sigue enfrentando protestas y tensiones pol\u00edticas en el pa\u00eds.<\/p>\n<div class=\"at-vc\">\n<div id=\"vsmcontent\" class=\"content vsmcontent\">\n<p>La justicia boliviana debe decidir en los pr\u00f3ximos d\u00edas si\u00a0<b>Evo Morales<\/b>, expresidente de Bolivia, enfrentar\u00e1 una prisi\u00f3n preventiva de seis meses por un presunto caso de trata de una menor ocurrido en 2015. La fiscal\u00eda boliviana solicit\u00f3 esta medida cautelar, mientras la audiencia se reprogram\u00f3 debido a problemas de salud del exmandatario.\u00a0<strong><span class=\"highlight\">La nueva cita est\u00e1 prevista para el 17 de enero, y, si es encontrado culpable, podr\u00eda enfrentar una pena de entre 10 y 15 a\u00f1os de c\u00e1rcel.<\/span><\/strong><\/p>\n<p>La fiscal\u00a0<b>Sandra Guti\u00e9rrez<\/b>, encargada del caso, explic\u00f3 que la audiencia se llevar\u00e1 a cabo ante un juez anticorrupci\u00f3n y que\u00a0<span class=\"highlight\">si Morales no se presenta, se podr\u00edan aplicar medidas restrictivas<\/span>. En este contexto, la situaci\u00f3n se encuentra rodeada de tensi\u00f3n pol\u00edtica, con fuertes enfrentamientos entre Morales y el actual presidente Luis Arce.<\/p>\n<p><strong>Detalles sobre la acusaci\u00f3n de trata de menor y la posible condena<\/strong><\/p>\n<p>Evo Morales, de 65 a\u00f1os,<span class=\"highlight\">\u00a0es acusado por el Ministerio P\u00fablico de haber mantenido una relaci\u00f3n con una menor de 15 a\u00f1os en 2015, la cual result\u00f3 en el nacimiento de una hija en 2016<\/span>. La fiscal\u00eda sostiene que esta relaci\u00f3n fue consensuada entre Morales y los padres de la joven, a cambio de beneficios. Por este hecho, Morales enfrenta cargos por trata de personas, lo que\u00a0<span class=\"highlight\">le podr\u00eda acarrear una severa condena de entre 10 y 15 a\u00f1os de prisi\u00f3n.<\/span><\/p>\n<p>El exmandatario, quien gobern\u00f3 Bolivia entre 2006 y 2019, ya tiene en su contra una orden de aprehensi\u00f3n debido a su falta de comparecencia ante la fiscal\u00eda durante la investigaci\u00f3n. Adem\u00e1s, en diciembre de 2024, la fiscal Guti\u00e9rrez present\u00f3 una imputaci\u00f3n formal en su contra y solicit\u00f3 una alerta migratoria para evitar su salida del pa\u00eds.<\/p>\n<p><strong>Protestas y tensiones pol\u00edticas en torno al caso<\/strong><\/p>\n<p>El caso ha generado una gran controversia, especialmente en medio de la creciente confrontaci\u00f3n entre Evo Morales y el presidente\u00a0<b>Luis Arce<\/b>, su antiguo aliado pol\u00edtico. A menos de siete meses de las elecciones generales en Bolivia, los seguidores de Morales han realizado manifestaciones en La Paz, donde fueron reprimidos por la polic\u00eda con gases lacrim\u00f3genos. Los manifestantes, que viajaron desde diferentes localidades del pa\u00eds, se concentraron en la plaza central en protesta contra el proceso judicial que enfrenta Morales, as\u00ed como por la crisis econ\u00f3mica que atraviesa el pa\u00eds.<\/p>\n<p>El ministro de Gobierno,<b>\u00a0Eduardo del Castillo<\/b>,\u00a0<span class=\"highlight\">calific\u00f3 la marcha como una defensa de \u00abla pedofilia\u00bb y acus\u00f3 a los manifestantes de violencia contra la polic\u00eda.<\/span> Por otro lado, Morales, quien se encuentra resguardado en su feudo cocalero en el Chapare, sigue bajo la protecci\u00f3n de los sindicatos cocaleros, que le brindan apoyo mientras evita ser detenido.<\/p>\n<\/div>\n<\/div>\n","protected":false},"excerpt":{"rendered":"<p>La justicia boliviana reprogram\u00f3 la audiencia, mientras el exmandatario sigue enfrentando protestas y tensiones pol\u00edticas en el pa\u00eds. La justicia boliviana debe decidir en los pr\u00f3ximos d\u00edas si\u00a0Evo Morales, expresidente de Bolivia, enfrentar\u00e1 una prisi\u00f3n preventiva de seis meses por un presunto caso de trata de una menor ocurrido en 2015. La fiscal\u00eda boliviana solicit\u00f3 &hellip;<\/p>\n","protected":false},"author":2,"featured_media":5808,"comment_status":"open","ping_status":"open","sticky":false,"template":"","format":"standard","meta":{"footnotes":""},"categories":[35,47],"tags":[1466],"class_list":["post-5807","post","type-post","status-publish","format-standard","has-post-thumbnail","hentry","category-internacionales","category-justicia","tag-evo-morales"],"_links":{"self":[{"href":"https:\/\/cafeprensa.com.ar\/index.php\/wp-json\/wp\/v2\/posts\/5807","targetHints":{"allow":["GET"]}}],"collection":[{"href":"https:\/\/cafeprensa.com.ar\/index.php\/wp-json\/wp\/v2\/posts"}],"about":[{"href":"https:\/\/cafeprensa.com.ar\/index.php\/wp-json\/wp\/v2\/types\/post"}],"author":[{"embeddable":true,"href":"https:\/\/cafeprensa.com.ar\/index.php\/wp-json\/wp\/v2\/users\/2"}],"replies":[{"embeddable":true,"href":"https:\/\/cafeprensa.com.ar\/index.php\/wp-json\/wp\/v2\/comments?post=5807"}],"version-history":[{"count":1,"href":"https:\/\/cafeprensa.com.ar\/index.php\/wp-json\/wp\/v2\/posts\/5807\/revisions"}],"predecessor-version":[{"id":5809,"href":"https:\/\/cafeprensa.com.ar\/index.php\/wp-json\/wp\/v2\/posts\/5807\/revisions\/5809"}],"wp:featuredmedia":[{"embeddable":true,"href":"https:\/\/cafeprensa.com.ar\/index.php\/wp-json\/wp\/v2\/media\/5808"}],"wp:attachment":[{"href":"https:\/\/cafeprensa.com.ar\/index.php\/wp-json\/wp\/v2\/media?parent=5807"}],"wp:term":[{"taxonomy":"category","embeddable":true,"href":"https:\/\/cafeprensa.com.ar\/index.php\/wp-json\/wp\/v2\/categories?post=5807"},{"taxonomy":"post_tag","embeddable":true,"href":"https:\/\/cafeprensa.com.ar\/index.php\/wp-json\/wp\/v2\/tags?post=5807"}],"curies":[{"name":"wp","href":"https:\/\/api.w.org\/{rel}","templated":true}]}}