{"id":5977,"date":"2025-01-25T17:46:06","date_gmt":"2025-01-25T16:46:06","guid":{"rendered":"https:\/\/cafeprensa.com.ar\/?p=5977"},"modified":"2025-01-25T17:46:06","modified_gmt":"2025-01-25T16:46:06","slug":"argentinos-en-florianopolis-que-arrasan-con-la-ropa-los-termos-y-las-ojotas","status":"publish","type":"post","link":"https:\/\/cafeprensa.com.ar\/index.php\/2025\/01\/25\/argentinos-en-florianopolis-que-arrasan-con-la-ropa-los-termos-y-las-ojotas\/","title":{"rendered":"Argentinos en Florian\u00f3polis que arrasan con la ropa, los termos y las ojotas"},"content":{"rendered":"<div class=\"sc-968f7cb1-0 jmXtfk normal-header false normal-header false\">\n<div class=\"sc-968f7cb1-0 jmXtfk shared-header shared-header\">\n<div class=\"mt\">\n<p class=\"storyTitle\"><strong>Dale, compr\u00e1, la frase de moda.<\/strong><\/p>\n<ul>\n<li>Un d\u00eda nublado en el centro comercial de Florian\u00f3polis, los turistas arrasan.<\/li>\n<li>Aunque no es tan conveniente como en Chile, la ropa sale desde un 50% m\u00e1s econ\u00f3mica que en Argentina.<\/li>\n<\/ul>\n<\/div>\n<div class=\"image-container\"><picture><source srcset=\"https:\/\/www.clarin.com\/img\/2025\/01\/15\/qKnHtfD-4_1256x620__2.jpg#1737565405493\" media=\"(min-width: 975px)\" \/><img loading=\"lazy\" decoding=\"async\" src=\"https:\/\/www.clarin.com\/img\/2025\/01\/15\/qKnHtfD-4_1256x620__2.jpg#1737565405493\" alt=\"&quot;Dale, compr\u00e1&quot;, la frase de moda de los argentinos en Florian\u00f3polis que arrasan con la ropa, los termos y las ojotas\" width=\"1256\" height=\"620\" data-nimg=\"1\" data-readystate=\"complete\" \/><\/picture><button class=\"open-image\" aria-label=\"Open Image\"><\/button>El clima es una de las razones por las que este verano\u00a0<a title=\"los argentinos invadieron Florian\u00f3polis\" href=\"https:\/\/www.clarin.com\/sociedad\/verano-2025-invasion-argentinos-florianopolis_3_cv4jDE306t.html?srsltid=AfmBOop6cppAryANSSnsyAHUDBWKo07RHSMe9csVoUeEaEAvGNEjdSW0\" target=\"_blank\" rel=\"noopener\" data-mrf-link=\"https:\/\/www.clarin.com\/sociedad\/verano-2025-invasion-argentinos-florianopolis_3_cv4jDE306t.html\">los argentinos invadieron Florian\u00f3polis<\/a>: (casi) nunca decepciona. Pero esta temporada en Brasil\u00a0<strong>nadie espera a que llueva para\u00a0<em>meterse<\/em>\u00a0en un shopping<\/strong>.<\/div>\n<\/div>\n<\/div>\n<section class=\"sc-a813f449-1 ivHVRz\">\n<article id=\"storyBody\" class=\"sc-a813f449-2 bpkSlw\">\n<div class=\"StoryTextContainer vsmcontent\" data-mrf-recirculation=\"Article Body\">\n<div id=\"cuerpo\">\n<div class=\"sc-80531b6b-0 chRIGJ container-text text-embed\">\n<p>Unas nubes alcanzan para no sentirse culpable y cambiar la arena de la playa por las escaleras mec\u00e1nicas que llevan a la orilla de las\u00a0<em>lojas<\/em>\u00a0(tiendas).<\/p>\n<\/div>\n<div class=\"sc-80531b6b-0 chRIGJ container-text text-embed\">\n<p><a title=\"La ropa de marca no es tan econ\u00f3mica como en Chile\" href=\"https:\/\/www.clarin.com\/sociedad\/shopping-vacaciones-comparativo-precios-chile-brasil-uruguay-buenos-aires_0_fkx20geB14.html?srsltid=AfmBOor72t-XGUgVHjs7QOyoUNy_ro1lhnCzpSs6CloVeRS590NSjYxQ\" target=\"_blank\" rel=\"noopener\" data-mrf-link=\"https:\/\/www.clarin.com\/sociedad\/shopping-vacaciones-comparativo-precios-chile-brasil-uruguay-buenos-aires_0_fkx20geB14.html\">La ropa de marca no es tan econ\u00f3mica como en Chile<\/a>, pero es en promedio\u00a0<strong>desde un 50% m\u00e1s barata que en Argentina.<\/strong><\/p>\n<\/div>\n<div class=\"sc-80531b6b-0 chRIGJ container-text text-embed\">\n<p>La clave del fen\u00f3meno del\u00a0<strong><em>Floriashopping<\/em><\/strong>\u00a0est\u00e1 en nuestro d\u00f3lar \u00abplanchado\u00bb, el real hist\u00f3ricamente devaluado y la ropa \u00abcar\u00edsima\u00bb en nuestro pa\u00eds. Lejos de Canasvieiras, lo \u00fanico \u00abnublado\u00bb de un d\u00eda de compras es que a veces\u00a0<strong>\u00abcolapsa\u00bb el pago con billeteras virtuales<\/strong>.<\/p>\n<\/div>\n<div class=\"sc-80531b6b-0 chRIGJ container-text text-embed\">\n<p>\u00ab\u00bfLes est\u00e1 funcionando pix (NdR: el sistema de pagos inmediatos y sin comisi\u00f3n que permite abonar directo en pesos o d\u00f3lares)?\u00bb, pregunta a otros argentinos un cordob\u00e9s que lleg\u00f3 a Floripa en moto con su novia. \u00abDesde hace dos horas no anda y te dan re poco en la casa de cambio del shopping\u00bb, se queja desde el patio de comidas del Beiramar.<\/p>\n<\/div>\n<div class=\"sc-198be8ec-0 cynXbu image-embed  image-embed \"><picture class=\"sc-198be8ec-1 kOjRiQ\"><source srcset=\"https:\/\/www.clarin.com\/img\/2025\/01\/15\/l23bEnbjh_720x0__1.jpg\" media=\"(min-width: 975px)\" \/><img loading=\"lazy\" decoding=\"async\" src=\"https:\/\/www.clarin.com\/img\/2025\/01\/15\/l23bEnbjh_720x0__1.jpg\" alt=\"Zapatillas, una de las &quot;perdiciones&quot; de los turistas de nuestro pa\u00eds en el shopping Beiramar. Foto Mart\u00edn Bonetto \/ Enviado especial\" width=\"720\" height=\"480\" data-nimg=\"1\" data-readystate=\"complete\" \/><\/picture><span class=\"epigraphe\">Zapatillas, una de las \u00abperdiciones\u00bb de los turistas de nuestro pa\u00eds en el shopping Beiramar. Foto Mart\u00edn Bonetto \/ Enviado especial<\/span><\/div>\n<div class=\"sc-80531b6b-0 chRIGJ container-text text-embed\">\n<p>Ese enorme centro comercial con vistas al mar es\u00a0<strong>la Canasvieiras de este turismo de compras<\/strong>: est\u00e1 repleto de argentinos. Los de nuestro pa\u00eds, a excepci\u00f3n de algunos chilenos y uruguayos, parecen los \u00fanicos clientes. Si hay fila para <em>trocar<\/em>\u00a0d\u00f3lares por reales (dan R$ 530 por 100 US$, menos que en el\u00a0<em>centrinho<\/em>) y en las grandes tiendas las colas son eternas, en Adidas directamente cuesta moverse.<\/p>\n<\/div>\n<div class=\"sc-80531b6b-0 chRIGJ container-text text-embed\">\n<p>La frase de moda es\u00a0<strong>\u00abDale, compr\u00e1\u00bb<\/strong>, con ese acento argentino que retumba en cada negocio y es se\u00f1a de identidad de los turistas que llegan convencidos de que no deben perder la oportunidad de llevarse todo lo que puedan a mejor precio. <strong>\u00abLlegamos hace dos d\u00edas y, por lo puntual que ya vimos, \u00a1est\u00e1 re barato!\u00bb<\/strong>, dice a <strong>Clar\u00edn<\/strong>\u00a0Victoria, que tiene 19 a\u00f1os, es de Bah\u00eda Blanca y vive en Buenos Aires. Con Marcela, su mam\u00e1, son afortunadas en ese local de ropa deportiva.<\/p>\n<\/div>\n<div class=\"sc-198be8ec-0 cynXbu image-embed  image-embed \"><picture class=\"sc-198be8ec-1 kOjRiQ\"><source srcset=\"https:\/\/www.clarin.com\/img\/2025\/01\/15\/xo6e48ufm_720x0__1.jpg\" media=\"(min-width: 975px)\" \/><img loading=\"lazy\" decoding=\"async\" src=\"https:\/\/www.clarin.com\/img\/2025\/01\/15\/xo6e48ufm_720x0__1.jpg\" alt=\"Sof\u00eda, su hermano y sus padres, a punto de seguir sumando bolsas de compras. Foto Mart\u00edn Bonetto \/ Enviado especial\" width=\"720\" height=\"480\" data-nimg=\"1\" data-readystate=\"complete\" \/><\/picture><span class=\"epigraphe\">Sof\u00eda, su\u00a0<\/span><\/div>\n<div class=\"sc-80531b6b-0 chRIGJ container-text text-embed\">\n<p>Entre una peque\u00f1a multitud de clientes calz\u00e1ndose de pie, tienen una vendedora r\u00e1pida y un asiento en el que Vicky se prueba las zapatillas del modelo Samba. Las va a llevar por 799 reales, $ 136.199, un 39,5% menos que en Argentina, donde est\u00e1n a $ 190.000. Otra <em>ganga<\/em>\u00a0brasile\u00f1a son las remeras de Levi&#8217;s. Seg\u00fan el modelo se consiguen por entre $ 29.000 y $ 35.000, frente a los entre $ 35.000 y $ 54.500 que cuestan en Argentina. Y los jeans m\u00e1s vendidos tambi\u00e9n est\u00e1n m\u00e1s baratos: 60 reales, $ 78.344, contra $ 189.000. Un 58,55% menos.<\/p>\n<\/div>\n<div class=\"sc-80531b6b-0 chRIGJ container-text text-embed\">\n<p>\u00ab<strong>Est\u00e1 todo a la mitad<\/strong>. Pagu\u00e9 $ 165.600 por dos jeans. Eso te sale uno en Argentina. Voy a seguir comprando toda la tarde\u00bb, anticipa Sof\u00eda Famin (25). Es de C\u00f3rdoba y est\u00e1 con sus padres y su hermano, que tambi\u00e9n tienen bolsas de esa marca. En las tiendas de Renner, la popular cadena brasile\u00f1a, <strong>no es f\u00e1cil encontrar talles y modelos<\/strong>. Los argentinos se llevan todo.<\/p>\n<\/div>\n<div class=\"sc-80531b6b-0 chRIGJ container-text text-embed\">\n<p>Los vestidos est\u00e1n entre $ 15.300 y $ 30.000, los pantalones a $ 10.000 y las remeras b\u00e1sicas a menos de $ 5.000. Como los probadores \u00abson un infierno de fila\u00bb, muchos clientes se \u00abpresentan\u00bb las prendas entre los percheros y, confiando en el \u00aba ojo\u00bb,\u00a0<strong>van directo a la<em>\u00a0caixa<\/em>\u00a0a pagar<\/strong>. \u00abChile est\u00e1 regalado, pero ac\u00e1 igual es muy conveniente. La electr\u00f3nica no, pero de ropa te llev\u00e1s una remera por $ 11.800. \u00bfD\u00f3nde consegu\u00eds eso en Argentina?\u00bb, dice un mendocino a<strong>\u00a0Clar\u00edn\u00a0<\/strong>mientras en Hering, con su hijo, agarra una remera de cada color.<\/p>\n<\/div>\n<div class=\"sc-198be8ec-0 cynXbu image-embed  image-embed \"><picture class=\"sc-198be8ec-1 kOjRiQ\"><source srcset=\"https:\/\/www.clarin.com\/img\/2025\/01\/15\/2Bbww05it_720x0__1.jpg\" media=\"(min-width: 975px)\" \/><img loading=\"lazy\" decoding=\"async\" src=\"https:\/\/www.clarin.com\/img\/2025\/01\/15\/2Bbww05it_720x0__1.jpg\" alt=\"Un mendocino compara los precios de Brasil y Chile: &quot;Ac\u00e1 igual es muy conveniente&quot;. Foto Mart\u00edn Bonetto \/ Enviado especial\" width=\"720\" height=\"480\" data-nimg=\"1\" data-readystate=\"complete\" \/><\/picture><span class=\"epigraphe\">Un mendocino compara los precios de Brasil y Chile: \u00abAc\u00e1 igual es muy conveniente\u00bb.\u00a0<\/span><\/div>\n<div class=\"sc-80531b6b-0 chRIGJ container-text text-embed\">\n<p>En el local de Havaianas hay\u00a0<strong>oleadas de argentinos<\/strong>. En media hora se llena, se vac\u00eda y se vuelve a llenar. Todo es r\u00e1pido porque las empleadas ya saben de memoria que \u00ab<em>no queda talle 41-42 de hombre<\/em>\u00bb y que \u00ab<em>en Argentina es un n\u00famero m\u00e1s que ac\u00e1<\/em>\u00ab.<\/p>\n<\/div>\n<div class=\"sc-80531b6b-0 chRIGJ container-text text-embed\">\n<p>El precio tambi\u00e9n es<em>\u00a0f\u00e1cil\u00a0<\/em>para los visitantes que pagan en pesos. Las cl\u00e1sicas ojotas blancas con la bandera de Brasil est\u00e1n 54,99 reales, $ 9.300, y en Argentina no bajan de $ 23.999. Si bien ese precio\u00a0<strong>s\u00f3lo es para el modelo m\u00e1s b\u00e1sico de todos<\/strong>, la diferencia es del 158%. El stock \u00abse qued\u00f3 corto\u00bb no solo en la ropa. Los termos Stanley, que se venden a precios mucho m\u00e1s convenientes en Brasil, est\u00e1n <strong>agotados\u00a0<\/strong>en ese shopping.<\/p>\n<\/div>\n<div class=\"sc-80531b6b-0 chRIGJ container-text text-embed\">\n<p>Hay fila para preguntar, y en un portu\u00f1ol perfecto la empleada repite que \u00abentran la semana que viene\u00bb, pero que \u00abno hay de 1.4 con el pico mate que quieren ustedes, hay de 1.6\u00bb. Est\u00e1 $ 81.135, contra los $ 132.000 que hay que pagar por el cl\u00e1sico termo verde en Argentina.\u00a0<strong>Un 62,69% menos.<\/strong><\/p>\n<\/div>\n<div class=\"sc-198be8ec-0 cynXbu image-embed  image-embed \"><picture class=\"sc-198be8ec-1 kOjRiQ\"><source srcset=\"https:\/\/www.clarin.com\/img\/2025\/01\/15\/m7GnXeMnG_720x0__1.jpg\" media=\"(min-width: 975px)\" \/><img loading=\"lazy\" decoding=\"async\" src=\"https:\/\/www.clarin.com\/img\/2025\/01\/15\/m7GnXeMnG_720x0__1.jpg\" alt=\"Argentinos, en busca de iPhones en Brasil. Foto Mart\u00edn Bonetto \/ Enviado especial\" width=\"720\" height=\"480\" data-nimg=\"1\" data-readystate=\"complete\" \/><\/picture><span class=\"epigraphe\">Argentinos, en busca de iPhones en Brasil.\u00a0<\/span><\/div>\n<div class=\"sc-80531b6b-0 chRIGJ container-text text-embed\">\n<p>En tecnolog\u00eda no hay grandes diferencias de precio con Argentina. Pero lo m\u00e1s vendido en ese negocio de Apple, el iPhone 16 de 128 Gb,<strong>\u00a0se consigue $ 1.195.444 pesos y en Argentina est\u00e1 $ 2.999.999<\/strong>.<\/p>\n<p><span style=\"font-size: 10pt;\"><strong>FUENTE DIARIO CLARIN: https:\/\/www.clarin.com\/sociedad\/dale-compra-frase-moda-argentinos-florianopolis-arrasan-ropa-termos-ojotas_0_5Z9I8Ob9mN.html<\/strong><\/span><\/p>\n<\/div>\n<\/div>\n<\/div>\n<\/article>\n<\/section>\n","protected":false},"excerpt":{"rendered":"<p>Dale, compr\u00e1, la frase de moda. Un d\u00eda nublado en el centro comercial de Florian\u00f3polis, los turistas arrasan. Aunque no es tan conveniente como en Chile, la ropa sale desde un 50% m\u00e1s econ\u00f3mica que en Argentina. El clima es una de las razones por las que este verano\u00a0los argentinos invadieron Florian\u00f3polis: (casi) nunca decepciona. &hellip;<\/p>\n","protected":false},"author":2,"featured_media":5978,"comment_status":"open","ping_status":"open","sticky":false,"template":"","format":"standard","meta":{"footnotes":""},"categories":[54,35],"tags":[592,1504,1505],"class_list":["post-5977","post","type-post","status-publish","format-standard","has-post-thumbnail","hentry","category-interes-ganeral","category-internacionales","tag-brasil","tag-compras","tag-ropas"],"_links":{"self":[{"href":"https:\/\/cafeprensa.com.ar\/index.php\/wp-json\/wp\/v2\/posts\/5977","targetHints":{"allow":["GET"]}}],"collection":[{"href":"https:\/\/cafeprensa.com.ar\/index.php\/wp-json\/wp\/v2\/posts"}],"about":[{"href":"https:\/\/cafeprensa.com.ar\/index.php\/wp-json\/wp\/v2\/types\/post"}],"author":[{"embeddable":true,"href":"https:\/\/cafeprensa.com.ar\/index.php\/wp-json\/wp\/v2\/users\/2"}],"replies":[{"embeddable":true,"href":"https:\/\/cafeprensa.com.ar\/index.php\/wp-json\/wp\/v2\/comments?post=5977"}],"version-history":[{"count":1,"href":"https:\/\/cafeprensa.com.ar\/index.php\/wp-json\/wp\/v2\/posts\/5977\/revisions"}],"predecessor-version":[{"id":5979,"href":"https:\/\/cafeprensa.com.ar\/index.php\/wp-json\/wp\/v2\/posts\/5977\/revisions\/5979"}],"wp:featuredmedia":[{"embeddable":true,"href":"https:\/\/cafeprensa.com.ar\/index.php\/wp-json\/wp\/v2\/media\/5978"}],"wp:attachment":[{"href":"https:\/\/cafeprensa.com.ar\/index.php\/wp-json\/wp\/v2\/media?parent=5977"}],"wp:term":[{"taxonomy":"category","embeddable":true,"href":"https:\/\/cafeprensa.com.ar\/index.php\/wp-json\/wp\/v2\/categories?post=5977"},{"taxonomy":"post_tag","embeddable":true,"href":"https:\/\/cafeprensa.com.ar\/index.php\/wp-json\/wp\/v2\/tags?post=5977"}],"curies":[{"name":"wp","href":"https:\/\/api.w.org\/{rel}","templated":true}]}}