{"id":6010,"date":"2025-02-11T21:43:55","date_gmt":"2025-02-11T20:43:55","guid":{"rendered":"https:\/\/cafeprensa.com.ar\/?p=6010"},"modified":"2025-02-11T21:43:55","modified_gmt":"2025-02-11T20:43:55","slug":"dura-critica-del-papa-a-donald-trump","status":"publish","type":"post","link":"https:\/\/cafeprensa.com.ar\/index.php\/2025\/02\/11\/dura-critica-del-papa-a-donald-trump\/","title":{"rendered":"Dura cr\u00edtica del Papa a Donald Trump"},"content":{"rendered":"<p class=\"storyTitle\">Por la deportaci\u00f3n masiva de migrantes: \u201cTerminar\u00e1 mal\u201d.<\/p>\n<ul>\n<li>Francisco advirti\u00f3 en una carta a obispos de Estados Unidos que la expulsi\u00f3n indiscriminada perjudican a los m\u00e1s vulnerables.<\/li>\n<li>El gobierno republicano ya expuls\u00f3 a cientos de latinoamericanos que viv\u00edan en situaci\u00f3n irregular en EE.UU.\n<div class=\"sc-80531b6b-0 chRIGJ container-text text-embed\">\n<p>El Papa Francisco lanz\u00f3 este martes una\u00a0<strong>contundente reprimenda<\/strong>\u00a0al gobierno del presidente de Estados Unidos, Donald Trump, por su programa de deportaci\u00f3n masiva de migrantes, y advirti\u00f3 que la iniciativa para expulsar a personas \u00fanicamente en base a su estatus las priva de su dignidad inherente y \u201cterminar\u00e1 mal\u201d.<\/p>\n<\/div>\n<div class=\"sc-80531b6b-0 chRIGJ container-text text-embed\">\n<p>El pont\u00edfice dio el extraordinario paso de abordar la represi\u00f3n migratoria de Estados Unidos en una carta dirigida a los obispos del pa\u00eds, quienes han criticado las expulsiones alegando que perjudican a los m\u00e1s vulnerables.<\/p>\n<\/div>\n<div class=\"sc-80531b6b-0 chRIGJ container-text text-embed\">\n<p>El argentino, que es el primer Papa latinoamericano de la historia, ha hecho de<strong>\u00a0la atenci\u00f3n a los migrantes una prioridad de su papado<\/strong>, exigiendo a los pa\u00edses que acojan, protejan, promuevan e integren a aquellos que huyen de conflictos, de la pobreza y de desastres clim\u00e1ticos. Francisco tambi\u00e9n afirm\u00f3 que espera que los gobiernos hagan todo lo posible dentro de los l\u00edmites de sus capacidades.<\/p>\n<\/div>\n<div class=\"sc-80531b6b-0 chRIGJ container-text text-embed\">\n<p>En la carta, Jorge Bergoglio afirma que los pa\u00edses tienen derecho de defenderse y a mantener a sus comunidades a salvo de delincuentes,\u00a0<a title=\"como argumenta Trump\" href=\"https:\/\/www.clarin.com\/mundo\/medidas-donald-trump-desatan-panico-paranoia-inmigrantes-expertos-aconsejan-hacer_0_Zw5FjcvWmW.html?srsltid=AfmBOorj_cm8Fnx81cXgbvZ3XcmzAUiu1G5CZMYEjK_ZxBU-kU-Cx9KT\" target=\"_blank\" rel=\"noopener\" data-mrf-link=\"https:\/\/www.clarin.com\/mundo\/medidas-donald-trump-desatan-panico-paranoia-inmigrantes-expertos-aconsejan-hacer_0_Zw5FjcvWmW.html\">como argumenta Trump<\/a>. Pero con sus declaraciones pareci\u00f3 advertir que no todos los inmigrantes sin papeles son criminales.<\/p>\n<\/div>\n<div class=\"sc-198be8ec-0 cynXbu image-embed  image-embed \"><picture class=\"sc-198be8ec-1 kOjRiQ\"><source srcset=\"https:\/\/www.clarin.com\/img\/2025\/02\/11\/elg38cccG_720x0__1.jpg\" media=\"(min-width: 975px)\" \/><img loading=\"lazy\" decoding=\"async\" src=\"https:\/\/www.clarin.com\/img\/2025\/02\/11\/elg38cccG_720x0__1.jpg\" alt=\"Un avi\u00f3n con migrantes venezolanos deportados de Estados Unidos aterriza este lunes en el Aeropuerto de Maiquetia, Venezuela. Foto: XINHUA\" width=\"720\" height=\"480\" data-nimg=\"1\" data-readystate=\"complete\" \/><\/picture><span class=\"epigraphe\">Un avi\u00f3n con migrantes venezolanos deportados de Estados Unidos aterriza este lunes en el Aeropuerto de Maiquetia, Venezuela. Foto: XINHUA<\/span><\/div>\n<div class=\"sc-80531b6b-0 chRIGJ container-text text-embed\">\n<p>\u201cDicho esto, el acto de deportar a personas que en muchos casos han dejado su propia tierra por razones de extrema pobreza, inseguridad, explotaci\u00f3n, persecuci\u00f3n o grave deterioro del medio ambiente, da\u00f1a la dignidad de muchos hombres y mujeres, y de familias enteras, y los sit\u00faa en un estado de especial vulnerabilidad y desamparo\u201d, escribi\u00f3.<\/p>\n<\/div>\n<div class=\"sc-80531b6b-0 chRIGJ container-text text-embed\">\n<p>Citando los relatos b\u00edblicos de emigraci\u00f3n, el pueblo de Israel, el Libro del \u00c9xodo y la propia experiencia de Jesucristo, Francisco reafirm\u00f3 el derecho de las personas a buscar refugio y seguridad en otros lugares y se mostr\u00f3\u00a0<strong>preocupado por lo que est\u00e1 sucediendo en Estados Unidos.<\/strong><\/p>\n<\/div>\n<div class=\"sc-80531b6b-0 chRIGJ container-text text-embed\">\n<p><strong>Desacuerdo<\/strong><\/p>\n<\/div>\n<div class=\"sc-80531b6b-0 chRIGJ container-text text-embed\">\n<p>\u201cHe seguido de cerca la gran crisis que est\u00e1 teniendo lugar en Estados Unidos con el inicio de un programa de deportaciones masivas\u201d, se\u00f1al\u00f3 el pont\u00edfice. \u201cLa conciencia bien formada no puede dejar de emitir un juicio cr\u00edtico y expresar su desacuerdo con cualquier medida que, t\u00e1cita o expl\u00edcitamente, identifique la situaci\u00f3n irregular de algunos migrantes con la criminalidad\u201d, agreg\u00f3.<\/p>\n<\/div>\n<div class=\"sc-80531b6b-0 chRIGJ container-text text-embed\">\n<p>Una cosa es desarrollar una pol\u00edtica para regular la migraci\u00f3n legalmente, pero expulsar a las personas \u00fanicamente por su estatus es otra, escribi\u00f3 el Papa.<\/p>\n<\/div>\n<div class=\"sc-80531b6b-0 chRIGJ container-text text-embed\">\n<p>\u201cLo que se construye sobre la base de la fuerza, y no sobre la verdad de que la dignidad es igual para todos los seres humanos,<strong>\u00a0comienza mal y terminar\u00e1 mal\u201d,<\/strong>\u00a0apunt\u00f3.<\/p>\n<\/div>\n<div class=\"sc-80531b6b-0 chRIGJ container-text text-embed\">\n<p>La secretaria de prensa de la Casa Blanca, Karoline Leavitt, dijo la semana pasada que\u00a0<strong>m\u00e1s de 8.000 personas hab\u00edan sido arrestadas en acciones de control migratorio desde que Trump asumi\u00f3 la presidencia\u00a0<\/strong>el 20 de enero. Algunos han sido deportados, otros est\u00e1n detenidos en prisiones federales y otros est\u00e1n retenidos en la Base Naval de la Bah\u00eda de Guant\u00e1namo, en Cuba.<\/p>\n<\/div>\n<div class=\"sc-80531b6b-0 chRIGJ container-text text-embed\">\n<p><span style=\"font-size: 8pt;\"><em><strong>Fuente: AP<\/strong><\/em><\/span><\/p>\n<\/div>\n<\/li>\n<\/ul>\n","protected":false},"excerpt":{"rendered":"<p>Por la deportaci\u00f3n masiva de migrantes: \u201cTerminar\u00e1 mal\u201d. Francisco advirti\u00f3 en una carta a obispos de Estados Unidos que la expulsi\u00f3n indiscriminada perjudican a los m\u00e1s vulnerables. El gobierno republicano ya expuls\u00f3 a cientos de latinoamericanos que viv\u00edan en situaci\u00f3n irregular en EE.UU. El Papa Francisco lanz\u00f3 este martes una\u00a0contundente reprimenda\u00a0al gobierno del presidente de &hellip;<\/p>\n","protected":false},"author":2,"featured_media":6011,"comment_status":"open","ping_status":"open","sticky":false,"template":"","format":"standard","meta":{"footnotes":""},"categories":[35],"tags":[1253,1373],"class_list":["post-6010","post","type-post","status-publish","format-standard","has-post-thumbnail","hentry","category-internacionales","tag-donald-trump","tag-papa"],"_links":{"self":[{"href":"https:\/\/cafeprensa.com.ar\/index.php\/wp-json\/wp\/v2\/posts\/6010","targetHints":{"allow":["GET"]}}],"collection":[{"href":"https:\/\/cafeprensa.com.ar\/index.php\/wp-json\/wp\/v2\/posts"}],"about":[{"href":"https:\/\/cafeprensa.com.ar\/index.php\/wp-json\/wp\/v2\/types\/post"}],"author":[{"embeddable":true,"href":"https:\/\/cafeprensa.com.ar\/index.php\/wp-json\/wp\/v2\/users\/2"}],"replies":[{"embeddable":true,"href":"https:\/\/cafeprensa.com.ar\/index.php\/wp-json\/wp\/v2\/comments?post=6010"}],"version-history":[{"count":1,"href":"https:\/\/cafeprensa.com.ar\/index.php\/wp-json\/wp\/v2\/posts\/6010\/revisions"}],"predecessor-version":[{"id":6012,"href":"https:\/\/cafeprensa.com.ar\/index.php\/wp-json\/wp\/v2\/posts\/6010\/revisions\/6012"}],"wp:featuredmedia":[{"embeddable":true,"href":"https:\/\/cafeprensa.com.ar\/index.php\/wp-json\/wp\/v2\/media\/6011"}],"wp:attachment":[{"href":"https:\/\/cafeprensa.com.ar\/index.php\/wp-json\/wp\/v2\/media?parent=6010"}],"wp:term":[{"taxonomy":"category","embeddable":true,"href":"https:\/\/cafeprensa.com.ar\/index.php\/wp-json\/wp\/v2\/categories?post=6010"},{"taxonomy":"post_tag","embeddable":true,"href":"https:\/\/cafeprensa.com.ar\/index.php\/wp-json\/wp\/v2\/tags?post=6010"}],"curies":[{"name":"wp","href":"https:\/\/api.w.org\/{rel}","templated":true}]}}