{"id":6022,"date":"2025-02-13T00:33:37","date_gmt":"2025-02-12T23:33:37","guid":{"rendered":"https:\/\/cafeprensa.com.ar\/?p=6022"},"modified":"2025-02-13T00:33:37","modified_gmt":"2025-02-12T23:33:37","slug":"norri-insiste-con-dos-proyectos-sobre-seguridad-en-balnearios","status":"publish","type":"post","link":"https:\/\/cafeprensa.com.ar\/index.php\/2025\/02\/13\/norri-insiste-con-dos-proyectos-sobre-seguridad-en-balnearios\/","title":{"rendered":"Norri insiste con dos proyectos sobre seguridad en balnearios"},"content":{"rendered":"<div><b>Luego del fallecimiento de dos j\u00f3venes por ahogamiento en el Dique El Cadillal, el legislador Agust\u00edn Romano Norri reiter\u00f3 su pedido al Poder Ejecutivo para reforzar las medidas de seguridad en balnearios y espejos de agua de Tucum\u00e1n.\u00a0<\/b><\/div>\n<div><\/div>\n<div>A trav\u00e9s de un posteo en redes sociales, record\u00f3 que ya hab\u00eda solicitado extremar los controles al inicio de la temporada de verano para evitar tragedias como la ocurrida recientemente.<\/div>\n<div><\/div>\n<div>El legislador tambi\u00e9n insisti\u00f3 en la urgente aplicaci\u00f3n de la Ley 9379, que regula la profesi\u00f3n de guardavidas y prev\u00e9 la creaci\u00f3n del Registro Provincial P\u00fablico de Guardavidas.\u00a0 <b>\u201cEs fundamental prevenir estos hechos, que hoy lamentamos, y garantizar la presencia de personal de seguridad en dichos espacios para proteger a los tucumanos\u201d, expres\u00f3 Romano Norri.<\/b><\/div>\n<div><\/div>\n<div>Sus declaraciones llegan en un contexto de creciente preocupaci\u00f3n por la seguridad en zonas recreativas con agua.\u00a0La falta de medidas preventivas y la ausencia de guardavidas en muchos balnearios han sido se\u00f1aladas como factores de riesgo que podr\u00edan evitarse con una adecuada implementaci\u00f3n de la normativa vigente.<\/div>\n<div><\/div>\n<div><b>Los proyectos presentados por el legislador buscan reforzar la seguridad en natatorios y espejos de agua de la provincia, estableciendo regulaciones m\u00e1s estrictas y promoviendo la formaci\u00f3n en primeros auxilios<\/b><\/div>\n","protected":false},"excerpt":{"rendered":"<p>Luego del fallecimiento de dos j\u00f3venes por ahogamiento en el Dique El Cadillal, el legislador Agust\u00edn Romano Norri reiter\u00f3 su pedido al Poder Ejecutivo para reforzar las medidas de seguridad en balnearios y espejos de agua de Tucum\u00e1n.\u00a0 A trav\u00e9s de un posteo en redes sociales, record\u00f3 que ya hab\u00eda solicitado extremar los controles al &hellip;<\/p>\n","protected":false},"author":2,"featured_media":6023,"comment_status":"open","ping_status":"open","sticky":false,"template":"","format":"standard","meta":{"footnotes":""},"categories":[34,25],"tags":[90,237],"class_list":["post-6022","post","type-post","status-publish","format-standard","has-post-thumbnail","hentry","category-locales","category-politica","tag-legislador","tag-norri"],"_links":{"self":[{"href":"https:\/\/cafeprensa.com.ar\/index.php\/wp-json\/wp\/v2\/posts\/6022","targetHints":{"allow":["GET"]}}],"collection":[{"href":"https:\/\/cafeprensa.com.ar\/index.php\/wp-json\/wp\/v2\/posts"}],"about":[{"href":"https:\/\/cafeprensa.com.ar\/index.php\/wp-json\/wp\/v2\/types\/post"}],"author":[{"embeddable":true,"href":"https:\/\/cafeprensa.com.ar\/index.php\/wp-json\/wp\/v2\/users\/2"}],"replies":[{"embeddable":true,"href":"https:\/\/cafeprensa.com.ar\/index.php\/wp-json\/wp\/v2\/comments?post=6022"}],"version-history":[{"count":1,"href":"https:\/\/cafeprensa.com.ar\/index.php\/wp-json\/wp\/v2\/posts\/6022\/revisions"}],"predecessor-version":[{"id":6024,"href":"https:\/\/cafeprensa.com.ar\/index.php\/wp-json\/wp\/v2\/posts\/6022\/revisions\/6024"}],"wp:featuredmedia":[{"embeddable":true,"href":"https:\/\/cafeprensa.com.ar\/index.php\/wp-json\/wp\/v2\/media\/6023"}],"wp:attachment":[{"href":"https:\/\/cafeprensa.com.ar\/index.php\/wp-json\/wp\/v2\/media?parent=6022"}],"wp:term":[{"taxonomy":"category","embeddable":true,"href":"https:\/\/cafeprensa.com.ar\/index.php\/wp-json\/wp\/v2\/categories?post=6022"},{"taxonomy":"post_tag","embeddable":true,"href":"https:\/\/cafeprensa.com.ar\/index.php\/wp-json\/wp\/v2\/tags?post=6022"}],"curies":[{"name":"wp","href":"https:\/\/api.w.org\/{rel}","templated":true}]}}