{"id":6070,"date":"2025-02-28T16:50:52","date_gmt":"2025-02-28T15:50:52","guid":{"rendered":"https:\/\/cafeprensa.com.ar\/?p=6070"},"modified":"2025-02-28T16:50:52","modified_gmt":"2025-02-28T15:50:52","slug":"como-funcionara-el-transporte-publico-gratuito-para-los-estudiantes","status":"publish","type":"post","link":"https:\/\/cafeprensa.com.ar\/index.php\/2025\/02\/28\/como-funcionara-el-transporte-publico-gratuito-para-los-estudiantes\/","title":{"rendered":"C\u00f3mo funcionar\u00e1 el transporte p\u00fablico gratuito para los estudiantes"},"content":{"rendered":"<div class=\"noticia-copete text-noticia-index-copete font-noticia-index-copete text-lg md:text-lg pb-2\">El acceso al transporte p\u00fablico gratuito para estudiantes tucumanos vuelve a ponerse en marcha. Qu\u00e9 dijo Jorge Berreta sobre su implementaci\u00f3n<\/div>\n<div class=\"noticia-image img-container relative w-full h-[18rem] sm:h-[22rem] md:h-[20rem] lg:h-[24rem] xl:h-[34rem] my-2\"><img decoding=\"async\" class=\"imgdatasrc object-cover h-full w-full object-center imgdatasrcloaded\" src=\"https:\/\/losprimerostv-s3.cdn.net.ar\/s3i233\/2025\/02\/losprimerostv\/images\/01\/58\/97\/1589719_d1c84aaeef650cd58f5eba78b2073f9f3c15a433ccfcf41da986454560848b50\/md.webp\" sizes=\" (max-width: 200px) 200px, (max-width: 640px) 640px, (max-width: 768px) 768px, 1200px \" srcset=\" https:\/\/losprimerostv-s3.cdn.net.ar\/s3i233\/2025\/02\/losprimerostv\/images\/01\/58\/97\/1589719_d1c84aaeef650cd58f5eba78b2073f9f3c15a433ccfcf41da986454560848b50\/min.webp 200w, https:\/\/losprimerostv-s3.cdn.net.ar\/s3i233\/2025\/02\/losprimerostv\/images\/01\/58\/97\/1589719_d1c84aaeef650cd58f5eba78b2073f9f3c15a433ccfcf41da986454560848b50\/xs.webp 640w , https:\/\/losprimerostv-s3.cdn.net.ar\/s3i233\/2025\/02\/losprimerostv\/images\/01\/58\/97\/1589719_d1c84aaeef650cd58f5eba78b2073f9f3c15a433ccfcf41da986454560848b50\/sm.webp 768w, https:\/\/losprimerostv-s3.cdn.net.ar\/s3i233\/2025\/02\/losprimerostv\/images\/01\/58\/97\/1589719_d1c84aaeef650cd58f5eba78b2073f9f3c15a433ccfcf41da986454560848b50\/md.webp 1200w \" alt=\"C\u00f3mo funcionar\u00e1 el transporte p\u00fablico gratuito para los estudiantes\" data-crop=\"&quot;{\\&quot;1x1\\&quot;:{\\&quot;x\\&quot;:50,\\&quot;y\\&quot;:50},\\&quot;4x3\\&quot;:{\\&quot;x\\&quot;:50,\\&quot;y\\&quot;:50},\\&quot;16x9\\&quot;:{\\&quot;x\\&quot;:50,\\&quot;y\\&quot;:50},\\&quot;21x9\\&quot;:{\\&quot;x\\&quot;:50,\\&quot;y\\&quot;:50},\\&quot;2x3\\&quot;:{\\&quot;x\\&quot;:50,\\&quot;y\\&quot;:50}}&quot;\" \/><\/div>\n<div class=\"img-epigrafe\">C\u00f3mo funcionar\u00e1 el transporte p\u00fablico gratuito para los estudiantes<\/div>\n<div class=\"noticia-contenido contenido text-lg md:text-lg text-noticia-index-contenido font-noticia-index-contenido text-base \">\n<p>El\u00a0<a href=\"https:\/\/www.losprimeros.tv\/tag\/1339\/boletos-gratuitos\"><strong>Boleto Estudiantil Gratuito<\/strong><\/a>\u00a0continuar\u00e1 este a\u00f1o en\u00a0<a href=\"https:\/\/www.losprimeros.tv\/noticias\/2025\/02\/14\/273859-el-boleto-estudiantil-gratuito-para-el-interior-se-implementara-con-nuevos-controles\"><strong>Tucum\u00e1n<\/strong><\/a>, garantizando el acceso al transporte para miles de estudiantes de toda la provincia. Seg\u00fan inform\u00f3 a\u00a0<em>Los Primeros,<\/em><strong>\u00a0Jorge Berreta<\/strong>, vicepresidente de AETAT,<strong>\u00a0durante marzo los alumnos de primaria y secundaria podr\u00e1n viajar sin necesidad de presentar una tarjeta<\/strong>, ya que en ese per\u00edodo se llevar\u00e1 a cabo la inscripci\u00f3n para la implementaci\u00f3n de la nueva tarjeta Independencia<strong>. \u00abHasta el 25 de marzo aproximadamente los alumnos podr\u00e1n viajar sin necesidad de presentar la tarjeta o el abono en caso de las l\u00edneas rurales. Es importante que gestionen r\u00e1pidamente su inscripci\u00f3n al BEG porque desde abril entra en vigencia la tarjeta Independencia\u201d,<\/strong> sentenci\u00f3 Berreta.<\/p>\n<p><img decoding=\"async\" src=\"https:\/\/losprimerostv-s3.cdn.net.ar\/s3i233\/2023\/06\/losprimerostv\/images\/05\/33\/53350_e8762dc3fe111b8d5dc190744d30d642bf97c31426172d699053e2d240242e47\/lg.webp\" alt=\"\" width=\"100%\" \/><\/p>\n<p>Es importante aclarar que a partir de los\u00a0<strong>primeros d\u00edas de abril, ser\u00e1 obligatorio contar con la mencionada tarjeta para acceder al beneficio<\/strong> del pasaje gratuito en los colectivos interurbanos y rurales. En San Miguel de Tucum\u00e1n, en cambio, el sistema comenzar\u00e1 a operar con la tarjeta SUBE, manteniendo el esquema ya vigente en la capital. En tanto, el empresario recomend\u00f3 a los familiares y estudiantes informarse sobre el proceso de inscripci\u00f3n y los puntos de entrega de las tarjetas para evitar inconvenientes al momento de viajar.<\/p>\n<\/div>\n","protected":false},"excerpt":{"rendered":"<p>El acceso al transporte p\u00fablico gratuito para estudiantes tucumanos vuelve a ponerse en marcha. Qu\u00e9 dijo Jorge Berreta sobre su implementaci\u00f3n C\u00f3mo funcionar\u00e1 el transporte p\u00fablico gratuito para los estudiantes El\u00a0Boleto Estudiantil Gratuito\u00a0continuar\u00e1 este a\u00f1o en\u00a0Tucum\u00e1n, garantizando el acceso al transporte para miles de estudiantes de toda la provincia. Seg\u00fan inform\u00f3 a\u00a0Los Primeros,\u00a0Jorge Berreta, vicepresidente &hellip;<\/p>\n","protected":false},"author":2,"featured_media":6072,"comment_status":"open","ping_status":"open","sticky":false,"template":"","format":"standard","meta":{"footnotes":""},"categories":[54,34],"tags":[1524,701,808],"class_list":["post-6070","post","type-post","status-publish","format-standard","has-post-thumbnail","hentry","category-interes-ganeral","category-locales","tag-boleto-gratuito","tag-estudiantes","tag-municioalidad-de-san-miguel"],"_links":{"self":[{"href":"https:\/\/cafeprensa.com.ar\/index.php\/wp-json\/wp\/v2\/posts\/6070","targetHints":{"allow":["GET"]}}],"collection":[{"href":"https:\/\/cafeprensa.com.ar\/index.php\/wp-json\/wp\/v2\/posts"}],"about":[{"href":"https:\/\/cafeprensa.com.ar\/index.php\/wp-json\/wp\/v2\/types\/post"}],"author":[{"embeddable":true,"href":"https:\/\/cafeprensa.com.ar\/index.php\/wp-json\/wp\/v2\/users\/2"}],"replies":[{"embeddable":true,"href":"https:\/\/cafeprensa.com.ar\/index.php\/wp-json\/wp\/v2\/comments?post=6070"}],"version-history":[{"count":1,"href":"https:\/\/cafeprensa.com.ar\/index.php\/wp-json\/wp\/v2\/posts\/6070\/revisions"}],"predecessor-version":[{"id":6073,"href":"https:\/\/cafeprensa.com.ar\/index.php\/wp-json\/wp\/v2\/posts\/6070\/revisions\/6073"}],"wp:featuredmedia":[{"embeddable":true,"href":"https:\/\/cafeprensa.com.ar\/index.php\/wp-json\/wp\/v2\/media\/6072"}],"wp:attachment":[{"href":"https:\/\/cafeprensa.com.ar\/index.php\/wp-json\/wp\/v2\/media?parent=6070"}],"wp:term":[{"taxonomy":"category","embeddable":true,"href":"https:\/\/cafeprensa.com.ar\/index.php\/wp-json\/wp\/v2\/categories?post=6070"},{"taxonomy":"post_tag","embeddable":true,"href":"https:\/\/cafeprensa.com.ar\/index.php\/wp-json\/wp\/v2\/tags?post=6070"}],"curies":[{"name":"wp","href":"https:\/\/api.w.org\/{rel}","templated":true}]}}