{"id":6114,"date":"2025-03-04T01:43:51","date_gmt":"2025-03-04T00:43:51","guid":{"rendered":"https:\/\/cafeprensa.com.ar\/?p=6114"},"modified":"2025-03-04T01:43:51","modified_gmt":"2025-03-04T00:43:51","slug":"los-6-juveniles-que-eligio-scaloni-para-la-seleccion-argentina","status":"publish","type":"post","link":"https:\/\/cafeprensa.com.ar\/index.php\/2025\/03\/04\/los-6-juveniles-que-eligio-scaloni-para-la-seleccion-argentina\/","title":{"rendered":"los 6 juveniles que eligi\u00f3 Scaloni para la Selecci\u00f3n Argentina"},"content":{"rendered":"<p>El director t\u00e9cnico argentino incluy\u00f3 en su lista para los partidos ante Uruguay y Brasil por las Eliminatorias Sudamericanas.<br \/>\nEn la jornada de este lunes, el director t\u00e9cnico de la Selecci\u00f3n Argentina, Lionel Scaloni anunci\u00f3 la lista de los convocados para los partidos ante Uruguay y Brasil, en la doble fecha de Eliminatorias Sudamericanas que podr\u00eda asegurar el pase seguro a la clasificaci\u00f3n el Mundial de Estados Unidos, M\u00e9xico y Canad\u00e1, donde asegur\u00f3 el lugar de seis j\u00f3venes que prometen la gloria, as\u00ed lo se\u00f1ala el portal de Radio Mitre.<\/p>\n<p><strong>M\u00e1ximo Perrone<\/strong>: de 22 a\u00f1os, mediocampista surgido de V\u00e9lez, quien ya fue tenido en cuenta por el DT en convocatorias anteriores y actualmente destaca en el Como 1907 de la Serie A.<\/p>\n<p><img loading=\"lazy\" decoding=\"async\" class=\"alignnone wp-image-6121 size-full\" src=\"https:\/\/cafeprensa.com.ar\/wp-content\/uploads\/2025\/03\/078c1da9277751ea4e079086c57635a6.jpeg\" alt=\"\" width=\"600\" height=\"400\" srcset=\"https:\/\/cafeprensa.com.ar\/wp-content\/uploads\/2025\/03\/078c1da9277751ea4e079086c57635a6.jpeg 600w, https:\/\/cafeprensa.com.ar\/wp-content\/uploads\/2025\/03\/078c1da9277751ea4e079086c57635a6-300x200.jpeg 300w\" sizes=\"auto, (max-width: 600px) 100vw, 600px\" \/><\/p>\n<p><strong>Giuliano Simeone:<\/strong> de 22 a\u00f1os, el hijo del Cholo se desempe\u00f1a como delantero y actualmente atraviesa un gran momento en el Atl\u00e9tico Madrid.<\/p>\n<p><img loading=\"lazy\" decoding=\"async\" class=\"alignnone wp-image-6116 size-full\" src=\"https:\/\/cafeprensa.com.ar\/wp-content\/uploads\/2025\/03\/https___diariolaescuadra.com_wp-content_uploads_2025_02_5c221646-55b0-4ffd-a91e-e3fd0bde19d6_16-9-discover-aspect-ratio_default_0.avif\" alt=\"\" width=\"560\" height=\"420\" srcset=\"https:\/\/cafeprensa.com.ar\/wp-content\/uploads\/2025\/03\/https___diariolaescuadra.com_wp-content_uploads_2025_02_5c221646-55b0-4ffd-a91e-e3fd0bde19d6_16-9-discover-aspect-ratio_default_0.avif 560w, https:\/\/cafeprensa.com.ar\/wp-content\/uploads\/2025\/03\/https___diariolaescuadra.com_wp-content_uploads_2025_02_5c221646-55b0-4ffd-a91e-e3fd0bde19d6_16-9-discover-aspect-ratio_default_0-300x225.avif 300w\" sizes=\"auto, (max-width: 560px) 100vw, 560px\" \/><\/p>\n<p><strong>Benjam\u00edn Dom\u00ednguez:<\/strong> 21 a\u00f1os, juega como extremo izquierdo y tuvo su debut en Gimnasia y Esgrima de La Plata, actualmente disput\u00f3 15 partidos y marc\u00f3 tres goles en la Serie A para el Bologna.<\/p>\n<p><img loading=\"lazy\" decoding=\"async\" class=\"alignnone wp-image-6117 size-large\" src=\"https:\/\/cafeprensa.com.ar\/wp-content\/uploads\/2025\/03\/benjamin-dominguez-1-1024x683.webp\" alt=\"\" width=\"1024\" height=\"683\" srcset=\"https:\/\/cafeprensa.com.ar\/wp-content\/uploads\/2025\/03\/benjamin-dominguez-1-1024x683.webp 1024w, https:\/\/cafeprensa.com.ar\/wp-content\/uploads\/2025\/03\/benjamin-dominguez-1-300x200.webp 300w, https:\/\/cafeprensa.com.ar\/wp-content\/uploads\/2025\/03\/benjamin-dominguez-1-768x512.webp 768w, https:\/\/cafeprensa.com.ar\/wp-content\/uploads\/2025\/03\/benjamin-dominguez-1.webp 1200w\" sizes=\"auto, (max-width: 1024px) 100vw, 1024px\" \/><\/p>\n<p><strong>Nicol\u00e1s Paz:<\/strong> de 20 a\u00f1os, hijo del ex defensor quien ya debut\u00f3 en la Mayor en el mes de octubre del a\u00f1o pasado sobre el final de la victoria 6-0 ante Bolivia, su ficha pertenece al Real Madrid pero est\u00e1 a pr\u00e9stamo en el Como de Italia.<\/p>\n<p><img loading=\"lazy\" decoding=\"async\" class=\"alignnone wp-image-6118 size-full\" src=\"https:\/\/cafeprensa.com.ar\/wp-content\/uploads\/2025\/03\/in1697055552624.jpeg\" alt=\"\" width=\"960\" height=\"638\" srcset=\"https:\/\/cafeprensa.com.ar\/wp-content\/uploads\/2025\/03\/in1697055552624.jpeg 960w, https:\/\/cafeprensa.com.ar\/wp-content\/uploads\/2025\/03\/in1697055552624-300x199.jpeg 300w, https:\/\/cafeprensa.com.ar\/wp-content\/uploads\/2025\/03\/in1697055552624-768x510.jpeg 768w\" sizes=\"auto, (max-width: 960px) 100vw, 960px\" \/><\/p>\n<p><strong>Claudio Echeverri:<\/strong> de 19 a\u00f1os, lleg\u00f3 a Inglaterra esta semana para jugar en el Manchester City y fue el capit\u00e1n de la Selecci\u00f3n argentina en el Sudamericano Sub 20 de Venezuela.<\/p>\n<p><img loading=\"lazy\" decoding=\"async\" class=\"alignnone wp-image-6119 size-full\" src=\"https:\/\/cafeprensa.com.ar\/wp-content\/uploads\/2025\/03\/conheca-claudio-echeverri-joia-da-argentina-e-do-river-plate-115319_800x450.webp\" alt=\"\" width=\"800\" height=\"450\" srcset=\"https:\/\/cafeprensa.com.ar\/wp-content\/uploads\/2025\/03\/conheca-claudio-echeverri-joia-da-argentina-e-do-river-plate-115319_800x450.webp 800w, https:\/\/cafeprensa.com.ar\/wp-content\/uploads\/2025\/03\/conheca-claudio-echeverri-joia-da-argentina-e-do-river-plate-115319_800x450-300x169.webp 300w, https:\/\/cafeprensa.com.ar\/wp-content\/uploads\/2025\/03\/conheca-claudio-echeverri-joia-da-argentina-e-do-river-plate-115319_800x450-768x432.webp 768w, https:\/\/cafeprensa.com.ar\/wp-content\/uploads\/2025\/03\/conheca-claudio-echeverri-joia-da-argentina-e-do-river-plate-115319_800x450-390x220.webp 390w\" sizes=\"auto, (max-width: 800px) 100vw, 800px\" \/><\/p>\n<p><strong>Santiago Castro:<\/strong> de 20 a\u00f1os, surgido en V\u00e9lez juega como delantero en el Bologna de la Serie A y en lo que va de la temporada ya marc\u00f3 unos 7 goles.<\/p>\n<p><img loading=\"lazy\" decoding=\"async\" class=\"alignnone wp-image-6120 size-full\" src=\"https:\/\/cafeprensa.com.ar\/wp-content\/uploads\/2025\/03\/santiago-castro-bologna-23-24-1717597815-138563.jpg\" alt=\"\" width=\"1002\" height=\"560\" srcset=\"https:\/\/cafeprensa.com.ar\/wp-content\/uploads\/2025\/03\/santiago-castro-bologna-23-24-1717597815-138563.jpg 1002w, https:\/\/cafeprensa.com.ar\/wp-content\/uploads\/2025\/03\/santiago-castro-bologna-23-24-1717597815-138563-300x168.jpg 300w, https:\/\/cafeprensa.com.ar\/wp-content\/uploads\/2025\/03\/santiago-castro-bologna-23-24-1717597815-138563-768x429.jpg 768w\" sizes=\"auto, (max-width: 1002px) 100vw, 1002px\" \/><\/p>\n<p>La Selecci\u00f3n Argentina ante Uruguay y Brasil por Eliminatorias<\/p>\n<p>El pr\u00f3ximo viernes 21 de marzo, la <strong>Selecci\u00f3n Argentina jugar\u00e1 contra Uruguay en el Estadio Centenario de Montevideo, y el martes 25 recibir\u00e1 a Brasil en el Estadio M\u00e1s Monumental.<\/strong> Ambos partidos corresponden a las fechas 13 y 14 de las Eliminatorias Sudamericanas para el Mundial 2026.<\/p>\n","protected":false},"excerpt":{"rendered":"<p>El director t\u00e9cnico argentino incluy\u00f3 en su lista para los partidos ante Uruguay y Brasil por las Eliminatorias Sudamericanas. En la jornada de este lunes, el director t\u00e9cnico de la Selecci\u00f3n Argentina, Lionel Scaloni anunci\u00f3 la lista de los convocados para los partidos ante Uruguay y Brasil, en la doble fecha de Eliminatorias Sudamericanas que &hellip;<\/p>\n","protected":false},"author":2,"featured_media":6115,"comment_status":"open","ping_status":"open","sticky":false,"template":"","format":"standard","meta":{"footnotes":""},"categories":[294,33],"tags":[1116],"class_list":["post-6114","post","type-post","status-publish","format-standard","has-post-thumbnail","hentry","category-futbol","category-nacionales","tag-seleccion-nacional"],"_links":{"self":[{"href":"https:\/\/cafeprensa.com.ar\/index.php\/wp-json\/wp\/v2\/posts\/6114","targetHints":{"allow":["GET"]}}],"collection":[{"href":"https:\/\/cafeprensa.com.ar\/index.php\/wp-json\/wp\/v2\/posts"}],"about":[{"href":"https:\/\/cafeprensa.com.ar\/index.php\/wp-json\/wp\/v2\/types\/post"}],"author":[{"embeddable":true,"href":"https:\/\/cafeprensa.com.ar\/index.php\/wp-json\/wp\/v2\/users\/2"}],"replies":[{"embeddable":true,"href":"https:\/\/cafeprensa.com.ar\/index.php\/wp-json\/wp\/v2\/comments?post=6114"}],"version-history":[{"count":1,"href":"https:\/\/cafeprensa.com.ar\/index.php\/wp-json\/wp\/v2\/posts\/6114\/revisions"}],"predecessor-version":[{"id":6122,"href":"https:\/\/cafeprensa.com.ar\/index.php\/wp-json\/wp\/v2\/posts\/6114\/revisions\/6122"}],"wp:featuredmedia":[{"embeddable":true,"href":"https:\/\/cafeprensa.com.ar\/index.php\/wp-json\/wp\/v2\/media\/6115"}],"wp:attachment":[{"href":"https:\/\/cafeprensa.com.ar\/index.php\/wp-json\/wp\/v2\/media?parent=6114"}],"wp:term":[{"taxonomy":"category","embeddable":true,"href":"https:\/\/cafeprensa.com.ar\/index.php\/wp-json\/wp\/v2\/categories?post=6114"},{"taxonomy":"post_tag","embeddable":true,"href":"https:\/\/cafeprensa.com.ar\/index.php\/wp-json\/wp\/v2\/tags?post=6114"}],"curies":[{"name":"wp","href":"https:\/\/api.w.org\/{rel}","templated":true}]}}