{"id":6124,"date":"2025-03-04T17:02:33","date_gmt":"2025-03-04T16:02:33","guid":{"rendered":"https:\/\/cafeprensa.com.ar\/?p=6124"},"modified":"2025-03-04T17:02:59","modified_gmt":"2025-03-04T16:02:59","slug":"tucuman-participa-de-la-feria-itb-berlin-2025","status":"publish","type":"post","link":"https:\/\/cafeprensa.com.ar\/index.php\/2025\/03\/04\/tucuman-participa-de-la-feria-itb-berlin-2025\/","title":{"rendered":"Tucum\u00e1n participa de la Feria ITB Berl\u00edn 2025"},"content":{"rendered":"<div class=\"row ts-gutter-30 noticia\">\n<div class=\"col-lg-8 nota-left-section\">\n<div id=\"details-news-233015\" class=\"single-post\">\n<div class=\"post-content-area\">\n<div class=\"post-media\">\n<div class=\"image-caption\">La vicepresidenta del Ente Tucum\u00e1n Turismo In\u00e9s Fr\u00edas Silva est\u00e1 participando mostrando las bondades de Tucum\u00e1n.<\/div>\n<div class=\"post-header-area\">\n<p class=\"sumario\">Est\u00e1 representando a la provincia la vicepresidenta del Ente Tucum\u00e1n Turismo, In\u00e9s Fr\u00edas Silva.<strong> \u201cNuestra uva criolla, aut\u00f3ctona de la regi\u00f3n, produce un vino que al principio sorprende por su intensidad, pero luego te enamora\u201d,<\/strong> sintetiz\u00f3 sobre la producci\u00f3n vitivin\u00edcola.<\/p>\n<\/div>\n<\/div>\n<div class=\"articleBody\">\n<p><strong>\u201cTucum\u00e1n es la provincia m\u00e1s chiquita y m\u00e1s grande a la vez\u201d<\/strong>, afirm\u00f3\u00a0<strong>In\u00e9s Fr\u00edas Silva<\/strong>, vicepresidenta del Ente Tucum\u00e1n Turismo del gobierno de Tucum\u00e1n, quien est\u00e1 participando de la feria ITB Berl\u00edn 2025 y fue entrevistada por\u00a0<strong>Caribbean News Digital<\/strong>\u00a0donde ponder\u00f3 \u00a0la riqueza de las tierras tucumanas y su apuesta por el turismo con el sector vitivinicola.<\/p>\n<blockquote><p>Si bien muchas provincias argentinas producen vino, Tucum\u00e1n se distingue por un enfoque que va m\u00e1s all\u00e1 de la simple degustaci\u00f3n. Dieciocho bodegas forman parte de su circuito, y once de ellas ofrecen experiencias tur\u00edsticas. \u201cNo es turismo del vino, sino con el vino. Nos acompa\u00f1a en experiencias que combinan naturaleza, historia y gastronom\u00eda\u201d, se\u00f1ala Fr\u00edas Silva.<\/p><\/blockquote>\n<p>El Circuito de los Valles Calchaqu\u00edes es el epicentro de esta propuesta, donde se pueden recorrer las estancias jesu\u00edticas de Taf\u00ed del Valle, un sitio hist\u00f3rico que a\u00fan conserva la tradici\u00f3n de elaborar quesos manchegos.\u00a0<strong>\u201cY, por supuesto, el queso no se disfruta sin un buen vino tucumano\u201d, agreg\u00f3 la funcionaria.<\/strong><\/p>\n<p><img decoding=\"async\" class=\"img-responsive\" src=\"https:\/\/www.comunicaciontucuman.gob.ar\/fotos\/notas\/2025\/03\/04\/250304124735_40950.jpg\" \/><\/p>\n<p>La producci\u00f3n vitivin\u00edcola tucumana tiene una particularidad: la amplitud t\u00e9rmica extrema entre el d\u00eda y la noche genera vinos con un sabor y color \u00fanicos.<strong> \u201cNuestra uva criolla, aut\u00f3ctona de la regi\u00f3n, produce un vino que al principio sorprende por su intensidad, pero luego te enamora\u201d<\/strong>, explica Fr\u00edas.<\/p>\n<p>Entre las joyas del circuito se encuentra la Bodega Comunitaria de los Indios Amaichas, la primera en Latinoam\u00e9rica de este tipo y la segunda en el mundo. <strong>\u201cLa bodega est\u00e1 construida en piedra y evoca las antiguas viviendas de los Amaichas, reflejando su cultura y tradici\u00f3n\u201d<\/strong>, cuenta la funcionaria.<\/p>\n<h3>Turismo rural y experiencias ancestrales<\/h3>\n<p>El turismo en Tucum\u00e1n tambi\u00e9n es una invitaci\u00f3n a sumergirse en su cultura viva. En Talapazo, un peque\u00f1o pueblo de 26 familias, los visitantes pueden aprender a preparar el frangollo, una sopa de ma\u00edz tradicional, o degustar los aut\u00e9nticos caf\u00e9s de higo, tusca y algarroba.<strong> \u201cEs una experiencia que conecta con lo aut\u00e9ntico, con lo simple, pero tambi\u00e9n con lo sorprendente\u201d,<\/strong> enfatiza Fr\u00edas.<\/p>\n<p>La conectividad es clave para el crecimiento tur\u00edstico de Tucum\u00e1n. Recientemente, se anunci\u00f3 la ampliaci\u00f3n del Aeropuerto Internacional Benjam\u00edn Matienzo, lo que triplicar\u00e1 su capacidad en el pr\u00f3ximo a\u00f1o y medio. \u201cEstamos gestionando nuevas aerol\u00edneas y rutas para ampliar nuestra llegada a mercados como Alemania y Espa\u00f1a\u201d, comenta Fr\u00edas.<\/p>\n<p>Tucum\u00e1n se perfila como un destino en ascenso, atrayendo a viajeros que buscan autenticidad, naturaleza y tradici\u00f3n. Con una oferta hotelera que abarca desde hoteles de cadena internacional hasta alojamientos rurales, y un fuerte compromiso con el turismo sostenible y el desarrollo comunitario, la provincia apuesta por seguir creciendo. <strong>\u201cEl turismo genera oportunidades, no solo para el sector hotelero o gastron\u00f3mico, sino para las econom\u00edas regionales y para cada poblador que encuentra en esta industria un medio de vida\u201d<\/strong>, concluye Fr\u00edas.<\/p>\n<h3>\u00a0Turismo en Tucum\u00e1n: una propuesta integral<\/h3>\n<blockquote><p>El turismo en Tucum\u00e1n es un reflejo de su diversidad natural, cultural y gastron\u00f3mica. Desde experiencias enol\u00f3gicas en los Valles Calchaqu\u00edes, hasta recorridos hist\u00f3ricos por la Ruta de los Jesuitas, la provincia ofrece actividades para todos los gustos y perfiles de viajeros.<\/p><\/blockquote>\n<p>Para los amantes de la naturaleza, Tucum\u00e1n cuenta con una impresionante variedad de paisajes que van desde la exuberante Yunga, un ecosistema de selva subtropical, hasta los imponentes pastizales de altura del Infernillo, a m\u00e1s de 3.000 metros sobre el nivel del mar. En el recorrido por la provincia, los visitantes pueden admirar el Observatorio de Ampimpa, un lugar privilegiado para el astroturismo, donde las noches despejadas permiten contemplar un firmamento inigualable.<\/p>\n<p>Los viajeros interesados en la historia y las tradiciones pueden explorar la Ciudad Sagrada de los Quilmes, un sitio arqueol\u00f3gico que resguarda el legado de una de las civilizaciones prehisp\u00e1nicas m\u00e1s importantes de Argentina. Adem\u00e1s, en la localidad de Talapaso, se puede experimentar el turismo rural comunitario, con actividades como la preparaci\u00f3n de comidas ancestrales y la degustaci\u00f3n de infusiones aut\u00f3ctonas, como los caf\u00e9s de higo, tusca y algarroba.<\/p>\n<p>Tucum\u00e1n tambi\u00e9n ha fortalecido su oferta de turismo sustentable, promoviendo pr\u00e1cticas ecol\u00f3gicas en el sector vitivin\u00edcola y apoyando emprendimientos locales que valoran la producci\u00f3n org\u00e1nica. Un claro ejemplo es la bodega <strong>\u00abLuna de Cuarzo\u00bb,<\/strong> que cultiva sus vides siguiendo los ciclos de la luna, en armon\u00eda con el medioambiente. Gracias a su creciente conectividad y a la diversidad de su oferta, Tucum\u00e1n se posiciona como un destino que combina aventura, historia, cultura y gastronom\u00eda, invitando a los visitantes a descubrir cada uno de sus rincones con experiencias aut\u00e9nticas e inolvidables.<\/p>\n<\/div>\n<\/div>\n<\/div>\n<\/div>\n<\/div>\n","protected":false},"excerpt":{"rendered":"<p>La vicepresidenta del Ente Tucum\u00e1n Turismo In\u00e9s Fr\u00edas Silva est\u00e1 participando mostrando las bondades de Tucum\u00e1n. Est\u00e1 representando a la provincia la vicepresidenta del Ente Tucum\u00e1n Turismo, In\u00e9s Fr\u00edas Silva. \u201cNuestra uva criolla, aut\u00f3ctona de la regi\u00f3n, produce un vino que al principio sorprende por su intensidad, pero luego te enamora\u201d, sintetiz\u00f3 sobre la producci\u00f3n &hellip;<\/p>\n","protected":false},"author":2,"featured_media":6125,"comment_status":"open","ping_status":"open","sticky":false,"template":"","format":"standard","meta":{"footnotes":""},"categories":[34,170],"tags":[530,1531],"class_list":["post-6124","post","type-post","status-publish","format-standard","has-post-thumbnail","hentry","category-locales","category-turismo","tag-ente-de-turismo","tag-la-vicepresidenta-del-ente-tucuman-turismo-ines-frias-silva"],"_links":{"self":[{"href":"https:\/\/cafeprensa.com.ar\/index.php\/wp-json\/wp\/v2\/posts\/6124","targetHints":{"allow":["GET"]}}],"collection":[{"href":"https:\/\/cafeprensa.com.ar\/index.php\/wp-json\/wp\/v2\/posts"}],"about":[{"href":"https:\/\/cafeprensa.com.ar\/index.php\/wp-json\/wp\/v2\/types\/post"}],"author":[{"embeddable":true,"href":"https:\/\/cafeprensa.com.ar\/index.php\/wp-json\/wp\/v2\/users\/2"}],"replies":[{"embeddable":true,"href":"https:\/\/cafeprensa.com.ar\/index.php\/wp-json\/wp\/v2\/comments?post=6124"}],"version-history":[{"count":2,"href":"https:\/\/cafeprensa.com.ar\/index.php\/wp-json\/wp\/v2\/posts\/6124\/revisions"}],"predecessor-version":[{"id":6127,"href":"https:\/\/cafeprensa.com.ar\/index.php\/wp-json\/wp\/v2\/posts\/6124\/revisions\/6127"}],"wp:featuredmedia":[{"embeddable":true,"href":"https:\/\/cafeprensa.com.ar\/index.php\/wp-json\/wp\/v2\/media\/6125"}],"wp:attachment":[{"href":"https:\/\/cafeprensa.com.ar\/index.php\/wp-json\/wp\/v2\/media?parent=6124"}],"wp:term":[{"taxonomy":"category","embeddable":true,"href":"https:\/\/cafeprensa.com.ar\/index.php\/wp-json\/wp\/v2\/categories?post=6124"},{"taxonomy":"post_tag","embeddable":true,"href":"https:\/\/cafeprensa.com.ar\/index.php\/wp-json\/wp\/v2\/tags?post=6124"}],"curies":[{"name":"wp","href":"https:\/\/api.w.org\/{rel}","templated":true}]}}