{"id":6128,"date":"2025-03-04T18:01:04","date_gmt":"2025-03-04T17:01:04","guid":{"rendered":"https:\/\/cafeprensa.com.ar\/?p=6128"},"modified":"2025-03-04T18:01:11","modified_gmt":"2025-03-04T17:01:11","slug":"los-5-carnavales-mas-coloridos-y-convocantes-del-mundo","status":"publish","type":"post","link":"https:\/\/cafeprensa.com.ar\/index.php\/2025\/03\/04\/los-5-carnavales-mas-coloridos-y-convocantes-del-mundo\/","title":{"rendered":"Los 5 carnavales m\u00e1s coloridos y convocantes del mundo"},"content":{"rendered":"<div id=\"smart-head\" class=\"smart-head smart-head-b smart-head-main\" data-sticky=\"auto\" data-sticky-type=\"smart\" data-sticky-full=\"\">\n<div class=\"smart-head-row smart-head-top smart-head-row-3 is-light smart-head-row-full\">\n<div class=\"inner wrap\">\n<div class=\"items items-center \">\n<div class=\"nav-wrap\"><span style=\"font-size: 12pt; font-weight: bold;\">En Sudam\u00e9rica el festejo m\u00e1s popular del a\u00f1o, es sin duda el de <\/span><strong style=\"font-size: 12pt;\">carnaval<\/strong><span style=\"font-size: 12pt; font-weight: bold;\">, donde la tradici\u00f3n asocia al mundo religioso cristiano e integra elementos de tradiciones originarias. El carnaval es sin\u00f3nimo de alegr\u00eda, regocijo y diversi\u00f3n, y representa un momento en el cual las personas que participan en estas manifestaciones, dan lugar a su lado m\u00e1s divertido: aquello que no somos o que nos gustar\u00eda ser. Hay muchos festejos de carnaval en el mundo, pero solo algunos de ellos resaltan como los m\u00e1s famosos e importantes a nivel internacional.<\/span><\/div>\n<\/div>\n<\/div>\n<\/div>\n<\/div>\n<div class=\"main ts-contain cf right-sidebar spc-alp-main\" data-title=\"Los 5 carnavales m\u00e1s coloridos y convocantes del mundo - El Federal Noticias\" data-url=\"https:\/\/elfederalnoticias.com.ar\/los-5-carnavales-mas-coloridos-e-convocantes-del-mundo\/\">\n<div class=\"ts-row\">\n<div class=\"col-8 main-content s-post-contain\">\n<div class=\"the-post s-post-modern\">\n<article id=\"post-73349\" class=\"post-73349 post type-post status-publish format-standard has-post-thumbnail category-sociedad category-z4-destacada tag-carnaval-2025 tag-gualeguaychu tag-mardi-gras tag-montevideo tag-rio-de-janeiro tag-venecia\">\n<div class=\"post-content-wrap has-share-float\">\n<div class=\"post-content cf entry-content content-spacious\">\n<p class=\"has-large-font-size\"><strong>Gualeguaych\u00fa<\/strong><\/p>\n<p>El carnaval de\u00a0<strong>Gualeguaych\u00fa<\/strong>, tambi\u00e9n llamado \u00abEl Carnaval del Pa\u00eds\u00bb, es el m\u00e1s convocante de\u00a0<strong>Argentina<\/strong>. Tradicionalmente se extiende durante todo el mes de febrero. Para \u00e9ste feriado, se transforma en una referencia principal para los turistas que viajan en busca de estas festividades dentro del pa\u00eds. En la ciudad entrerriana se dan cita comparsas de todas partes del pa\u00eds que recorren el cors\u00f3dromo .<\/p>\n<div class=\"wp-block-image\">\n<figure class=\"aligncenter size-large\"><a href=\"https:\/\/elfederalnoticias.com.ar\/wp-content\/uploads\/2025\/03\/image-11.png\"><img loading=\"lazy\" decoding=\"async\" class=\"wp-image-73353\" src=\"https:\/\/elfederalnoticias.com.ar\/wp-content\/uploads\/2025\/03\/image-11-1024x576.png\" sizes=\"auto, (max-width: 1024px) 100vw, 1024px\" srcset=\"https:\/\/elfederalnoticias.com.ar\/wp-content\/uploads\/2025\/03\/image-11-1024x576.png 1024w, https:\/\/elfederalnoticias.com.ar\/wp-content\/uploads\/2025\/03\/image-11-300x169.png 300w, https:\/\/elfederalnoticias.com.ar\/wp-content\/uploads\/2025\/03\/image-11-768x432.png 768w, https:\/\/elfederalnoticias.com.ar\/wp-content\/uploads\/2025\/03\/image-11-1536x864.png 1536w, https:\/\/elfederalnoticias.com.ar\/wp-content\/uploads\/2025\/03\/image-11-150x84.png 150w, https:\/\/elfederalnoticias.com.ar\/wp-content\/uploads\/2025\/03\/image-11-450x253.png 450w, https:\/\/elfederalnoticias.com.ar\/wp-content\/uploads\/2025\/03\/image-11-1200x675.png 1200w, https:\/\/elfederalnoticias.com.ar\/wp-content\/uploads\/2025\/03\/image-11.png 1920w\" alt=\"\" width=\"1024\" height=\"576\" \/><\/a><figcaption class=\"wp-element-caption\">Gualeguaych\u00fa, \u00abEl Carnaval del Pais\u00bb.<\/figcaption><\/figure>\n<\/div>\n<p class=\"has-large-font-size\"><strong>Montevideo<\/strong><\/p>\n<p>El festejo de\u00a0<strong>Montevideo\u00a0<\/strong>es una de las fiestas populares m\u00e1s convocantes en estas fechas a nivel sudamericano. Se lleva a cabo en la ciudad vieja de la capital uruguaya y constituye una oportunidad para resaltar la importancia de la cultura afro que sigue vigente en el pa\u00eds vecino. Esta celebraci\u00f3n se caracteriza por su duraci\u00f3n (es el m\u00e1s largo del mundo) su teatralizaci\u00f3n y su mezcla de influencia africanas y europeas.<\/p>\n<div class=\"wp-block-image\">\n<figure class=\"aligncenter size-full\"><a href=\"https:\/\/elfederalnoticias.com.ar\/wp-content\/uploads\/2025\/03\/image-12.png\"><img loading=\"lazy\" decoding=\"async\" class=\"wp-image-73354\" src=\"https:\/\/elfederalnoticias.com.ar\/wp-content\/uploads\/2025\/03\/image-12.png\" sizes=\"auto, (max-width: 789px) 100vw, 789px\" srcset=\"https:\/\/elfederalnoticias.com.ar\/wp-content\/uploads\/2025\/03\/image-12.png 789w, https:\/\/elfederalnoticias.com.ar\/wp-content\/uploads\/2025\/03\/image-12-300x167.png 300w, https:\/\/elfederalnoticias.com.ar\/wp-content\/uploads\/2025\/03\/image-12-768x428.png 768w, https:\/\/elfederalnoticias.com.ar\/wp-content\/uploads\/2025\/03\/image-12-150x84.png 150w, https:\/\/elfederalnoticias.com.ar\/wp-content\/uploads\/2025\/03\/image-12-450x251.png 450w\" alt=\"\" width=\"789\" height=\"440\" \/><\/a><figcaption class=\"wp-element-caption\">Casi todo el verano, Montevideo es una fiesta.<\/figcaption><\/figure>\n<\/div>\n<p class=\"has-large-font-size\"><strong>Mardi Gras<\/strong><\/p>\n<p>En la ciudad estadounidense de\u00a0<strong>Nueva Orleans<\/strong>, el carnaval se vive a pleno. Para estas fechas, el\u00a0<strong>Barrio Franc\u00e9s\u00a0<\/strong>se ti\u00f1e de colores y s\u00edmbolos africanos. Los disfraces de los participantes, son muy elaborados. Tradicionalmente, m\u00e1s de 250.000 personas participan del festival y se constituye como uno de los m\u00e1s convocantes de\u00a0<strong>Estados Unidos<\/strong>.<\/p>\n<div class=\"wp-block-image\">\n<figure class=\"aligncenter size-large\"><a href=\"https:\/\/elfederalnoticias.com.ar\/wp-content\/uploads\/2025\/03\/image-15.png\"><img loading=\"lazy\" decoding=\"async\" class=\"wp-image-73357\" src=\"https:\/\/elfederalnoticias.com.ar\/wp-content\/uploads\/2025\/03\/image-15-1024x683.png\" sizes=\"auto, (max-width: 1024px) 100vw, 1024px\" srcset=\"https:\/\/elfederalnoticias.com.ar\/wp-content\/uploads\/2025\/03\/image-15-1024x683.png 1024w, https:\/\/elfederalnoticias.com.ar\/wp-content\/uploads\/2025\/03\/image-15-300x200.png 300w, https:\/\/elfederalnoticias.com.ar\/wp-content\/uploads\/2025\/03\/image-15-768x512.png 768w, https:\/\/elfederalnoticias.com.ar\/wp-content\/uploads\/2025\/03\/image-15-150x100.png 150w, https:\/\/elfederalnoticias.com.ar\/wp-content\/uploads\/2025\/03\/image-15-450x300.png 450w, https:\/\/elfederalnoticias.com.ar\/wp-content\/uploads\/2025\/03\/image-15.png 1200w\" alt=\"\" width=\"1024\" height=\"683\" \/><\/a><figcaption class=\"wp-element-caption\">En EE.UU., el carnaval \u00abvive\u00bb en Mardi Gras.<\/figcaption><\/figure>\n<\/div>\n<p class=\"has-large-font-size\"><strong>Venecia<\/strong><\/p>\n<p>El carnaval de\u00a0<strong>Venecia<\/strong>, despu\u00e9s del de\u00a0<strong>R\u00edo de Janeiro\u00a0<\/strong>es uno de los m\u00e1s convocantes del mundo. La ciudad tradicional, atravesada por sus decenas de canales, recibe turistas de todo el mundo, que arriban all\u00ed para disfrazarse, tomar vino y desplegar extravagancia. Este carnaval es uno de los m\u00e1s viejos de Europa y, quiz\u00e1s, del mundo, pues comenz\u00f3 a celebrarse en el siglo XI, y tras una larga prohibici\u00f3n, que entr\u00f3 en vigencia en el siglo XVIII, volvi\u00f3 con fuerza en el siglo XX.<\/p>\n<p><img loading=\"lazy\" decoding=\"async\" class=\"alignnone wp-image-6130 size-full\" src=\"https:\/\/cafeprensa.com.ar\/wp-content\/uploads\/2025\/03\/Carnaval-de-Veneza.webp\" alt=\"\" width=\"1200\" height=\"675\" srcset=\"https:\/\/cafeprensa.com.ar\/wp-content\/uploads\/2025\/03\/Carnaval-de-Veneza.webp 1200w, https:\/\/cafeprensa.com.ar\/wp-content\/uploads\/2025\/03\/Carnaval-de-Veneza-300x169.webp 300w, https:\/\/cafeprensa.com.ar\/wp-content\/uploads\/2025\/03\/Carnaval-de-Veneza-1024x576.webp 1024w, https:\/\/cafeprensa.com.ar\/wp-content\/uploads\/2025\/03\/Carnaval-de-Veneza-768x432.webp 768w, https:\/\/cafeprensa.com.ar\/wp-content\/uploads\/2025\/03\/Carnaval-de-Veneza-390x220.webp 390w\" sizes=\"auto, (max-width: 1200px) 100vw, 1200px\" \/><\/p>\n<p class=\"has-large-font-size\"><strong>R\u00edo de Janeiro<\/strong><\/p>\n<p>El carnaval m\u00e1s convocante del mundo se festeja en\u00a0<strong>Brasil. E<\/strong>l Samb\u00f3dromo de R\u00edo de Janeiro es el lugar de encuentro de la diversi\u00f3n m\u00e1s esplendorosa y colorida del mundo. Ofrece carruajes, trajes brillosos, m\u00fasica y mucho baile. Se trata de uno de esos eventos a los que, al menos, hay que acudir una vez en la vida. Importado por los portugueses y embellecido por las influencias del carnaval franc\u00e9s, el carnaval de \u00abR\u00edo\u00bb se convirti\u00f3 en un emblema del sector popular. All\u00ed, cada a\u00f1o, las escuelas de samba compiten para quedarse con el premio mayor, ante un enfervorecido y entusiasmado p\u00fablico.<\/p>\n<div class=\"wp-block-image\">\n<figure class=\"aligncenter size-large\"><a href=\"https:\/\/elfederalnoticias.com.ar\/wp-content\/uploads\/2025\/03\/image-18.png\"><img loading=\"lazy\" decoding=\"async\" class=\"wp-image-73360\" src=\"https:\/\/elfederalnoticias.com.ar\/wp-content\/uploads\/2025\/03\/image-18-1024x576.png\" sizes=\"auto, (max-width: 1024px) 100vw, 1024px\" srcset=\"https:\/\/elfederalnoticias.com.ar\/wp-content\/uploads\/2025\/03\/image-18-1024x576.png 1024w, https:\/\/elfederalnoticias.com.ar\/wp-content\/uploads\/2025\/03\/image-18-300x169.png 300w, https:\/\/elfederalnoticias.com.ar\/wp-content\/uploads\/2025\/03\/image-18-768x432.png 768w, https:\/\/elfederalnoticias.com.ar\/wp-content\/uploads\/2025\/03\/image-18-1536x864.png 1536w, https:\/\/elfederalnoticias.com.ar\/wp-content\/uploads\/2025\/03\/image-18-150x84.png 150w, https:\/\/elfederalnoticias.com.ar\/wp-content\/uploads\/2025\/03\/image-18-450x253.png 450w, https:\/\/elfederalnoticias.com.ar\/wp-content\/uploads\/2025\/03\/image-18-1200x675.png 1200w, https:\/\/elfederalnoticias.com.ar\/wp-content\/uploads\/2025\/03\/image-18.png 1600w\" alt=\"\" width=\"1024\" height=\"576\" \/><\/a><figcaption class=\"wp-element-caption\">R\u00edo de Janeiro tiene el carnaval m\u00e1s convocante del mundo.<\/figcaption><\/figure>\n<\/div>\n<\/div>\n<\/div>\n<\/article>\n<\/div>\n<\/div>\n<\/div>\n<\/div>\n","protected":false},"excerpt":{"rendered":"<p>En Sudam\u00e9rica el festejo m\u00e1s popular del a\u00f1o, es sin duda el de carnaval, donde la tradici\u00f3n asocia al mundo religioso cristiano e integra elementos de tradiciones originarias. El carnaval es sin\u00f3nimo de alegr\u00eda, regocijo y diversi\u00f3n, y representa un momento en el cual las personas que participan en estas manifestaciones, dan lugar a su &hellip;<\/p>\n","protected":false},"author":2,"featured_media":6129,"comment_status":"open","ping_status":"open","sticky":false,"template":"","format":"standard","meta":{"footnotes":""},"categories":[30,35],"tags":[1532],"class_list":["post-6128","post","type-post","status-publish","format-standard","has-post-thumbnail","hentry","category-cultura-y-espectaculos","category-internacionales","tag-carnavales-del-mundo"],"_links":{"self":[{"href":"https:\/\/cafeprensa.com.ar\/index.php\/wp-json\/wp\/v2\/posts\/6128","targetHints":{"allow":["GET"]}}],"collection":[{"href":"https:\/\/cafeprensa.com.ar\/index.php\/wp-json\/wp\/v2\/posts"}],"about":[{"href":"https:\/\/cafeprensa.com.ar\/index.php\/wp-json\/wp\/v2\/types\/post"}],"author":[{"embeddable":true,"href":"https:\/\/cafeprensa.com.ar\/index.php\/wp-json\/wp\/v2\/users\/2"}],"replies":[{"embeddable":true,"href":"https:\/\/cafeprensa.com.ar\/index.php\/wp-json\/wp\/v2\/comments?post=6128"}],"version-history":[{"count":2,"href":"https:\/\/cafeprensa.com.ar\/index.php\/wp-json\/wp\/v2\/posts\/6128\/revisions"}],"predecessor-version":[{"id":6132,"href":"https:\/\/cafeprensa.com.ar\/index.php\/wp-json\/wp\/v2\/posts\/6128\/revisions\/6132"}],"wp:featuredmedia":[{"embeddable":true,"href":"https:\/\/cafeprensa.com.ar\/index.php\/wp-json\/wp\/v2\/media\/6129"}],"wp:attachment":[{"href":"https:\/\/cafeprensa.com.ar\/index.php\/wp-json\/wp\/v2\/media?parent=6128"}],"wp:term":[{"taxonomy":"category","embeddable":true,"href":"https:\/\/cafeprensa.com.ar\/index.php\/wp-json\/wp\/v2\/categories?post=6128"},{"taxonomy":"post_tag","embeddable":true,"href":"https:\/\/cafeprensa.com.ar\/index.php\/wp-json\/wp\/v2\/tags?post=6128"}],"curies":[{"name":"wp","href":"https:\/\/api.w.org\/{rel}","templated":true}]}}