{"id":6133,"date":"2025-03-04T18:09:12","date_gmt":"2025-03-04T17:09:12","guid":{"rendered":"https:\/\/cafeprensa.com.ar\/?p=6133"},"modified":"2025-03-04T18:09:12","modified_gmt":"2025-03-04T17:09:12","slug":"hernan-lombardi-dejara-su-banca-en-diputados","status":"publish","type":"post","link":"https:\/\/cafeprensa.com.ar\/index.php\/2025\/03\/04\/hernan-lombardi-dejara-su-banca-en-diputados\/","title":{"rendered":"Hern\u00e1n Lombardi dejar\u00e1 su banca en Diputados"},"content":{"rendered":"<div class=\"post-content\">\n<p>El actual legislador nacional del Pro ser\u00e1 ministro de Jorge Macri. Qui\u00e9n completar\u00e1 su mandato en la C\u00e1mara baja. Una de las noticias de este lunes feriado fue el anuncio del jefe de Gobierno de la Ciudad, <strong>Jorge Macri,\u00a0<\/strong>anunci\u00f3 que\u00a0<strong>Waldo Wolff\u00a0<\/strong>dejar\u00e1 de ser su ministro de Seguridad, y asumir\u00e1 en su lugar\u00a0<strong>Horacio Gim\u00e9nez.<\/strong><\/p>\n<\/div>\n<div class=\"contenido-post\">\n<p><strong>\u201cEs tiempo de polic\u00edas\u201d<\/strong>, argument\u00f3 Macri y es casi seguro que Wolff participar\u00e1 de la campa\u00f1a electoral como candidato. Recordemos que el 19 de marzo vence el plazo para el armado de listas. Pero el otro anuncio que hizo Macri fue que ocupar\u00e1 el cargo de ministro de Desarrollo Econ\u00f3mico, vacante desde que\u00a0<strong>Roberto Garc\u00eda Morit\u00e1n\u00a0<\/strong>dej\u00f3 el cargo. Y asumir\u00e1 en su lugar un diputado nacional del Pro:\u00a0<strong>Hern\u00e1n Lombardi.<\/strong><\/p>\n<p>Lombardi tiene mandato en la C\u00e1mara baja hasta fin de a\u00f1o y su mandato ser\u00e1 completado entonces por\u00a0<strong>Javier S\u00e1nchez Wrba<\/strong>, actual prosecretario Parlamentario del bloque Pro en el Senado. Cercano al exsenador\u00a0<strong>Esteban Bullrich,\u00a0<\/strong>S\u00e1nchez Wrba figuraba en el puesto 17 de la lista de Juntos por el Cambio que particip\u00f3 de las elecciones en 2021.<\/p>\n<\/div>\n","protected":false},"excerpt":{"rendered":"<p>El actual legislador nacional del Pro ser\u00e1 ministro de Jorge Macri. Qui\u00e9n completar\u00e1 su mandato en la C\u00e1mara baja. Una de las noticias de este lunes feriado fue el anuncio del jefe de Gobierno de la Ciudad, Jorge Macri,\u00a0anunci\u00f3 que\u00a0Waldo Wolff\u00a0dejar\u00e1 de ser su ministro de Seguridad, y asumir\u00e1 en su lugar\u00a0Horacio Gim\u00e9nez. \u201cEs tiempo &hellip;<\/p>\n","protected":false},"author":2,"featured_media":6134,"comment_status":"open","ping_status":"open","sticky":false,"template":"","format":"standard","meta":{"footnotes":""},"categories":[33,25],"tags":[1464],"class_list":["post-6133","post","type-post","status-publish","format-standard","has-post-thumbnail","hentry","category-nacionales","category-politica","tag-hernan-lombardi"],"_links":{"self":[{"href":"https:\/\/cafeprensa.com.ar\/index.php\/wp-json\/wp\/v2\/posts\/6133","targetHints":{"allow":["GET"]}}],"collection":[{"href":"https:\/\/cafeprensa.com.ar\/index.php\/wp-json\/wp\/v2\/posts"}],"about":[{"href":"https:\/\/cafeprensa.com.ar\/index.php\/wp-json\/wp\/v2\/types\/post"}],"author":[{"embeddable":true,"href":"https:\/\/cafeprensa.com.ar\/index.php\/wp-json\/wp\/v2\/users\/2"}],"replies":[{"embeddable":true,"href":"https:\/\/cafeprensa.com.ar\/index.php\/wp-json\/wp\/v2\/comments?post=6133"}],"version-history":[{"count":1,"href":"https:\/\/cafeprensa.com.ar\/index.php\/wp-json\/wp\/v2\/posts\/6133\/revisions"}],"predecessor-version":[{"id":6135,"href":"https:\/\/cafeprensa.com.ar\/index.php\/wp-json\/wp\/v2\/posts\/6133\/revisions\/6135"}],"wp:featuredmedia":[{"embeddable":true,"href":"https:\/\/cafeprensa.com.ar\/index.php\/wp-json\/wp\/v2\/media\/6134"}],"wp:attachment":[{"href":"https:\/\/cafeprensa.com.ar\/index.php\/wp-json\/wp\/v2\/media?parent=6133"}],"wp:term":[{"taxonomy":"category","embeddable":true,"href":"https:\/\/cafeprensa.com.ar\/index.php\/wp-json\/wp\/v2\/categories?post=6133"},{"taxonomy":"post_tag","embeddable":true,"href":"https:\/\/cafeprensa.com.ar\/index.php\/wp-json\/wp\/v2\/tags?post=6133"}],"curies":[{"name":"wp","href":"https:\/\/api.w.org\/{rel}","templated":true}]}}