{"id":6150,"date":"2025-03-05T12:07:01","date_gmt":"2025-03-05T11:07:01","guid":{"rendered":"https:\/\/cafeprensa.com.ar\/?p=6150"},"modified":"2025-03-05T12:07:01","modified_gmt":"2025-03-05T11:07:01","slug":"aunque-se-enoje-el-presidente","status":"publish","type":"post","link":"https:\/\/cafeprensa.com.ar\/index.php\/2025\/03\/05\/aunque-se-enoje-el-presidente\/","title":{"rendered":"\u00abAunque se enoje el Presidente\u00bb"},"content":{"rendered":"<div id=\"row-post\" class=\"row\">\n<div class=\"col-sm-9 bloque-interna\">\n<div id=\"site-content\" class=\"site-content\">\n<div class=\"left-content\">\n<div id=\"details-news-307230\" class=\"details-news\">\n<div class=\"post\">\n<div class=\"post-content titinterna\">\n<p class=\"entry-title interna\">La tucumana Cristina P\u00e9rez pidi\u00f3 \u00ablibertad para hacer buen periodismo\u00bb<\/p>\n<div class=\"entry-content\">\n<p class=\"bajada\">La conductora de La Naci\u00f3n M\u00e1s se refiri\u00f3 a los ataques del presidente Javier Milei a los periodistas y los medios de comunicaci\u00f3n que no responden a su linea pol\u00edtica. Record\u00f3 que, si bien el discurso presidencial<strong> \u00abpenetr\u00f3 masivamente a trav\u00e9s de las redes\u00bb, fue \u00aben los medios tradicionales donde lo divulg\u00f3\u00bb.<\/strong><\/p>\n<\/div>\n<\/div>\n<div class=\"post-content contgral\">\n<div class=\"entry-content continterna\">\n<p>El Presidente\u00a0<strong>Javier Milei<\/strong>\u00a0no esper\u00f3 ni 24 horas despu\u00e9s del regreso de las editoriales de\u00a0<strong>Carlos Pagni<\/strong>\u00a0en La Naci\u00f3n M\u00e1s para atacar al periodista. En un largo posteo en la red social X,\u00a0<strong>trat\u00f3 de \u00abbasura\u00bb, \u00aboperador\u00bb y \u00abmarioneta\u00bb al conductor<\/strong>, mientras que\u00a0<strong>acus\u00f3 a los empresarios argentinos de \u00abdestruir el pa\u00eds\u00bb y de pedir una devaluaci\u00f3n \u00abpara bajar los salarios y as\u00ed poder seguir viviendo de modo c\u00f3modo\u00bb.<\/strong>\u00a0El episodio se suma a una interminable lista de ataques a la prensa por parte del primer mandatario, en la que no se incluyen aquellos periodistas a quienes da entrevistas guionadas.<\/p>\n<p>Ante esta situaci\u00f3n, la periodista tucumana, ex conductora del noticiero de Telef\u00e9 y actualmente al frente de un ciclo en La Naci\u00f3n M\u00e1s,\u00a0<strong>Cristina P\u00e9rez<\/strong>, reflexion\u00f3 que \u00abesto viene de un presidente que penetr\u00f3 masivamente a trav\u00e9s de las redes\u00bb, reconoci\u00f3 que \u00abpor ah\u00ed muchos de nosotros no vimos ni venir el fen\u00f3meno\u00bb, pero record\u00f3 que \u00abse instal\u00f3 en los medios tradicionales, donde \u00e9l divulg\u00f3 primeramente su mensaje y por lo tanto el presidente\u00a0<strong>Milei sabe muy bien del poder medi\u00e1tico<\/strong>, de c\u00f3mo juega el poder medi\u00e1tico\u00bb. \u00abEntonces\u00bb, cotinu\u00f3, \u00ablo que yo creo que hace el presidente en esta pulseada con el periodismo, es disputarnos ese poder, o sea,<strong>\u00a0\u00e9l disputa no solo el poder pol\u00edtico, sino el poder del discurso<\/strong>, lo pelea directamente como parte de su batalla cultural\u00bb.<\/p>\n<p>La tucumana agreg\u00f3 que, a su parecer, \u00ablos periodistas tenemos que sentar nuestro discurso en esto, no porque seamos importantes nosotros, ni por nosotros mismos ni por el medio al que pertenecemos\u00bb, sino porque<strong>\u00a0\u00abnuestro oficio est\u00e1 protegido por la Constituci\u00f3n y la jurisprudencia, porque en realidad tiene que existir libertad de expresi\u00f3n y libertad de prensa para que haya democracia\u00bb<\/strong>. \u00abNuestro trabajo est\u00e1 ligado con el debate que hay en las democracias\u00bb, enfatiz\u00f3.<\/p>\n<p>P\u00e9rez, que es pareja de<strong>\u00a0Luis Petri, ministro de Defensa del gobierno que encabeza Milei,<\/strong>\u00a0asegur\u00f3 que \u00abesta pulseada que plantea el presidente, a mi criterio, es por la credibilidad\u00bb, pero que \u00ablos periodistas no tenemos que entrar en la pulseada por la credibilidad entrando al barro\u00bb, sino \u00abal contrario,\u00a0<strong>nosotros tenemos que hacer lo mismo que hace el presidente: defender la libertad&#8230; la libertad de ejercer nuestro trabajo\u00bb<\/strong>. Finalmente, subray\u00f3 que es necesario \u00abhacier buen periodismo, no convirti\u00e9ndonos en un sujeto pol\u00edtico que pulsea con el presidente, sino haciendo buen periodismo, con libertad, aunque de tanto en tanto, se enoje mucho o poco el presidente\u00bb.<\/p>\n<div class=\"twitter-tweet twitter-tweet-rendered\"><iframe id=\"twitter-widget-0\" class=\"\" title=\"X Post\" src=\"https:\/\/platform.twitter.com\/embed\/Tweet.html?creatorScreenName=eltucumano&amp;dnt=false&amp;embedId=twitter-widget-0&amp;features=eyJ0ZndfdGltZWxpbmVfbGlzdCI6eyJidWNrZXQiOltdLCJ2ZXJzaW9uIjpudWxsfSwidGZ3X2ZvbGxvd2VyX2NvdW50X3N1bnNldCI6eyJidWNrZXQiOnRydWUsInZlcnNpb24iOm51bGx9LCJ0ZndfdHdlZXRfZWRpdF9iYWNrZW5kIjp7ImJ1Y2tldCI6Im9uIiwidmVyc2lvbiI6bnVsbH0sInRmd19yZWZzcmNfc2Vzc2lvbiI6eyJidWNrZXQiOiJvbiIsInZlcnNpb24iOm51bGx9LCJ0ZndfZm9zbnJfc29mdF9pbnRlcnZlbnRpb25zX2VuYWJsZWQiOnsiYnVja2V0Ijoib24iLCJ2ZXJzaW9uIjpudWxsfSwidGZ3X21peGVkX21lZGlhXzE1ODk3Ijp7ImJ1Y2tldCI6InRyZWF0bWVudCIsInZlcnNpb24iOm51bGx9LCJ0ZndfZXhwZXJpbWVudHNfY29va2llX2V4cGlyYXRpb24iOnsiYnVja2V0IjoxMjA5NjAwLCJ2ZXJzaW9uIjpudWxsfSwidGZ3X3Nob3dfYmlyZHdhdGNoX3Bpdm90c19lbmFibGVkIjp7ImJ1Y2tldCI6Im9uIiwidmVyc2lvbiI6bnVsbH0sInRmd19kdXBsaWNhdGVfc2NyaWJlc190b19zZXR0aW5ncyI6eyJidWNrZXQiOiJvbiIsInZlcnNpb24iOm51bGx9LCJ0ZndfdXNlX3Byb2ZpbGVfaW1hZ2Vfc2hhcGVfZW5hYmxlZCI6eyJidWNrZXQiOiJvbiIsInZlcnNpb24iOm51bGx9LCJ0ZndfdmlkZW9faGxzX2R5bmFtaWNfbWFuaWZlc3RzXzE1MDgyIjp7ImJ1Y2tldCI6InRydWVfYml0cmF0ZSIsInZlcnNpb24iOm51bGx9LCJ0ZndfbGVnYWN5X3RpbWVsaW5lX3N1bnNldCI6eyJidWNrZXQiOnRydWUsInZlcnNpb24iOm51bGx9LCJ0ZndfdHdlZXRfZWRpdF9mcm9udGVuZCI6eyJidWNrZXQiOiJvbiIsInZlcnNpb24iOm51bGx9fQ%3D%3D&amp;frame=false&amp;hideCard=false&amp;hideThread=false&amp;id=1897048399368872251&amp;lang=es&amp;maxWidth=560px&amp;origin=https%3A%2F%2Fwww.eltucumano.com%2Fnoticia%2Factualidad%2F307230%2Faunque-se-enoje-el-presidente-la-tucumana-cristina-perez-pidio-libertad-para-hacer-buen-periodismo&amp;sessionId=12a12287514db0a79d5f8fd70bc7f94ad3a4e650&amp;siteScreenName=eltucumano&amp;siteUserId=791380268338806784&amp;theme=light&amp;widgetsVersion=2615f7e52b7e0%3A1702314776716&amp;width=550px\" frameborder=\"0\" scrolling=\"no\" allowfullscreen=\"allowfullscreen\" data-tweet-id=\"1897048399368872251\" data-mce-fragment=\"1\"><\/iframe><\/div>\n<\/div>\n<\/div>\n<\/div>\n<\/div>\n<\/div>\n<\/div>\n<\/div>\n<\/div>\n","protected":false},"excerpt":{"rendered":"<p>La tucumana Cristina P\u00e9rez pidi\u00f3 \u00ablibertad para hacer buen periodismo\u00bb La conductora de La Naci\u00f3n M\u00e1s se refiri\u00f3 a los ataques del presidente Javier Milei a los periodistas y los medios de comunicaci\u00f3n que no responden a su linea pol\u00edtica. Record\u00f3 que, si bien el discurso presidencial \u00abpenetr\u00f3 masivamente a trav\u00e9s de las redes\u00bb, fue &hellip;<\/p>\n","protected":false},"author":2,"featured_media":6151,"comment_status":"open","ping_status":"open","sticky":false,"template":"","format":"standard","meta":{"footnotes":""},"categories":[54,33],"tags":[1536,41],"class_list":["post-6150","post","type-post","status-publish","format-standard","has-post-thumbnail","hentry","category-interes-ganeral","category-nacionales","tag-cristina-perez","tag-milei"],"_links":{"self":[{"href":"https:\/\/cafeprensa.com.ar\/index.php\/wp-json\/wp\/v2\/posts\/6150","targetHints":{"allow":["GET"]}}],"collection":[{"href":"https:\/\/cafeprensa.com.ar\/index.php\/wp-json\/wp\/v2\/posts"}],"about":[{"href":"https:\/\/cafeprensa.com.ar\/index.php\/wp-json\/wp\/v2\/types\/post"}],"author":[{"embeddable":true,"href":"https:\/\/cafeprensa.com.ar\/index.php\/wp-json\/wp\/v2\/users\/2"}],"replies":[{"embeddable":true,"href":"https:\/\/cafeprensa.com.ar\/index.php\/wp-json\/wp\/v2\/comments?post=6150"}],"version-history":[{"count":1,"href":"https:\/\/cafeprensa.com.ar\/index.php\/wp-json\/wp\/v2\/posts\/6150\/revisions"}],"predecessor-version":[{"id":6152,"href":"https:\/\/cafeprensa.com.ar\/index.php\/wp-json\/wp\/v2\/posts\/6150\/revisions\/6152"}],"wp:featuredmedia":[{"embeddable":true,"href":"https:\/\/cafeprensa.com.ar\/index.php\/wp-json\/wp\/v2\/media\/6151"}],"wp:attachment":[{"href":"https:\/\/cafeprensa.com.ar\/index.php\/wp-json\/wp\/v2\/media?parent=6150"}],"wp:term":[{"taxonomy":"category","embeddable":true,"href":"https:\/\/cafeprensa.com.ar\/index.php\/wp-json\/wp\/v2\/categories?post=6150"},{"taxonomy":"post_tag","embeddable":true,"href":"https:\/\/cafeprensa.com.ar\/index.php\/wp-json\/wp\/v2\/tags?post=6150"}],"curies":[{"name":"wp","href":"https:\/\/api.w.org\/{rel}","templated":true}]}}