{"id":6172,"date":"2025-03-07T03:01:43","date_gmt":"2025-03-07T02:01:43","guid":{"rendered":"https:\/\/cafeprensa.com.ar\/?p=6172"},"modified":"2025-03-07T03:01:43","modified_gmt":"2025-03-07T02:01:43","slug":"comenzo-el-juicio-contra-andrea-del-boca-y-julio-de-vido","status":"publish","type":"post","link":"https:\/\/cafeprensa.com.ar\/index.php\/2025\/03\/07\/comenzo-el-juicio-contra-andrea-del-boca-y-julio-de-vido\/","title":{"rendered":"Comenz\u00f3 el juicio contra Andrea del Boca y Julio De Vido"},"content":{"rendered":"<div class=\"the-post-header s-head-modern s-head-modern-a has-share-meta-right\">\n<div class=\"post-meta post-meta-a post-meta-left post-meta-single has-below\">\n<p class=\"is-title post-title\"><strong>Por administraci\u00f3n fraudulenta. <\/strong><em>La actriz y el ex-funcionario kirchnerista ser\u00e1n juzgados en una causa por el financiamiento estatal de la novela \u00abMam\u00e1 Coraz\u00f3n. <\/em>Este jueves comenz\u00f3 el juicio conta la actriz y productora <strong>Andrea del Boca<\/strong>, y el ex-ministro de Planificaci\u00f3n kirchnerista,\u00a0<strong>Julio De Vido<\/strong>, quienes ser\u00e1n juzgados por presunta\u00a0<strong>administraci\u00f3n fraudulenta<\/strong>.<\/p>\n<\/div>\n<p><img loading=\"lazy\" decoding=\"async\" class=\"alignnone wp-image-6176 size-full\" src=\"https:\/\/cafeprensa.com.ar\/wp-content\/uploads\/2025\/03\/multimedia.normal.84560acd88ddf982.bm9ybWFsLndlYnA.webp\" alt=\"\" width=\"1000\" height=\"600\" srcset=\"https:\/\/cafeprensa.com.ar\/wp-content\/uploads\/2025\/03\/multimedia.normal.84560acd88ddf982.bm9ybWFsLndlYnA.webp 1000w, https:\/\/cafeprensa.com.ar\/wp-content\/uploads\/2025\/03\/multimedia.normal.84560acd88ddf982.bm9ybWFsLndlYnA-300x180.webp 300w, https:\/\/cafeprensa.com.ar\/wp-content\/uploads\/2025\/03\/multimedia.normal.84560acd88ddf982.bm9ybWFsLndlYnA-768x461.webp 768w\" sizes=\"auto, (max-width: 1000px) 100vw, 1000px\" \/><\/p>\n<\/div>\n<div class=\"the-post s-post-modern\">\n<article id=\"post-73463\" class=\"post-73463 post type-post status-publish format-standard has-post-thumbnail category-nacionales category-destacada-2 tag-andrea-del-boca tag-corrupcion-k tag-julio-de-vido tag-novela-mama-corazon\">\n<div class=\"post-content-wrap has-share-float\">\n<div class=\"post-content cf entry-content content-spacious\">\n<p>La causa est\u00e1 relacionada con presuntos delitos cometidos en el marco de la\u00a0financiaci\u00f3n estatal,\u00a0de la telenovela\u00a0<strong>\u00abMam\u00e1 Coraz\u00f3n\u00bb.<\/strong><\/p>\n<p>El proceso se lleva adelante en el\u00a0<strong>Tribunal Oral Federal 7<\/strong>, se espera que declaren alrededor de un centenar de testigos, entre los que se incluyen a los actores\u00a0<strong>Fernando Dente<\/strong>,\u00a0<strong>Fabi\u00e1n Mazzei\u00a0<\/strong>y\u00a0<strong>Marcelo Mazzarello<\/strong>, entre otros. Las audiencias se realizan de manera remota, a trav\u00e9s de la plataforma\u00a0<strong>Zoom<\/strong>, seg\u00fan informaron fuentes judiciales.<\/p>\n<p>El Tribunal est\u00e1 integrado por los jueces\u00a0<strong>Enrique M\u00e9ndez Signori, Fernando Canero\u00a0<\/strong>y\u00a0<strong>Germ\u00e1n Castelli,<\/strong>\u00a0mientras que la fiscal ser\u00e1\u00a0<strong>Fabiana Le\u00f3n.<\/strong>\u00a0Los magistrados decidieron que todo el debate oral se realice por\u00a0<strong>videoconferencia<\/strong>\u00a0y dispusieron que se transmita p\u00fablicamente la etapa de inicio y el cierre final del juicio.<\/p>\n<p><img loading=\"lazy\" decoding=\"async\" class=\"alignnone wp-image-6173 size-full\" src=\"https:\/\/cafeprensa.com.ar\/wp-content\/uploads\/2025\/03\/1623107957256.webp\" alt=\"\" width=\"377\" height=\"212\" srcset=\"https:\/\/cafeprensa.com.ar\/wp-content\/uploads\/2025\/03\/1623107957256.webp 377w, https:\/\/cafeprensa.com.ar\/wp-content\/uploads\/2025\/03\/1623107957256-300x169.webp 300w\" sizes=\"auto, (max-width: 377px) 100vw, 377px\" \/><\/p>\n<p>Tambi\u00e9n ser\u00e1n juzgados, ex-autoridades de la\u00a0<strong>Universidad Nacional de San Mart\u00edn<\/strong>\u00a0al momento y del\u00a0<strong>INCAA<\/strong>, como el caso<strong>\u00a0Liliana Mazure<\/strong>, presidenta de ese \u00faltimo organismo entre 2008 y 2013.<\/p>\n<p>Andrea\u00a0del Boca\u00a0est\u00e1 procesada como supuesta\u00a0\u00abpart\u00edcipe necesaria\u00bb\u00a0de\u00a0\u00abadministraci\u00f3n fraudulenta en perjuicio de la administraci\u00f3n p\u00fablica\u00bb\u00a0por el convenio que suscribi\u00f3 su productora\u00a0<strong>\u00abA Group SRL\u00bb\u00a0con la\u00a0Universidad de San Mart\u00edn\u00a0para la financiaci\u00f3n de la telenovela por m\u00e1s de\u00a0$25 millones\u00a0en 2015<\/strong><\/p>\n<\/div>\n<\/div>\n<\/article>\n<\/div>\n","protected":false},"excerpt":{"rendered":"<p>Por administraci\u00f3n fraudulenta. La actriz y el ex-funcionario kirchnerista ser\u00e1n juzgados en una causa por el financiamiento estatal de la novela \u00abMam\u00e1 Coraz\u00f3n. Este jueves comenz\u00f3 el juicio conta la actriz y productora Andrea del Boca, y el ex-ministro de Planificaci\u00f3n kirchnerista,\u00a0Julio De Vido, quienes ser\u00e1n juzgados por presunta\u00a0administraci\u00f3n fraudulenta. La causa est\u00e1 relacionada con &hellip;<\/p>\n","protected":false},"author":2,"featured_media":6174,"comment_status":"open","ping_status":"open","sticky":false,"template":"","format":"standard","meta":{"footnotes":""},"categories":[47,33],"tags":[1542],"class_list":["post-6172","post","type-post","status-publish","format-standard","has-post-thumbnail","hentry","category-justicia","category-nacionales","tag-andrea-del-boca-y-julio-de-vido"],"_links":{"self":[{"href":"https:\/\/cafeprensa.com.ar\/index.php\/wp-json\/wp\/v2\/posts\/6172","targetHints":{"allow":["GET"]}}],"collection":[{"href":"https:\/\/cafeprensa.com.ar\/index.php\/wp-json\/wp\/v2\/posts"}],"about":[{"href":"https:\/\/cafeprensa.com.ar\/index.php\/wp-json\/wp\/v2\/types\/post"}],"author":[{"embeddable":true,"href":"https:\/\/cafeprensa.com.ar\/index.php\/wp-json\/wp\/v2\/users\/2"}],"replies":[{"embeddable":true,"href":"https:\/\/cafeprensa.com.ar\/index.php\/wp-json\/wp\/v2\/comments?post=6172"}],"version-history":[{"count":1,"href":"https:\/\/cafeprensa.com.ar\/index.php\/wp-json\/wp\/v2\/posts\/6172\/revisions"}],"predecessor-version":[{"id":6177,"href":"https:\/\/cafeprensa.com.ar\/index.php\/wp-json\/wp\/v2\/posts\/6172\/revisions\/6177"}],"wp:featuredmedia":[{"embeddable":true,"href":"https:\/\/cafeprensa.com.ar\/index.php\/wp-json\/wp\/v2\/media\/6174"}],"wp:attachment":[{"href":"https:\/\/cafeprensa.com.ar\/index.php\/wp-json\/wp\/v2\/media?parent=6172"}],"wp:term":[{"taxonomy":"category","embeddable":true,"href":"https:\/\/cafeprensa.com.ar\/index.php\/wp-json\/wp\/v2\/categories?post=6172"},{"taxonomy":"post_tag","embeddable":true,"href":"https:\/\/cafeprensa.com.ar\/index.php\/wp-json\/wp\/v2\/tags?post=6172"}],"curies":[{"name":"wp","href":"https:\/\/api.w.org\/{rel}","templated":true}]}}