{"id":6182,"date":"2025-03-07T11:51:51","date_gmt":"2025-03-07T10:51:51","guid":{"rendered":"https:\/\/cafeprensa.com.ar\/?p=6182"},"modified":"2025-03-07T11:51:51","modified_gmt":"2025-03-07T10:51:51","slug":"el-kun-aguero-debuto-en-la-formula-e","status":"publish","type":"post","link":"https:\/\/cafeprensa.com.ar\/index.php\/2025\/03\/07\/el-kun-aguero-debuto-en-la-formula-e\/","title":{"rendered":"El \u201cKun\u201d Ag\u00fcero debut\u00f3 en la F\u00f3rmula E"},"content":{"rendered":"<div class=\"lay --apertura\">\n<div class=\"row\">\n<div class=\"col-12\">\n<p class=\"com-title --font-primary --sixxl --font-extra\"><span style=\"font-size: 12pt;\">El exfutbolista fue invitado por la escuder\u00eda Porsche para tomar el volante de un Porsche 99X durante el evento denominado Evo Sessions.<\/span><\/p>\n<\/div>\n<\/div>\n<\/div>\n<div class=\"lay-sidebar\">\n<div class=\"sidebar__main\">\n<section class=\"cuerpo__nota\">\n<div class=\"row\">\n<div class=\"col-deskxl-10 offset-deskxl-1 col-desksm-11\">\n<div class=\"row\">\n<div class=\"col-12\">\n<p class=\"com-paragraph  --capital --s\">La afecci\u00f3n card\u00edaca que dej\u00f3 fuera del f\u00fatbol profesional a\u00a0<a class=\"com-link\" title=\"Sergio \u201cKun\u201d Ag\u00fcero \" href=\"https:\/\/www.lanacion.com.ar\/deportes\/franco-colapinto-y-el-kun-aguero-se-encontraron-en-madrid-para-compartir-la-pasion-que-los-une-nid30012025\/\" target=\"_self\" data-mrf-recirculation=\"n_link_parrafo\" data-mrf-link=\"https:\/\/www.lanacion.com.ar\/deportes\/franco-colapinto-y-el-kun-aguero-se-encontraron-en-madrid-para-compartir-la-pasion-que-los-une-nid30012025\/\"><strong>Sergio \u201cKun\u201d Ag\u00fcero<\/strong>\u00a0<\/a>no evit\u00f3 que explotara sus otras pasiones. Luego de participar de un\u00a0<a class=\"com-link\" title=\"torneo de p\u00e1del junto a Franco Colapinto\" href=\"https:\/\/www.lanacion.com.ar\/deportes\/franco-colapinto-y-el-kun-aguero-se-encontraron-en-madrid-para-compartir-la-pasion-que-los-une-nid30012025\/\" target=\"_self\" data-mrf-recirculation=\"n_link_parrafo\" data-mrf-link=\"https:\/\/www.lanacion.com.ar\/deportes\/franco-colapinto-y-el-kun-aguero-se-encontraron-en-madrid-para-compartir-la-pasion-que-los-une-nid30012025\/\">torneo de p\u00e1del junto a Franco Colapinto<\/a>\u00a0el \u00faltimo mes, el exjugador de la selecci\u00f3n argentina\u00a0<strong>hizo su debut como piloto de un veh\u00edculo Porsche en la F\u00f3rmula E<\/strong>.\u00a0<strong>\u201cM\u00e1s despacio\u201d<\/strong>,<strong>\u00a0le tuvo que decir uno de los ingenieros del equipo\u00a0<\/strong>cuando el exfutbolista, entusiasmado y con \u201cel pie pesado\u201d, dio sus primeras aceleradas en una pista de Estados Unidos.<\/p>\n<p><img loading=\"lazy\" decoding=\"async\" class=\"alignnone wp-image-6184 size-full\" src=\"https:\/\/cafeprensa.com.ar\/wp-content\/uploads\/2025\/03\/kun-aguero-formula-e_181e8ui7t65k110867xkdx6rpk.png\" alt=\"\" width=\"800\" height=\"450\" srcset=\"https:\/\/cafeprensa.com.ar\/wp-content\/uploads\/2025\/03\/kun-aguero-formula-e_181e8ui7t65k110867xkdx6rpk.png 800w, https:\/\/cafeprensa.com.ar\/wp-content\/uploads\/2025\/03\/kun-aguero-formula-e_181e8ui7t65k110867xkdx6rpk-300x169.png 300w, https:\/\/cafeprensa.com.ar\/wp-content\/uploads\/2025\/03\/kun-aguero-formula-e_181e8ui7t65k110867xkdx6rpk-768x432.png 768w, https:\/\/cafeprensa.com.ar\/wp-content\/uploads\/2025\/03\/kun-aguero-formula-e_181e8ui7t65k110867xkdx6rpk-390x220.png 390w\" sizes=\"auto, (max-width: 800px) 100vw, 800px\" \/><\/p>\n<p class=\"com-paragraph   --s\">En la previa a las Evo Sessions, un evento que organizaron las autoridades de la categor\u00eda el\u00e9ctrica hasta tanto vuelva a correrse el ePrix,\u00a0<strong>el Kun fue invitado por la escuder\u00eda Porsche para ponerse al volante de un Porsche 99X que es, justamente, el monoplaza del campe\u00f3n de la competici\u00f3n<\/strong>. Primero, el argentino prob\u00f3 el simulador del F\u00f3rmula E, pero luego pas\u00f3 a la pista.<\/p>\n<p><img loading=\"lazy\" decoding=\"async\" class=\"alignnone wp-image-6186 size-full\" src=\"https:\/\/cafeprensa.com.ar\/wp-content\/uploads\/2025\/03\/x1080.jpeg\" alt=\"\" width=\"1920\" height=\"1080\" srcset=\"https:\/\/cafeprensa.com.ar\/wp-content\/uploads\/2025\/03\/x1080.jpeg 1920w, https:\/\/cafeprensa.com.ar\/wp-content\/uploads\/2025\/03\/x1080-300x169.jpeg 300w, https:\/\/cafeprensa.com.ar\/wp-content\/uploads\/2025\/03\/x1080-1024x576.jpeg 1024w, https:\/\/cafeprensa.com.ar\/wp-content\/uploads\/2025\/03\/x1080-768x432.jpeg 768w, https:\/\/cafeprensa.com.ar\/wp-content\/uploads\/2025\/03\/x1080-1536x864.jpeg 1536w, https:\/\/cafeprensa.com.ar\/wp-content\/uploads\/2025\/03\/x1080-390x220.jpeg 390w\" sizes=\"auto, (max-width: 1920px) 100vw, 1920px\" \/><\/p>\n<div class=\"content-media cursor-pointer\">\n<section class=\"mod-media ratio-16-9\">\n<h2 class=\"mod-video\"><span style=\"font-size: 12pt;\"><strong>\u201cAl principio es [una sensaci\u00f3n] muy rara. Nunca hab\u00eda subido a un monoplaza y las primeras dos vueltas tuve la sensaci\u00f3n de que se mov\u00eda mucho\u201d<\/strong>, dijo el exdelantero al descender del rodado. Durante su paso por la pista, su ingeniero en el box fue Pascal Wehrlein, expiloto de F\u00f3rmula 1 y campe\u00f3n el a\u00f1o pasado de la F\u00f3rmula E, reportaron los medios locales.<\/span><\/h2>\n<\/section>\n<\/div>\n<p class=\"com-paragraph   --s\"><strong>\u201cSergio, despacio\u201d<\/strong>, le dijo el t\u00e9cnico por radio.\u00a0<strong>\u201cDej\u00e1 enfriar los neum\u00e1ticos. Las llantas necesitan recuperarse\u201d<\/strong>, prosigui\u00f3 el experto. Como el Kun no respond\u00eda, el ingeniero retom\u00f3 el contacto: \u201cSergio, estoy chequeando el radio, \u00bfme escuch\u00e1s?\u201d. \u201cNo te escucho\u201d, le respondi\u00f3 el exfutbolista, y agreg\u00f3: \u201c\u00bfPod\u00e9s ponerle m\u00e1s volumen?\u201d.<\/p>\n<div class=\"content-media\">\n<section class=\"mod-media --zoom  \" role=\"button\">\n<figure class=\"mod-figure \" role=\"button\">\n<div class=\"placeholder \">\n<div class=\"com-image\"><picture><source srcset=\"https:\/\/resizer.glanacion.com\/resizer\/v2\/sergio-kun-aguero-formula-e-XKSVQ46TARBJZLFKPR4ZCJB5A4.JPG?auth=efb96e6b989eb5987e3d8250d6c5ade4ec99d9b011bf71d422de4303fc503af5&amp;width=780&amp;height=520&amp;quality=70&amp;smart=true\" media=\"(min-width: 768px)\" \/><img loading=\"lazy\" decoding=\"async\" class=\"image flex com-image --cover\" src=\"https:\/\/resizer.glanacion.com\/resizer\/v2\/sergio-kun-aguero-formula-e-XKSVQ46TARBJZLFKPR4ZCJB5A4.JPG?auth=efb96e6b989eb5987e3d8250d6c5ade4ec99d9b011bf71d422de4303fc503af5&amp;width=420&amp;height=280&amp;quality=70&amp;smart=true\" alt=\"Una nueva aventura: el Kun Ag\u00fcero debut\u00f3 en la F\u00f3rmula E y el ingeniero del equipo tuvo que hacerle un curioso pedido\" width=\"2000\" height=\"1333\" \/><\/picture><\/div>\n<\/div><figcaption class=\"mod-figcaption\"><span style=\"font-size: 10pt;\"><strong><span class=\"com-text --caption --twoxs\">Una nueva aventura: el Kun Ag\u00fcero debut\u00f3 en la F\u00f3rmula E y el ingeniero del equipo tuvo que hacerle un curioso pedido<\/span><span class=\"com-text --credit --twoxs\">Andrew Ferraro &#8211; Formula E<\/span><\/strong><\/span><\/figcaption><\/figure>\n<\/section>\n<\/div>\n<p class=\"com-paragraph   --s\">Tras ese breve intercambio de palabras en ingl\u00e9s, el argentino confirm\u00f3 que o\u00eda mejor.\u00a0<strong>La prueba en pista termin\u00f3 con un \u201cbuen trabajo\u201d para el exdelantero de Independiente, Manchester City y la selecci\u00f3n nacional<\/strong>. Las ganas de subir a un F\u00f3rmula E le llegaron al\u00a0<em>Kun\u00a0<\/em>porque \u201cen la Argentina hay mucha pasi\u00f3n por los autos\u201d. <strong>\u201cAll\u00ed tenemos el TC, que es lo m\u00e1s visto por el p\u00fablico al que le gustan los coches. Venimos ya con esa pasi\u00f3n\u201d<\/strong>, dijo.<\/p>\n<p class=\"com-paragraph   --s\">Evo Sessions es el nombre del evento que cre\u00f3 la F\u00f3rmula E. La categor\u00eda el\u00e9ctrica junta, durante un par de jornadas, a los 11 equipos de la parrilla, cada uno con uno de sus pilotos oficiales y un piloto celebridad para una serie de carreras.<\/p>\n<\/div>\n<\/div>\n<\/div>\n<\/div>\n<\/section>\n<\/div>\n<\/div>\n","protected":false},"excerpt":{"rendered":"<p>El exfutbolista fue invitado por la escuder\u00eda Porsche para tomar el volante de un Porsche 99X durante el evento denominado Evo Sessions. La afecci\u00f3n card\u00edaca que dej\u00f3 fuera del f\u00fatbol profesional a\u00a0Sergio \u201cKun\u201d Ag\u00fcero\u00a0no evit\u00f3 que explotara sus otras pasiones. Luego de participar de un\u00a0torneo de p\u00e1del junto a Franco Colapinto\u00a0el \u00faltimo mes, el exjugador &hellip;<\/p>\n","protected":false},"author":2,"featured_media":6183,"comment_status":"open","ping_status":"open","sticky":false,"template":"","format":"standard","meta":{"footnotes":""},"categories":[29,35],"tags":[1543],"class_list":["post-6182","post","type-post","status-publish","format-standard","has-post-thumbnail","hentry","category-deportes","category-internacionales","tag-el-kun-aguero-debuto-en-la-formula-e"],"_links":{"self":[{"href":"https:\/\/cafeprensa.com.ar\/index.php\/wp-json\/wp\/v2\/posts\/6182","targetHints":{"allow":["GET"]}}],"collection":[{"href":"https:\/\/cafeprensa.com.ar\/index.php\/wp-json\/wp\/v2\/posts"}],"about":[{"href":"https:\/\/cafeprensa.com.ar\/index.php\/wp-json\/wp\/v2\/types\/post"}],"author":[{"embeddable":true,"href":"https:\/\/cafeprensa.com.ar\/index.php\/wp-json\/wp\/v2\/users\/2"}],"replies":[{"embeddable":true,"href":"https:\/\/cafeprensa.com.ar\/index.php\/wp-json\/wp\/v2\/comments?post=6182"}],"version-history":[{"count":1,"href":"https:\/\/cafeprensa.com.ar\/index.php\/wp-json\/wp\/v2\/posts\/6182\/revisions"}],"predecessor-version":[{"id":6187,"href":"https:\/\/cafeprensa.com.ar\/index.php\/wp-json\/wp\/v2\/posts\/6182\/revisions\/6187"}],"wp:featuredmedia":[{"embeddable":true,"href":"https:\/\/cafeprensa.com.ar\/index.php\/wp-json\/wp\/v2\/media\/6183"}],"wp:attachment":[{"href":"https:\/\/cafeprensa.com.ar\/index.php\/wp-json\/wp\/v2\/media?parent=6182"}],"wp:term":[{"taxonomy":"category","embeddable":true,"href":"https:\/\/cafeprensa.com.ar\/index.php\/wp-json\/wp\/v2\/categories?post=6182"},{"taxonomy":"post_tag","embeddable":true,"href":"https:\/\/cafeprensa.com.ar\/index.php\/wp-json\/wp\/v2\/tags?post=6182"}],"curies":[{"name":"wp","href":"https:\/\/api.w.org\/{rel}","templated":true}]}}