{"id":6211,"date":"2025-03-08T00:47:27","date_gmt":"2025-03-07T23:47:27","guid":{"rendered":"https:\/\/cafeprensa.com.ar\/?p=6211"},"modified":"2025-03-08T00:48:23","modified_gmt":"2025-03-07T23:48:23","slug":"6211","status":"publish","type":"post","link":"https:\/\/cafeprensa.com.ar\/index.php\/2025\/03\/08\/6211\/","title":{"rendered":"El legislador Orellana renunci\u00f3 a la comisi\u00f3n de Juicio Pol\u00edtico"},"content":{"rendered":"<p><b>Este jueves present\u00f3 formalmente su renuncia como miembro de la comisi\u00f3n de Juicio Pol\u00edtico el parlamentario peronista Jos\u00e9 Fernando Orellana, tras la destituci\u00f3n de la jueza Mar\u00eda Carolina Ballesteros.<\/b><\/p>\n<p>Antes de que se leyeran los alegatos, el abogado de la magistrada, Gustavo Morales, hab\u00eda pedido el apartamiento del legislador.\u00a0<b>Hab\u00eda puesto en conocimiento de la presidenta del Jury de Enjuiciamiento, Eleonora Rodr\u00edguez Campos, sobre la sentencia contra el legislador famaillense en una causa por abuso sexual, con una pena de tres a\u00f1os de prisi\u00f3n de cumplimiento en suspenso e inhabilitaci\u00f3n especial y perpetua para ejercer cargos p\u00fablico<\/b>s, dictada por el Tribunal Oral en lo Criminal y Correcci\u00f3n 28 de la Capital Federal. Se remarc\u00f3 que el fallo fue confirmado por la C\u00e1mara Nacional de Casaci\u00f3n en lo Criminal y Correccional Sala III de la Capital, y que la Justicia rechaz\u00f3 un recurso de queja interpuesto por Orellana.<\/p>\n<div>Morales tambi\u00e9n hab\u00eda enviado una nota dirigida al vicegobernador Miguel Acevedo solicitando la remoci\u00f3n del exdiputado.\u201cAl encontrarse firme la sentencia condenatoria corresponde sea removido en los t\u00e9rminos del Art\u00edculo 58 de la Constituci\u00f3n de la Provincia\u201d, indic\u00f3. Agreg\u00f3 que<b>\u00a0es \u201cde una inconmensurable gravedad institucional que un condenado por abuso sexual e inahibilitado para ejercer cargos p\u00fablicos de por vida contin\u00faa integrando la Legislatura local\u201d.<\/b><\/div>\n<p>\u201cTengo el agrado de dirigirme a usted con el fin de presentarle mi renuncia irrevocable como integrante de la Comisi\u00f3n de Juicio Pol\u00edtico de este honorable cuerpo legislativo, cargo que he desempe\u00f1ado con total compromiso hasta la fecha.\u00a0<b>Esta decisi\u00f3n responde exclusivamente a razones estrictamente personales,\u00a0<\/b>las cuales no me permiten proseguir desarrollando mis funciones en dicha comisi\u00f3n con la dedicaci\u00f3n y responsabilidad que la misma exige y merece\u201d, expres\u00f3 el <strong>\u201cMellizo\u201d<\/strong> en una nota al presidente de la C\u00e1mara.<\/p>\n<p><strong>\u201cAprovecho la ocasi\u00f3n para expresar mi profundo agradecimiento por la confianza depositada en persona, durante el tiempo que integr\u00e9 esta Comisi\u00f3n, as\u00ed como manifestarle mi compromiso de continuar trabajando con dedicaci\u00f3n desde otras \u00e1reas de mi funci\u00f3n legislativa\u201d<\/strong>, cerr\u00f3.<\/p>\n","protected":false},"excerpt":{"rendered":"<p>Este jueves present\u00f3 formalmente su renuncia como miembro de la comisi\u00f3n de Juicio Pol\u00edtico el parlamentario peronista Jos\u00e9 Fernando Orellana, tras la destituci\u00f3n de la jueza Mar\u00eda Carolina Ballesteros. Antes de que se leyeran los alegatos, el abogado de la magistrada, Gustavo Morales, hab\u00eda pedido el apartamiento del legislador.\u00a0Hab\u00eda puesto en conocimiento de la presidenta &hellip;<\/p>\n","protected":false},"author":2,"featured_media":6212,"comment_status":"open","ping_status":"open","sticky":false,"template":"","format":"standard","meta":{"footnotes":""},"categories":[33,25],"tags":[89],"class_list":["post-6211","post","type-post","status-publish","format-standard","has-post-thumbnail","hentry","category-nacionales","category-politica","tag-jose-orellana"],"_links":{"self":[{"href":"https:\/\/cafeprensa.com.ar\/index.php\/wp-json\/wp\/v2\/posts\/6211","targetHints":{"allow":["GET"]}}],"collection":[{"href":"https:\/\/cafeprensa.com.ar\/index.php\/wp-json\/wp\/v2\/posts"}],"about":[{"href":"https:\/\/cafeprensa.com.ar\/index.php\/wp-json\/wp\/v2\/types\/post"}],"author":[{"embeddable":true,"href":"https:\/\/cafeprensa.com.ar\/index.php\/wp-json\/wp\/v2\/users\/2"}],"replies":[{"embeddable":true,"href":"https:\/\/cafeprensa.com.ar\/index.php\/wp-json\/wp\/v2\/comments?post=6211"}],"version-history":[{"count":2,"href":"https:\/\/cafeprensa.com.ar\/index.php\/wp-json\/wp\/v2\/posts\/6211\/revisions"}],"predecessor-version":[{"id":6214,"href":"https:\/\/cafeprensa.com.ar\/index.php\/wp-json\/wp\/v2\/posts\/6211\/revisions\/6214"}],"wp:featuredmedia":[{"embeddable":true,"href":"https:\/\/cafeprensa.com.ar\/index.php\/wp-json\/wp\/v2\/media\/6212"}],"wp:attachment":[{"href":"https:\/\/cafeprensa.com.ar\/index.php\/wp-json\/wp\/v2\/media?parent=6211"}],"wp:term":[{"taxonomy":"category","embeddable":true,"href":"https:\/\/cafeprensa.com.ar\/index.php\/wp-json\/wp\/v2\/categories?post=6211"},{"taxonomy":"post_tag","embeddable":true,"href":"https:\/\/cafeprensa.com.ar\/index.php\/wp-json\/wp\/v2\/tags?post=6211"}],"curies":[{"name":"wp","href":"https:\/\/api.w.org\/{rel}","templated":true}]}}