{"id":6235,"date":"2025-03-09T15:50:19","date_gmt":"2025-03-09T14:50:19","guid":{"rendered":"https:\/\/cafeprensa.com.ar\/?p=6235"},"modified":"2025-03-09T15:50:19","modified_gmt":"2025-03-09T14:50:19","slug":"con-la-llegada-del-moto-gp-aumentaron-los-precios-en-las-termas-de-rio-hondo","status":"publish","type":"post","link":"https:\/\/cafeprensa.com.ar\/index.php\/2025\/03\/09\/con-la-llegada-del-moto-gp-aumentaron-los-precios-en-las-termas-de-rio-hondo\/","title":{"rendered":"Con la llegada del Moto GP, aumentaron los precios en Las Termas de R\u00edo Hondo"},"content":{"rendered":"<div class=\"col-xl-10 col-lg-10 col-md-10\">\n<div class=\"articleHead \">\n<h2 id=\"spksumary\"><span style=\"font-size: 16px; font-weight: 400;\">El <\/span><a style=\"font-size: 16px; font-weight: 400;\" href=\"https:\/\/www.lagaceta.com.ar\/nota\/1073860\/deportes\/impactante-circo-motogp-aterrizo-tucuman-mega-aviones.html\" target=\"_blank\" rel=\"noopener noreferrer\" data-mrf-link=\"https:\/\/www.lagaceta.com.ar\/nota\/1073860\/deportes\/impactante-circo-motogp-aterrizo-tucuman-mega-aviones.html\">Moto GP\u00a0<\/a><span style=\"font-size: 16px; font-weight: 400;\">est\u00e1 compuesto por tres factores: las motos son las protagonistas, el aut\u00f3dromo es el epicentro del show y la ciudad es el recinto de miles de fan\u00e1ticos del motociclismo que viajan para ser parte de esta gran fiesta.<\/span><\/h2>\n<\/div>\n<\/div>\n<div class=\"col-xl-9 col-lg-10 col-md-12\">\n<div id=\"articleContent\" class=\"row justify-content-center\">\n<div class=\"col-xl-10\">\n<div class=\"articleBody\" data-mrf-recirculation=\"nota-link-embebed\">\n<p>La segunda fecha del campeonato ser\u00e1 en Termas de R\u00edo Hondo entre el <strong>14 y el 16 de marzo<\/strong>, que alojar\u00e1 la competici\u00f3n por novena vez en su historia (la primera fue en 2014).<strong>\u00a0Vilma D\u00edaz<\/strong>, secretaria de Turismo, Deportes y Cultura de la ciudad santiague\u00f1a, cont\u00f3 c\u00f3mo son los preparativos de la ciudad para el evento deportivo.<\/p>\n<p><img loading=\"lazy\" decoding=\"async\" class=\"alignnone wp-image-6236 size-full\" src=\"https:\/\/cafeprensa.com.ar\/wp-content\/uploads\/2025\/03\/51d16570-5772-463d-ab4a-c2f3d1a87b7a_alta-libre-aspect-ratio_default_0.jpg\" alt=\"\" width=\"1200\" height=\"675\" srcset=\"https:\/\/cafeprensa.com.ar\/wp-content\/uploads\/2025\/03\/51d16570-5772-463d-ab4a-c2f3d1a87b7a_alta-libre-aspect-ratio_default_0.jpg 1200w, https:\/\/cafeprensa.com.ar\/wp-content\/uploads\/2025\/03\/51d16570-5772-463d-ab4a-c2f3d1a87b7a_alta-libre-aspect-ratio_default_0-300x169.jpg 300w, https:\/\/cafeprensa.com.ar\/wp-content\/uploads\/2025\/03\/51d16570-5772-463d-ab4a-c2f3d1a87b7a_alta-libre-aspect-ratio_default_0-1024x576.jpg 1024w, https:\/\/cafeprensa.com.ar\/wp-content\/uploads\/2025\/03\/51d16570-5772-463d-ab4a-c2f3d1a87b7a_alta-libre-aspect-ratio_default_0-768x432.jpg 768w, https:\/\/cafeprensa.com.ar\/wp-content\/uploads\/2025\/03\/51d16570-5772-463d-ab4a-c2f3d1a87b7a_alta-libre-aspect-ratio_default_0-390x220.jpg 390w\" sizes=\"auto, (max-width: 1200px) 100vw, 1200px\" \/><\/p>\n<\/div>\n<\/div>\n<div class=\"col-xl-10\">\n<div class=\"articleBody\" data-mrf-recirculation=\"nota-link-embebed\">\n<p><strong>Las Termas, seg\u00fan D\u00edaz, cuenta con 15.000 plazas de capacidad hotelera,<\/strong> aunque el n\u00famero se duplica para las fechas del MotoGP. \u00bfPor qu\u00e9? Los termenses optan por alquilar sus hogares para recibir a distintos visitantes de la zona. La autoridad asegura que la ciudad santiague\u00f1a no cuenta con la capacidad suficiente para alojar a todos los visitantes por lo que muchos optan por alojarse en Santiago del Estero o Tucum\u00e1n.<strong> \u201cHace dos meses que venimos con reuniones de organizaci\u00f3n en la que conectamos el sector p\u00fablico y el privado para acordar las tarifas para los turistas. Hay un alto porcentaje de ocupaci\u00f3n porque es un evento que tracciona a todo el norte. Es una tristeza que esta sea la \u00faltima edici\u00f3n en Las Termas\u201d,<\/strong> lament\u00f3 D\u00edaz.<\/p>\n<\/div>\n<\/div>\n<div class=\"col-xl-10\">\n<div class=\"articleBody\" data-mrf-recirculation=\"nota-link-embebed\">\n<p>Los precios de los<strong> hospedajes en Termas oscilan entre los U$S 50 y U$S 200 por persona<\/strong>, y la mayor\u00eda ofrece un paquete por cuatro noches como m\u00ednimo. \u201cLa mayor\u00eda de los turistas son del pa\u00eds, pero tambi\u00e9n vienen muchos brasile\u00f1os, chilenos, uruguayos y paraguayos. Los europeos, por lo general, son pertenecientes a la organizaci\u00f3n. <strong>Esperamos m\u00e1s de 60.000 personas para esta edici\u00f3n\u201d, dijo D\u00edaz.<\/strong><\/p>\n<p><img loading=\"lazy\" decoding=\"async\" class=\"alignnone wp-image-6238 size-full\" src=\"https:\/\/cafeprensa.com.ar\/wp-content\/uploads\/2025\/03\/en-las-termas-de-rio-hondo-hizo-8-grados-bajo-cero-en-la-manana-de-este-viernes.jpg\" alt=\"\" width=\"750\" height=\"500\" srcset=\"https:\/\/cafeprensa.com.ar\/wp-content\/uploads\/2025\/03\/en-las-termas-de-rio-hondo-hizo-8-grados-bajo-cero-en-la-manana-de-este-viernes.jpg 750w, https:\/\/cafeprensa.com.ar\/wp-content\/uploads\/2025\/03\/en-las-termas-de-rio-hondo-hizo-8-grados-bajo-cero-en-la-manana-de-este-viernes-300x200.jpg 300w\" sizes=\"auto, (max-width: 750px) 100vw, 750px\" \/><\/p>\n<\/div>\n<\/div>\n<div class=\"col-xl-10\">\n<div class=\"articleBody\" data-mrf-recirculation=\"nota-link-embebed\">\n<p>\u00bfQu\u00e9 preparativos habr\u00e1 para el evento? La autoridad dijo que se pondr\u00e1n diferentes puntos de informaci\u00f3n para ubicar a los turistas. Tambi\u00e9n los accesos al aut\u00f3dromo estar\u00e1n monitoreados y coordinados por Vialidad Nacional y las autoridades municipales, y para saciar toda la demanda gastron\u00f3mica se pondr\u00e1n diferentes puntos con comidas regionales.<strong> \u201cLos locales tendr\u00e1n una extensi\u00f3n de horarios porque la carrera hace que mucha gente est\u00e9 casi todo el d\u00eda en el aut\u00f3dromo. Entonces se quedar\u00e1n hasta las dos de la ma\u00f1ana\u201d, indic\u00f3 D\u00edaz. Tambi\u00e9n coment\u00f3 que los precios se regir\u00e1n a trav\u00e9s de la oferta y la demanda. \u201cCada comerciante pondr\u00e1 el valor que considere justo\u201d,<\/strong> enfatiz\u00f3.<\/p>\n<\/div>\n<\/div>\n<div class=\"col-xl-10\">\n<div class=\"articleBody\" data-mrf-recirculation=\"nota-link-embebed\">\n<p><strong>Marta Patricia Gonz\u00e1lez\u00a0<\/strong>es una de las empanaderas ubicadas en el Parque G\u00fcemes, al frente de la plaza Central. La mujer tiene un horno de barro y se dedica a la gastronom\u00eda desde 2017. <strong>El Moto GP, seg\u00fan describi\u00f3, es uno de los eventos m\u00e1s esperados por los comerciantes termenses.<\/strong><\/p>\n<\/div>\n<\/div>\n<div class=\"col-xl-10\">\n<div class=\"articleBody\" data-mrf-recirculation=\"nota-link-embebed\">\n<p><strong>\u201cSe vende much\u00edsimo para estas fechas. Todos nos vemos beneficiados\u201d<\/strong>, asegur\u00f3. La mujer ofrece la docena de empanadas a $12.000, un precio razonable en comparaci\u00f3n al resto de locales de la zona. \u201cS\u00f3lo podemos vender empanadas porque es la comida tradicional de la zona. La idea es que no seamos una competencia directa para los restaurantes. En la \u00faltima edici\u00f3n, los turistas se quejaron por el precio de la comida. Muchos se abusaron\u201d, opin\u00f3. Las cartas de los diferentes locales de la zona ofrecen precios diferentes: <strong>una pizza de muzzarella tiene un valor de $ 12.000, una milanesa sin guarnici\u00f3n cuesta $ 16.000 y una parrillada para dos personas est\u00e1 cotizada en $ 45.000.<\/strong><\/p>\n<p><img loading=\"lazy\" decoding=\"async\" class=\"alignnone wp-image-6237 size-full\" src=\"https:\/\/cafeprensa.com.ar\/wp-content\/uploads\/2025\/03\/16007199870-portada-773x458-1.jpg\" alt=\"\" width=\"773\" height=\"458\" srcset=\"https:\/\/cafeprensa.com.ar\/wp-content\/uploads\/2025\/03\/16007199870-portada-773x458-1.jpg 773w, https:\/\/cafeprensa.com.ar\/wp-content\/uploads\/2025\/03\/16007199870-portada-773x458-1-300x178.jpg 300w, https:\/\/cafeprensa.com.ar\/wp-content\/uploads\/2025\/03\/16007199870-portada-773x458-1-768x455.jpg 768w\" sizes=\"auto, (max-width: 773px) 100vw, 773px\" \/><\/p>\n<\/div>\n<\/div>\n<div class=\"col-xl-10\">\n<div class=\"articleBody\" data-mrf-recirculation=\"nota-link-embebed\">\n<p>Para estas fechas, Gonz\u00e1lez cuenta que fabricaron alrededor de 30 docenas de empanadas y que la jornada laboral se extiende hasta la cinco de la ma\u00f1ana. Los termenses, de este modo, esperan ansiosos el regreso de la m\u00e1xima competici\u00f3n de motociclismo, y<strong> esperan volver a vivir una jornada hist\u00f3rica en el aut\u00f3dromo<\/strong>.<\/p>\n<\/div>\n<\/div>\n<\/div>\n<\/div>\n","protected":false},"excerpt":{"rendered":"<p>El Moto GP\u00a0est\u00e1 compuesto por tres factores: las motos son las protagonistas, el aut\u00f3dromo es el epicentro del show y la ciudad es el recinto de miles de fan\u00e1ticos del motociclismo que viajan para ser parte de esta gran fiesta. La segunda fecha del campeonato ser\u00e1 en Termas de R\u00edo Hondo entre el 14 y &hellip;<\/p>\n","protected":false},"author":2,"featured_media":6239,"comment_status":"open","ping_status":"open","sticky":false,"template":"","format":"standard","meta":{"footnotes":""},"categories":[33,170],"tags":[1042],"class_list":["post-6235","post","type-post","status-publish","format-standard","has-post-thumbnail","hentry","category-nacionales","category-turismo","tag-gp-en-termas"],"_links":{"self":[{"href":"https:\/\/cafeprensa.com.ar\/index.php\/wp-json\/wp\/v2\/posts\/6235","targetHints":{"allow":["GET"]}}],"collection":[{"href":"https:\/\/cafeprensa.com.ar\/index.php\/wp-json\/wp\/v2\/posts"}],"about":[{"href":"https:\/\/cafeprensa.com.ar\/index.php\/wp-json\/wp\/v2\/types\/post"}],"author":[{"embeddable":true,"href":"https:\/\/cafeprensa.com.ar\/index.php\/wp-json\/wp\/v2\/users\/2"}],"replies":[{"embeddable":true,"href":"https:\/\/cafeprensa.com.ar\/index.php\/wp-json\/wp\/v2\/comments?post=6235"}],"version-history":[{"count":1,"href":"https:\/\/cafeprensa.com.ar\/index.php\/wp-json\/wp\/v2\/posts\/6235\/revisions"}],"predecessor-version":[{"id":6240,"href":"https:\/\/cafeprensa.com.ar\/index.php\/wp-json\/wp\/v2\/posts\/6235\/revisions\/6240"}],"wp:featuredmedia":[{"embeddable":true,"href":"https:\/\/cafeprensa.com.ar\/index.php\/wp-json\/wp\/v2\/media\/6239"}],"wp:attachment":[{"href":"https:\/\/cafeprensa.com.ar\/index.php\/wp-json\/wp\/v2\/media?parent=6235"}],"wp:term":[{"taxonomy":"category","embeddable":true,"href":"https:\/\/cafeprensa.com.ar\/index.php\/wp-json\/wp\/v2\/categories?post=6235"},{"taxonomy":"post_tag","embeddable":true,"href":"https:\/\/cafeprensa.com.ar\/index.php\/wp-json\/wp\/v2\/tags?post=6235"}],"curies":[{"name":"wp","href":"https:\/\/api.w.org\/{rel}","templated":true}]}}