{"id":6242,"date":"2025-03-09T16:38:24","date_gmt":"2025-03-09T15:38:24","guid":{"rendered":"https:\/\/cafeprensa.com.ar\/?p=6242"},"modified":"2025-03-09T16:40:32","modified_gmt":"2025-03-09T15:40:32","slug":"karina-milei-y-martin-menem-visitaran-tucuman-estara-presente-ricardo-bussi","status":"publish","type":"post","link":"https:\/\/cafeprensa.com.ar\/index.php\/2025\/03\/09\/karina-milei-y-martin-menem-visitaran-tucuman-estara-presente-ricardo-bussi\/","title":{"rendered":"Karina Milei y Martin Menem visitar\u00e0n Tucum\u00e0n, estar\u00e0 presente Ricardo Bussi?"},"content":{"rendered":"<p class=\"title\"><span class=\"highlight\">El pr\u00f3ximo martes 11 de marzo <b>Karina Milei<\/b>, presidenta del partido de la Libertad Avanza, y\u00a0<b>Mart\u00edn Menen<\/b> Presidente de la C\u00e1mara de Diputados, visitar\u00e1n Tucum\u00e1n. <\/span>La jornada promete ser un hito en el fortalecimiento de la agrupaci\u00f3n en la provincia.<\/p>\n<div class=\"at-vc\">\n<div id=\"vsmcontent\" class=\"content vsmcontent\">\n<p><em><strong>Agenda de la visita: conferencia y reuni\u00f3n estrat\u00e9gica<\/strong><\/em><\/p>\n<p><span class=\"highlight\">Durante la visita, se llevar\u00e1n a cabo dos actividades centrales. La primera ser\u00e1 una conferencia de prensa encabezada por\u00a0 Menem\u00a0<\/span>y el presidente de La Libertad Avanza Tucum\u00e1n,\u00a0<b>Lisandro Catal\u00e1n<\/b>. En este encuentro, se informar\u00e1 sobre el avance y la consolidaci\u00f3n del partido en la regi\u00f3n.<\/p>\n<p><span class=\"highlight\">M\u00e1s tarde, Karina Milei convocar\u00e1 a una reuni\u00f3n institucional con los referentes locales del partido.<\/span>\u00a0En este encuentro, se definir\u00e1n las futuras estrategias y se reafirmar\u00e1 el compromiso con el desarrollo de La Libertad Avanza en Tucum\u00e1n.<\/p>\n<p><em><strong>El prop\u00f3sito de la visita: seguir expandiendo La Libertad Avanza en el pa\u00eds<\/strong><\/em><\/p>\n<p>Esta visita a Tucum\u00e1n tiene como objetivo continuar el proceso de expansi\u00f3n y consolidaci\u00f3n de La Libertad Avanza, buscando una mayor presencia en los distintos distritos del pa\u00eds. El crecimiento del partido a nivel provincial es fundamental para fortalecer su estructura y seguir ganando terreno a nivel nacional.<\/p>\n<p><em><strong>LA \u00daLTIMA VISITA DE MENEM Y KARINA MILEI.<\/strong><\/em><\/p>\n<p><img loading=\"lazy\" decoding=\"async\" class=\"alignnone wp-image-6244 size-large\" src=\"https:\/\/cafeprensa.com.ar\/wp-content\/uploads\/2025\/03\/lla-1-1024x631.webp\" alt=\"\" width=\"1024\" height=\"631\" srcset=\"https:\/\/cafeprensa.com.ar\/wp-content\/uploads\/2025\/03\/lla-1-1024x631.webp 1024w, https:\/\/cafeprensa.com.ar\/wp-content\/uploads\/2025\/03\/lla-1-300x185.webp 300w, https:\/\/cafeprensa.com.ar\/wp-content\/uploads\/2025\/03\/lla-1-768x473.webp 768w, https:\/\/cafeprensa.com.ar\/wp-content\/uploads\/2025\/03\/lla-1.webp 1201w\" sizes=\"auto, (max-width: 1024px) 100vw, 1024px\" \/><\/p>\n<p><a href=\"https:\/\/www.enteratenoticias.com.ar\/politica-3231\/karina-milei-lanzo-la-libertad-avanza-en-tucuman\/\" target=\"_blank\" rel=\"noopener\">La \u00faltima visita de Karina y Martin a Tucum\u00e1n fue en octubre.<\/a>\u00a0En ese momento los lideres del partido lanzaron La Libertad Avanza en la provincia. El acto se llev\u00f3 a cabo en el Central C\u00f3rdoba.<\/p>\n<p>Durante su discurso, Karina agradeci\u00f3 a los asistentes por su apoyo y destac\u00f3 la relevancia de la participaci\u00f3n ciudadana en el \u00e9xito del nuevo proyecto. <strong>\u00abTenemos que seguir trabajando porque de esto depende el futuro de los argentinos\u00bb, afirm\u00f3 con firmeza. Adem\u00e1s, no dud\u00f3 en criticar a la \u00abcasta\u00bb pol\u00edtica, declarando: \u00abNo queremos que la casta nos extorsione m\u00e1s\u00bb.<\/strong><\/p>\n<\/div>\n<\/div>\n","protected":false},"excerpt":{"rendered":"<p>El pr\u00f3ximo martes 11 de marzo Karina Milei, presidenta del partido de la Libertad Avanza, y\u00a0Mart\u00edn Menen Presidente de la C\u00e1mara de Diputados, visitar\u00e1n Tucum\u00e1n. La jornada promete ser un hito en el fortalecimiento de la agrupaci\u00f3n en la provincia. Agenda de la visita: conferencia y reuni\u00f3n estrat\u00e9gica Durante la visita, se llevar\u00e1n a cabo &hellip;<\/p>\n","protected":false},"author":2,"featured_media":6243,"comment_status":"open","ping_status":"open","sticky":false,"template":"","format":"standard","meta":{"footnotes":""},"categories":[34,25],"tags":[1552,1553],"class_list":["post-6242","post","type-post","status-publish","format-standard","has-post-thumbnail","hentry","category-locales","category-politica","tag-karina-milei-y-martin-menem","tag-lisandro-catalan-ricardo-bussi"],"_links":{"self":[{"href":"https:\/\/cafeprensa.com.ar\/index.php\/wp-json\/wp\/v2\/posts\/6242","targetHints":{"allow":["GET"]}}],"collection":[{"href":"https:\/\/cafeprensa.com.ar\/index.php\/wp-json\/wp\/v2\/posts"}],"about":[{"href":"https:\/\/cafeprensa.com.ar\/index.php\/wp-json\/wp\/v2\/types\/post"}],"author":[{"embeddable":true,"href":"https:\/\/cafeprensa.com.ar\/index.php\/wp-json\/wp\/v2\/users\/2"}],"replies":[{"embeddable":true,"href":"https:\/\/cafeprensa.com.ar\/index.php\/wp-json\/wp\/v2\/comments?post=6242"}],"version-history":[{"count":4,"href":"https:\/\/cafeprensa.com.ar\/index.php\/wp-json\/wp\/v2\/posts\/6242\/revisions"}],"predecessor-version":[{"id":6248,"href":"https:\/\/cafeprensa.com.ar\/index.php\/wp-json\/wp\/v2\/posts\/6242\/revisions\/6248"}],"wp:featuredmedia":[{"embeddable":true,"href":"https:\/\/cafeprensa.com.ar\/index.php\/wp-json\/wp\/v2\/media\/6243"}],"wp:attachment":[{"href":"https:\/\/cafeprensa.com.ar\/index.php\/wp-json\/wp\/v2\/media?parent=6242"}],"wp:term":[{"taxonomy":"category","embeddable":true,"href":"https:\/\/cafeprensa.com.ar\/index.php\/wp-json\/wp\/v2\/categories?post=6242"},{"taxonomy":"post_tag","embeddable":true,"href":"https:\/\/cafeprensa.com.ar\/index.php\/wp-json\/wp\/v2\/tags?post=6242"}],"curies":[{"name":"wp","href":"https:\/\/api.w.org\/{rel}","templated":true}]}}