{"id":6305,"date":"2025-03-13T14:35:08","date_gmt":"2025-03-13T13:35:08","guid":{"rendered":"https:\/\/cafeprensa.com.ar\/?p=6305"},"modified":"2025-03-13T14:35:08","modified_gmt":"2025-03-13T13:35:08","slug":"cano-defiende-la-decision-del-comite-nacional","status":"publish","type":"post","link":"https:\/\/cafeprensa.com.ar\/index.php\/2025\/03\/13\/cano-defiende-la-decision-del-comite-nacional\/","title":{"rendered":"Cano defiende la decisi\u00f3n del Comit\u00e9 Nacional"},"content":{"rendered":"<p class=\"page-header\">Intervenci\u00f3n de la UCR en Tucum\u00e1n<\/p>\n<p class=\"page-header\"><strong>El legislador tucumano Jos\u00e9 Cano sali\u00f3 a defender la reciente intervenci\u00f3n de la Uni\u00f3n C\u00edvica Radical (UCR) en Tucum\u00e1n, afirmando que se trata de una decisi\u00f3n del Comit\u00e9 Nacional para solucionar un problema serio que afectaba el funcionamiento del partido. Seg\u00fan Cano, la medida no fue tomada a la ligera, sino que responde a irregularidades que era necesario corregir.<\/strong><\/p>\n<p>Cano explic\u00f3: \u00abIntervenir un distrito es algo que solo se hace en casos excepcionales, cuando hay pruebas claras que justifican actuar para poner fin a una situaci\u00f3n irregular\u00bb. Asegur\u00f3 que no fue un capricho, sino una respuesta a un vac\u00edo de liderazgo en el partido que se arrastra desde septiembre del a\u00f1o pasado.<\/p>\n<p><strong>El legislador detall\u00f3 que en 2023 se hab\u00eda intentado extender el mandato de Roberto S\u00e1nchez como presidente del partido hasta septiembre, y se llam\u00f3 a elecciones internas para el d\u00eda 28 de ese mes.<\/strong> Pero esas elecciones nunca ocurrieron. En cambio, las autoridades provinciales realizaron una convenci\u00f3n y decidieron extender su propio mandato por un a\u00f1o m\u00e1s. <strong>\u00abEso va contra las reglas. El Comit\u00e9 Nacional no pod\u00eda aceptar esa autoproclamaci\u00f3n\u00bb,<\/strong> afirm\u00f3 Cano, destacando que desde entonces la UCR tucumana qued\u00f3 sin conducci\u00f3n leg\u00edtima.<\/p>\n<p>Cano tambi\u00e9n advirti\u00f3 que, de no haber actuado el Comit\u00e9 Nacional, la Justicia Federal habr\u00eda intervenido, ya que hay dos denuncias presentadas por la supuesta ilegalidad de esa pr\u00f3rroga. \u00abUn comit\u00e9 provincial no tiene la autoridad para prolongarse el mandato por s\u00ed mismo\u00bb, insisti\u00f3.<\/p>\n<p>El legislador rechaz\u00f3 las versiones que sugieren que la intervenci\u00f3n apuntaba a perjudicar a alguien en particular, como el dirigente Romano Norri, y aclar\u00f3 que no se trata de un ataque personal. Finalmente, destac\u00f3 que el Comit\u00e9 Nacional, formado por representantes de todos los sectores de la UCR, tom\u00f3 esta medida para devolverle al partido en Tucum\u00e1n un funcionamiento ordenado y leg\u00edtimo.<\/p>\n","protected":false},"excerpt":{"rendered":"<p>Intervenci\u00f3n de la UCR en Tucum\u00e1n El legislador tucumano Jos\u00e9 Cano sali\u00f3 a defender la reciente intervenci\u00f3n de la Uni\u00f3n C\u00edvica Radical (UCR) en Tucum\u00e1n, afirmando que se trata de una decisi\u00f3n del Comit\u00e9 Nacional para solucionar un problema serio que afectaba el funcionamiento del partido. Seg\u00fan Cano, la medida no fue tomada a la &hellip;<\/p>\n","protected":false},"author":2,"featured_media":6306,"comment_status":"open","ping_status":"open","sticky":false,"template":"","format":"standard","meta":{"footnotes":""},"categories":[34,25],"tags":[264,90,110],"class_list":["post-6305","post","type-post","status-publish","format-standard","has-post-thumbnail","hentry","category-locales","category-politica","tag-jose-cano","tag-legislador","tag-ucr"],"_links":{"self":[{"href":"https:\/\/cafeprensa.com.ar\/index.php\/wp-json\/wp\/v2\/posts\/6305","targetHints":{"allow":["GET"]}}],"collection":[{"href":"https:\/\/cafeprensa.com.ar\/index.php\/wp-json\/wp\/v2\/posts"}],"about":[{"href":"https:\/\/cafeprensa.com.ar\/index.php\/wp-json\/wp\/v2\/types\/post"}],"author":[{"embeddable":true,"href":"https:\/\/cafeprensa.com.ar\/index.php\/wp-json\/wp\/v2\/users\/2"}],"replies":[{"embeddable":true,"href":"https:\/\/cafeprensa.com.ar\/index.php\/wp-json\/wp\/v2\/comments?post=6305"}],"version-history":[{"count":1,"href":"https:\/\/cafeprensa.com.ar\/index.php\/wp-json\/wp\/v2\/posts\/6305\/revisions"}],"predecessor-version":[{"id":6307,"href":"https:\/\/cafeprensa.com.ar\/index.php\/wp-json\/wp\/v2\/posts\/6305\/revisions\/6307"}],"wp:featuredmedia":[{"embeddable":true,"href":"https:\/\/cafeprensa.com.ar\/index.php\/wp-json\/wp\/v2\/media\/6306"}],"wp:attachment":[{"href":"https:\/\/cafeprensa.com.ar\/index.php\/wp-json\/wp\/v2\/media?parent=6305"}],"wp:term":[{"taxonomy":"category","embeddable":true,"href":"https:\/\/cafeprensa.com.ar\/index.php\/wp-json\/wp\/v2\/categories?post=6305"},{"taxonomy":"post_tag","embeddable":true,"href":"https:\/\/cafeprensa.com.ar\/index.php\/wp-json\/wp\/v2\/tags?post=6305"}],"curies":[{"name":"wp","href":"https:\/\/api.w.org\/{rel}","templated":true}]}}