{"id":6308,"date":"2025-03-13T15:11:35","date_gmt":"2025-03-13T14:11:35","guid":{"rendered":"https:\/\/cafeprensa.com.ar\/?p=6308"},"modified":"2025-03-13T15:11:35","modified_gmt":"2025-03-13T14:11:35","slug":"8m-el-concejo-homenajeo-a-mujeres-emblematicas-de-la-ciudad","status":"publish","type":"post","link":"https:\/\/cafeprensa.com.ar\/index.php\/2025\/03\/13\/8m-el-concejo-homenajeo-a-mujeres-emblematicas-de-la-ciudad\/","title":{"rendered":"8M: el Concejo homenaje\u00f3 a mujeres emblem\u00e1ticas de la ciudad"},"content":{"rendered":"<p>El Concejo Deliberante de San Miguel de Tucum\u00e1n rindi\u00f3 homenaje a las mujeres de la ciudad en el marco de las actividades por el D\u00eda Internacional de la <strong>Mujer Trabajadora por el 8 de marzo<\/strong>.<\/p>\n<p><img loading=\"lazy\" decoding=\"async\" class=\"alignnone wp-image-6316 size-large\" src=\"https:\/\/cafeprensa.com.ar\/wp-content\/uploads\/2025\/03\/1741357340579-1024x683.jpg\" alt=\"\" width=\"1024\" height=\"683\" srcset=\"https:\/\/cafeprensa.com.ar\/wp-content\/uploads\/2025\/03\/1741357340579-1024x683.jpg 1024w, https:\/\/cafeprensa.com.ar\/wp-content\/uploads\/2025\/03\/1741357340579-300x200.jpg 300w, https:\/\/cafeprensa.com.ar\/wp-content\/uploads\/2025\/03\/1741357340579-768x512.jpg 768w, https:\/\/cafeprensa.com.ar\/wp-content\/uploads\/2025\/03\/1741357340579-1536x1024.jpg 1536w, https:\/\/cafeprensa.com.ar\/wp-content\/uploads\/2025\/03\/1741357340579-2048x1365.jpg 2048w\" sizes=\"auto, (max-width: 1024px) 100vw, 1024px\" \/><\/p>\n<p>&nbsp;<\/p>\n<p>El <strong>concejal Carlos Arnedo, de la bancada Acci\u00f3n Vecinal,<\/strong> encabez\u00f3 un acto de conmemoraci\u00f3n por el 8M y en el que se entregaron diplomas para reconocer a mujeres de la ciudad por su labor inclaudicable por la igualdad, en distintos \u00e1mbitos.<\/p>\n<p><img loading=\"lazy\" decoding=\"async\" class=\"alignnone wp-image-6315 size-large\" src=\"https:\/\/cafeprensa.com.ar\/wp-content\/uploads\/2025\/03\/1741357340522-694x1024.jpg\" alt=\"\" width=\"694\" height=\"1024\" srcset=\"https:\/\/cafeprensa.com.ar\/wp-content\/uploads\/2025\/03\/1741357340522-694x1024.jpg 694w, https:\/\/cafeprensa.com.ar\/wp-content\/uploads\/2025\/03\/1741357340522-203x300.jpg 203w, https:\/\/cafeprensa.com.ar\/wp-content\/uploads\/2025\/03\/1741357340522-768x1133.jpg 768w, https:\/\/cafeprensa.com.ar\/wp-content\/uploads\/2025\/03\/1741357340522-1041x1536.jpg 1041w, https:\/\/cafeprensa.com.ar\/wp-content\/uploads\/2025\/03\/1741357340522-1389x2048.jpg 1389w, https:\/\/cafeprensa.com.ar\/wp-content\/uploads\/2025\/03\/1741357340522-scaled.jpg 1736w\" sizes=\"auto, (max-width: 694px) 100vw, 694px\" \/><\/p>\n","protected":false},"excerpt":{"rendered":"<p>El Concejo Deliberante de San Miguel de Tucum\u00e1n rindi\u00f3 homenaje a las mujeres de la ciudad en el marco de las actividades por el D\u00eda Internacional de la Mujer Trabajadora por el 8 de marzo. &nbsp; El concejal Carlos Arnedo, de la bancada Acci\u00f3n Vecinal, encabez\u00f3 un acto de conmemoraci\u00f3n por el 8M y en &hellip;<\/p>\n","protected":false},"author":2,"featured_media":6314,"comment_status":"open","ping_status":"open","sticky":false,"template":"","format":"standard","meta":{"footnotes":""},"categories":[34,25],"tags":[645,191,160],"class_list":["post-6308","post","type-post","status-publish","format-standard","has-post-thumbnail","hentry","category-locales","category-politica","tag-concejales","tag-hcd","tag-tucuman"],"_links":{"self":[{"href":"https:\/\/cafeprensa.com.ar\/index.php\/wp-json\/wp\/v2\/posts\/6308","targetHints":{"allow":["GET"]}}],"collection":[{"href":"https:\/\/cafeprensa.com.ar\/index.php\/wp-json\/wp\/v2\/posts"}],"about":[{"href":"https:\/\/cafeprensa.com.ar\/index.php\/wp-json\/wp\/v2\/types\/post"}],"author":[{"embeddable":true,"href":"https:\/\/cafeprensa.com.ar\/index.php\/wp-json\/wp\/v2\/users\/2"}],"replies":[{"embeddable":true,"href":"https:\/\/cafeprensa.com.ar\/index.php\/wp-json\/wp\/v2\/comments?post=6308"}],"version-history":[{"count":1,"href":"https:\/\/cafeprensa.com.ar\/index.php\/wp-json\/wp\/v2\/posts\/6308\/revisions"}],"predecessor-version":[{"id":6317,"href":"https:\/\/cafeprensa.com.ar\/index.php\/wp-json\/wp\/v2\/posts\/6308\/revisions\/6317"}],"wp:featuredmedia":[{"embeddable":true,"href":"https:\/\/cafeprensa.com.ar\/index.php\/wp-json\/wp\/v2\/media\/6314"}],"wp:attachment":[{"href":"https:\/\/cafeprensa.com.ar\/index.php\/wp-json\/wp\/v2\/media?parent=6308"}],"wp:term":[{"taxonomy":"category","embeddable":true,"href":"https:\/\/cafeprensa.com.ar\/index.php\/wp-json\/wp\/v2\/categories?post=6308"},{"taxonomy":"post_tag","embeddable":true,"href":"https:\/\/cafeprensa.com.ar\/index.php\/wp-json\/wp\/v2\/tags?post=6308"}],"curies":[{"name":"wp","href":"https:\/\/api.w.org\/{rel}","templated":true}]}}