{"id":6318,"date":"2025-03-14T02:01:31","date_gmt":"2025-03-14T01:01:31","guid":{"rendered":"https:\/\/cafeprensa.com.ar\/?p=6318"},"modified":"2025-03-14T02:02:38","modified_gmt":"2025-03-14T01:02:38","slug":"la-cgt-anuncio-un-nuevo-paro-general-de-24-horas","status":"publish","type":"post","link":"https:\/\/cafeprensa.com.ar\/index.php\/2025\/03\/14\/la-cgt-anuncio-un-nuevo-paro-general-de-24-horas\/","title":{"rendered":"La CGT anunci\u00f3 un nuevo Paro General de 24 horas"},"content":{"rendered":"<div class=\"td-post-header td-pb-padding-side\"><span style=\"font-size: 12pt; font-weight: bold;\">H\u00e9ctor Daer anunci\u00f3 la m\u00e1xima medida de fuerza gremial tras la represi\u00f3n en la marcha del mi\u00e9rcoles. \u201cUnidad de los trabajadores, y al que no le gusta se jode\u201d, bramaron.<\/span><\/div>\n<div class=\"td-post-content td-pb-padding-side\">\n<p><strong>H\u00e9ctor Daer<\/strong>, secretario general de la\u00a0<strong>Confederaci\u00f3n General de Trabajadores (CGT)<\/strong>, confirm\u00f3 que se realizar\u00e1 un nuevo\u00a0<strong>paro general de 24 horas\u00a0<\/strong>de duraci\u00f3n tras la represi\u00f3n de las fuerzas de seguridad en el marco de la protesta de jubilados contra el gobierno de\u00a0<strong>Javier Milei<\/strong>. El dirigente gremial anunci\u00f3 la medida de fuerza en el marco de un congreso de la\u00a0<strong>Uni\u00f3n de Trabajadores de la Econom\u00eda Popular (UTEP)<\/strong>, y anticip\u00f3 que ser\u00e1 \u201c<strong><em>antes del 10 de abril<\/em><\/strong>\u201c.<\/p>\n<p><strong>\u201c<em>Nosotros vamos a ser respetuosos de que el d\u00eda jueves de la semana que viene vamos a tener una reuni\u00f3n del Consejo Directivo que ya est\u00e1 convocada para esa fecha pero lo que s\u00ed consensuamos todos los que estamos ac\u00e1, y los vamos a invitar a que nos acompa\u00f1en a construirlo, es un paro por 24 horas antes del 10 de abril<\/em>\u201c, anunci\u00f3 Daer.<\/strong><\/p>\n<p>Tras el anuncio, los presentes celebraron la medida de fuerza cantando \u201c<em>unidad de los trabajadores, y al que no le gusta se jode<\/em>\u201c. Horas antes, las dos corrientes de la\u00a0<strong>Central de Trabajadores de la Argentina (CTA)<\/strong> se pronunciaron a favor de un paro general de 24 horas, adem\u00e1s de confirmar que se movilizar\u00e1n junto a los jubilados el pr\u00f3ximo mi\u00e9rcoles.<\/p>\n<\/div>\n","protected":false},"excerpt":{"rendered":"<p>H\u00e9ctor Daer anunci\u00f3 la m\u00e1xima medida de fuerza gremial tras la represi\u00f3n en la marcha del mi\u00e9rcoles. \u201cUnidad de los trabajadores, y al que no le gusta se jode\u201d, bramaron. H\u00e9ctor Daer, secretario general de la\u00a0Confederaci\u00f3n General de Trabajadores (CGT), confirm\u00f3 que se realizar\u00e1 un nuevo\u00a0paro general de 24 horas\u00a0de duraci\u00f3n tras la represi\u00f3n de &hellip;<\/p>\n","protected":false},"author":2,"featured_media":6319,"comment_status":"open","ping_status":"open","sticky":false,"template":"","format":"standard","meta":{"footnotes":""},"categories":[54,33],"tags":[687,696],"class_list":["post-6318","post","type-post","status-publish","format-standard","has-post-thumbnail","hentry","category-interes-ganeral","category-nacionales","tag-cgt","tag-paro-nacional"],"_links":{"self":[{"href":"https:\/\/cafeprensa.com.ar\/index.php\/wp-json\/wp\/v2\/posts\/6318","targetHints":{"allow":["GET"]}}],"collection":[{"href":"https:\/\/cafeprensa.com.ar\/index.php\/wp-json\/wp\/v2\/posts"}],"about":[{"href":"https:\/\/cafeprensa.com.ar\/index.php\/wp-json\/wp\/v2\/types\/post"}],"author":[{"embeddable":true,"href":"https:\/\/cafeprensa.com.ar\/index.php\/wp-json\/wp\/v2\/users\/2"}],"replies":[{"embeddable":true,"href":"https:\/\/cafeprensa.com.ar\/index.php\/wp-json\/wp\/v2\/comments?post=6318"}],"version-history":[{"count":2,"href":"https:\/\/cafeprensa.com.ar\/index.php\/wp-json\/wp\/v2\/posts\/6318\/revisions"}],"predecessor-version":[{"id":6321,"href":"https:\/\/cafeprensa.com.ar\/index.php\/wp-json\/wp\/v2\/posts\/6318\/revisions\/6321"}],"wp:featuredmedia":[{"embeddable":true,"href":"https:\/\/cafeprensa.com.ar\/index.php\/wp-json\/wp\/v2\/media\/6319"}],"wp:attachment":[{"href":"https:\/\/cafeprensa.com.ar\/index.php\/wp-json\/wp\/v2\/media?parent=6318"}],"wp:term":[{"taxonomy":"category","embeddable":true,"href":"https:\/\/cafeprensa.com.ar\/index.php\/wp-json\/wp\/v2\/categories?post=6318"},{"taxonomy":"post_tag","embeddable":true,"href":"https:\/\/cafeprensa.com.ar\/index.php\/wp-json\/wp\/v2\/tags?post=6318"}],"curies":[{"name":"wp","href":"https:\/\/api.w.org\/{rel}","templated":true}]}}