{"id":6391,"date":"2025-03-17T00:39:59","date_gmt":"2025-03-16T23:39:59","guid":{"rendered":"https:\/\/cafeprensa.com.ar\/?p=6391"},"modified":"2025-03-17T00:39:59","modified_gmt":"2025-03-16T23:39:59","slug":"el-puente-que-unio-2-provincias-y-hoy-es-un-icono-turistico","status":"publish","type":"post","link":"https:\/\/cafeprensa.com.ar\/index.php\/2025\/03\/17\/el-puente-que-unio-2-provincias-y-hoy-es-un-icono-turistico\/","title":{"rendered":"El puente que uni\u00f3 2 provincias y hoy es un \u00edcono tur\u00edstico"},"content":{"rendered":"<p class=\"bajada\">Se trata del General Belgrano, el primero en cruzar el R\u00edo Paran\u00e1 y que conecta Chaco con Corrientes. Cruzarlo es una experiencia con panor\u00e1micas \u00fanicas y un paseo que encanta a turistas.<\/p>\n<p><img loading=\"lazy\" decoding=\"async\" class=\"alignnone wp-image-6393 size-full\" src=\"https:\/\/cafeprensa.com.ar\/wp-content\/uploads\/2025\/03\/ARCHI_842984.jpg\" alt=\"\" width=\"760\" height=\"506\" srcset=\"https:\/\/cafeprensa.com.ar\/wp-content\/uploads\/2025\/03\/ARCHI_842984.jpg 760w, https:\/\/cafeprensa.com.ar\/wp-content\/uploads\/2025\/03\/ARCHI_842984-300x200.jpg 300w\" sizes=\"auto, (max-width: 760px) 100vw, 760px\" \/><\/p>\n<p class=\"bajada\">El Puente General Belgrano es un verdadero \u00edcono en <b>Corrientes<\/b>. Esta estructura, que fue inaugurada en\u00a0<b>1973<\/b>, fue la primera en cruzar el\u00a0<b>R\u00edo Paran\u00e1<\/b>. Su nombre fue elegido en honor a Manuel Belgrano, aunque quien lo inaugur\u00f3 fue el presidente de facto Alejandro Agust\u00edn Lanusse. Seg\u00fan las \u00faltimas estad\u00edsticas, unas <b>18 mil personas<\/b>\u00a0transitan por \u00e9l diariamente.<\/p>\n<div class=\"overflow-hidden\">\n<div id=\"contenedor-nota\">\n<div id=\"cuerpo-nota\">\n<p><img decoding=\"async\" src=\"https:\/\/www.cadena3.com\/admin\/playerswf\/fotos\/ARCHI_842985.jpg\" \/><\/p>\n<p>Antes de su construcci\u00f3n, la gente deb\u00eda cruzar en balsa o en una embarcaci\u00f3n denominada \u00abEl vaporcito\u00bb.<\/p>\n<p>El proyecto fue realizado por un arquitecto franc\u00e9s y demor\u00f3 7 a\u00f1os en concretarse. En el lugar, trabajaron unas\u00a0<b>700 personas. <\/b>Hoy el Puente General Belgrano no s\u00f3lo es un veh\u00edculo de comunicaci\u00f3n para ambas provincias, sino tambi\u00e9n un \u00edcono tur\u00edstico. Muchos<b>\u00a0turistas<\/b> llegan hasta ac\u00e1 para cruzarlo. En verano, las\u00a0<b>playitas\u00a0<\/b>que est\u00e1n a ambos lados del mismo, se convierten en lugares para disfrutar de un d\u00eda de sol.<\/p>\n<\/div>\n<\/div>\n<\/div>\n","protected":false},"excerpt":{"rendered":"<p>Se trata del General Belgrano, el primero en cruzar el R\u00edo Paran\u00e1 y que conecta Chaco con Corrientes. Cruzarlo es una experiencia con panor\u00e1micas \u00fanicas y un paseo que encanta a turistas. El Puente General Belgrano es un verdadero \u00edcono en Corrientes. Esta estructura, que fue inaugurada en\u00a01973, fue la primera en cruzar el\u00a0R\u00edo Paran\u00e1. &hellip;<\/p>\n","protected":false},"author":2,"featured_media":6392,"comment_status":"open","ping_status":"open","sticky":false,"template":"","format":"standard","meta":{"footnotes":""},"categories":[33,170],"tags":[660,1120,1571,1572],"class_list":["post-6391","post","type-post","status-publish","format-standard","has-post-thumbnail","hentry","category-nacionales","category-turismo","tag-chaco","tag-corrientes","tag-general-belgrano","tag-rio-parana"],"_links":{"self":[{"href":"https:\/\/cafeprensa.com.ar\/index.php\/wp-json\/wp\/v2\/posts\/6391","targetHints":{"allow":["GET"]}}],"collection":[{"href":"https:\/\/cafeprensa.com.ar\/index.php\/wp-json\/wp\/v2\/posts"}],"about":[{"href":"https:\/\/cafeprensa.com.ar\/index.php\/wp-json\/wp\/v2\/types\/post"}],"author":[{"embeddable":true,"href":"https:\/\/cafeprensa.com.ar\/index.php\/wp-json\/wp\/v2\/users\/2"}],"replies":[{"embeddable":true,"href":"https:\/\/cafeprensa.com.ar\/index.php\/wp-json\/wp\/v2\/comments?post=6391"}],"version-history":[{"count":1,"href":"https:\/\/cafeprensa.com.ar\/index.php\/wp-json\/wp\/v2\/posts\/6391\/revisions"}],"predecessor-version":[{"id":6394,"href":"https:\/\/cafeprensa.com.ar\/index.php\/wp-json\/wp\/v2\/posts\/6391\/revisions\/6394"}],"wp:featuredmedia":[{"embeddable":true,"href":"https:\/\/cafeprensa.com.ar\/index.php\/wp-json\/wp\/v2\/media\/6392"}],"wp:attachment":[{"href":"https:\/\/cafeprensa.com.ar\/index.php\/wp-json\/wp\/v2\/media?parent=6391"}],"wp:term":[{"taxonomy":"category","embeddable":true,"href":"https:\/\/cafeprensa.com.ar\/index.php\/wp-json\/wp\/v2\/categories?post=6391"},{"taxonomy":"post_tag","embeddable":true,"href":"https:\/\/cafeprensa.com.ar\/index.php\/wp-json\/wp\/v2\/tags?post=6391"}],"curies":[{"name":"wp","href":"https:\/\/api.w.org\/{rel}","templated":true}]}}