{"id":6465,"date":"2025-03-18T11:31:17","date_gmt":"2025-03-18T10:31:17","guid":{"rendered":"https:\/\/cafeprensa.com.ar\/?p=6465"},"modified":"2025-03-18T11:31:17","modified_gmt":"2025-03-18T10:31:17","slug":"el-gobierno-modifico-la-ley-nacional-de-transito","status":"publish","type":"post","link":"https:\/\/cafeprensa.com.ar\/index.php\/2025\/03\/18\/el-gobierno-modifico-la-ley-nacional-de-transito\/","title":{"rendered":"El Gobierno modific\u00f3 la Ley Nacional de Tr\u00e1nsito"},"content":{"rendered":"<header class=\"article-header-wrapper\">\n<div class=\"article-header\">\n<p id=\"el-gobierno-modifico-la-ley-nacional-de-transito:-los-10-cambios-que-deberan-tener-en-cuenta-los-automovilistas\" class=\"article-headline left\">Los 10 cambios que deber\u00e1n tener en cuenta los automovilistas. Licencias de conducir sin vencimiento, VTV en talleres particulares, peajes sin cabinas en todo el pa\u00eds y homologaci\u00f3n autom\u00e1tica de autos importados con certificaciones internacionales, son los puntos m\u00e1s salientes del anuncio publicado en el Bolet\u00edn Oficial.<\/p>\n<\/div>\n<\/header>\n<article class=\"article\">\n<div class=\"body-article \">\n<div class=\"visual__image image-full-width\"><picture><source srcset=\"https:\/\/www.infobae.com\/resizer\/v2\/XGVCC3JIKZH67FIOHSCQJX7OGU.jpg?auth=e6829cb471f3a879f503d1c4460a74d1d16f09c86ed4b43be5a97213475495ee&amp;smart=true&amp;width=1200&amp;height=675&amp;quality=85\" media=\"(min-width: 1200px)\" \/><source srcset=\"https:\/\/www.infobae.com\/resizer\/v2\/XGVCC3JIKZH67FIOHSCQJX7OGU.jpg?auth=e6829cb471f3a879f503d1c4460a74d1d16f09c86ed4b43be5a97213475495ee&amp;smart=true&amp;width=992&amp;height=558&amp;quality=85\" media=\"(min-width: 1000px)\" \/><source srcset=\"https:\/\/www.infobae.com\/resizer\/v2\/XGVCC3JIKZH67FIOHSCQJX7OGU.jpg?auth=e6829cb471f3a879f503d1c4460a74d1d16f09c86ed4b43be5a97213475495ee&amp;smart=true&amp;width=768&amp;height=432&amp;quality=85\" media=\"(min-width: 768px)\" \/><source srcset=\"https:\/\/www.infobae.com\/resizer\/v2\/XGVCC3JIKZH67FIOHSCQJX7OGU.jpg?auth=e6829cb471f3a879f503d1c4460a74d1d16f09c86ed4b43be5a97213475495ee&amp;smart=true&amp;width=577&amp;height=325&amp;quality=85\" media=\"(min-width: 580px)\" \/><source srcset=\"https:\/\/www.infobae.com\/resizer\/v2\/XGVCC3JIKZH67FIOHSCQJX7OGU.jpg?auth=e6829cb471f3a879f503d1c4460a74d1d16f09c86ed4b43be5a97213475495ee&amp;smart=true&amp;width=420&amp;height=236&amp;quality=85\" media=\"(min-width: 350px)\" \/><source srcset=\"https:\/\/www.infobae.com\/resizer\/v2\/XGVCC3JIKZH67FIOHSCQJX7OGU.jpg?auth=e6829cb471f3a879f503d1c4460a74d1d16f09c86ed4b43be5a97213475495ee&amp;smart=true&amp;width=350&amp;height=197&amp;quality=85\" media=\"(min-width: 80px)\" \/><img loading=\"lazy\" decoding=\"async\" class=\"global-image\" src=\"https:\/\/www.infobae.com\/resizer\/v2\/XGVCC3JIKZH67FIOHSCQJX7OGU.jpg?auth=e6829cb471f3a879f503d1c4460a74d1d16f09c86ed4b43be5a97213475495ee&amp;smart=true&amp;width=350&amp;height=197&amp;quality=85\" alt=\"Luego de un a\u00f1o de\" width=\"1920\" height=\"1081\" \/><\/picture><span style=\"font-size: 8pt;\"><strong>Luego de un a\u00f1o de trabajo intenso, el gobierno public\u00f3 las reformas propuestas en la Ley Nacional de Tr\u00e1nsito que reg\u00edan desde 1995<\/strong><\/span><\/div>\n<p class=\"paragraph\" data-mrf-recirculation=\"Links inline\">El Gobierno public\u00f3 finalmente este lunes en el\u00a0<b>Bolet\u00edn Oficial<\/b>, el decreto 196\/2025 que representa una profunda\u00a0<b>reforma de la Ley Nacional de Tr\u00e1nsito 24.449<\/b>, tal como lo ven\u00eda anunciando su ide\u00f3logo,\u00a0<b>Federico Sturzenegger<\/b>, desde el Ministerio de Desregulaci\u00f3n y Transformaci\u00f3n del Estado.<\/p>\n<p class=\"paragraph\" data-mrf-recirculation=\"Links inline\">El documento tiene varios puntos, que abarcan desde una\u00a0<b>simplificaci\u00f3n de tr\u00e1mites<\/b>\u00a0que permitan circular en el territorio argentino a los autos importados, hasta el formato y validez de las licencias de conducir particulares. En el medio, uno de los temas de mayor inter\u00e9s de los propietarios de autom\u00f3viles y motocicletas, la esperada\u00a0<b>apertura de las revisiones t\u00e9cnicas obligatorias<\/b>\u00a0para autos particulares y especialmente para el transporte pesado de cargas y pasajeros.<\/p>\n<p data-mrf-recirculation=\"Links inline\"><img loading=\"lazy\" decoding=\"async\" class=\"alignnone wp-image-6466 size-large\" src=\"https:\/\/cafeprensa.com.ar\/wp-content\/uploads\/2025\/03\/leytransito-1200x900-1-1024x768.webp\" alt=\"\" width=\"1024\" height=\"768\" srcset=\"https:\/\/cafeprensa.com.ar\/wp-content\/uploads\/2025\/03\/leytransito-1200x900-1-1024x768.webp 1024w, https:\/\/cafeprensa.com.ar\/wp-content\/uploads\/2025\/03\/leytransito-1200x900-1-300x225.webp 300w, https:\/\/cafeprensa.com.ar\/wp-content\/uploads\/2025\/03\/leytransito-1200x900-1-768x576.webp 768w, https:\/\/cafeprensa.com.ar\/wp-content\/uploads\/2025\/03\/leytransito-1200x900-1.webp 1200w\" sizes=\"auto, (max-width: 1024px) 100vw, 1024px\" \/><\/p>\n<p class=\"paragraph\" data-mrf-recirculation=\"Links inline\">Uno de los factores comunes que aparece como determinante<b>\u00a0para que todas estas medidas lleguen a m\u00e1s personas<\/b>\u00a0radica en el hecho de estar modificando una Ley Nacional, lo que requiere que tanto\u00a0<b>provincias como municipios deban decidir adherirse<\/b>\u00a0a esta<b>\u00a0<\/b>normativa para que<b>\u00a0<\/b>tenga validez en sus respectivas jurisdicciones. Sin embargo, lo que resaltan desde el Ejecutivo es que con estas medidas lo que se est\u00e1\u00a0<b>generando es el marco apropiado<\/b> para que quienes quieran, puedan hacerlo.<\/p>\n<p class=\"paragraph\" data-mrf-recirculation=\"Links inline\">\u201cEsto fue como el parto de una ballena, porque las ballenas est\u00e1n pre\u00f1adas un a\u00f1o, y\u00a0<b>esto nos llev\u00f3, literalmente, un a\u00f1o\u201d<\/b>, dijo Sturzenegger respecto a la reforma que se est\u00e1 introduciendo a la Ley Nacional de Tr\u00e1nsito nro 24.449. \u201cMuchos de estos cambios estaban en la\u00a0<b>Ley Bases,<\/b>\u00a0que ten\u00eda todo un cap\u00edtulo referido a la Ley de tr\u00e1nsito, pero esa parte despu\u00e9s\u00a0<b>termin\u00f3 quedando afuera.<\/b>\u00a0Entonces decidimos hacerlo reglamentariamente y esto es lo que estamos anunciando ahora\u201d, agreg\u00f3 el ministro.<\/p>\n<div class=\"visual__image image-full-width\"><picture><source srcset=\"https:\/\/www.infobae.com\/resizer\/v2\/MU3DAUVTVRABXATMNQAGN3FV5I.jpg?auth=218c92b041f1ccf77720a171bacc2087a44cf89bac2a2e742d1f9128e04245ab&amp;smart=true&amp;width=1200&amp;height=800&amp;quality=85\" media=\"(min-width: 1200px)\" \/><source srcset=\"https:\/\/www.infobae.com\/resizer\/v2\/MU3DAUVTVRABXATMNQAGN3FV5I.jpg?auth=218c92b041f1ccf77720a171bacc2087a44cf89bac2a2e742d1f9128e04245ab&amp;smart=true&amp;width=992&amp;height=661&amp;quality=85\" media=\"(min-width: 1000px)\" \/><source srcset=\"https:\/\/www.infobae.com\/resizer\/v2\/MU3DAUVTVRABXATMNQAGN3FV5I.jpg?auth=218c92b041f1ccf77720a171bacc2087a44cf89bac2a2e742d1f9128e04245ab&amp;smart=true&amp;width=768&amp;height=512&amp;quality=85\" media=\"(min-width: 768px)\" \/><source srcset=\"https:\/\/www.infobae.com\/resizer\/v2\/MU3DAUVTVRABXATMNQAGN3FV5I.jpg?auth=218c92b041f1ccf77720a171bacc2087a44cf89bac2a2e742d1f9128e04245ab&amp;smart=true&amp;width=577&amp;height=385&amp;quality=85\" media=\"(min-width: 580px)\" \/><source srcset=\"https:\/\/www.infobae.com\/resizer\/v2\/MU3DAUVTVRABXATMNQAGN3FV5I.jpg?auth=218c92b041f1ccf77720a171bacc2087a44cf89bac2a2e742d1f9128e04245ab&amp;smart=true&amp;width=420&amp;height=280&amp;quality=85\" media=\"(min-width: 350px)\" \/><source srcset=\"https:\/\/www.infobae.com\/resizer\/v2\/MU3DAUVTVRABXATMNQAGN3FV5I.jpg?auth=218c92b041f1ccf77720a171bacc2087a44cf89bac2a2e742d1f9128e04245ab&amp;smart=true&amp;width=350&amp;height=233&amp;quality=85\" media=\"(min-width: 80px)\" \/><img loading=\"lazy\" decoding=\"async\" class=\"global-image\" src=\"https:\/\/www.infobae.com\/resizer\/v2\/MU3DAUVTVRABXATMNQAGN3FV5I.jpg?auth=218c92b041f1ccf77720a171bacc2087a44cf89bac2a2e742d1f9128e04245ab&amp;smart=true&amp;width=350&amp;height=233&amp;quality=85\" alt=\"Federico Sturzenegger fue el cerebro\" width=\"4896\" height=\"3264\" \/><\/picture><span style=\"font-size: 8pt;\"><strong>Federico Sturzenegger fue el cerebro detr\u00e1s de estas reformas a la Ley Nacional de Tr\u00e1nsito.\u00a0<\/strong><\/span><\/div>\n<p class=\"paragraph\" data-mrf-recirculation=\"Links inline\">De los\u00a0<b>11 puntos que se modifican uno ya se hab\u00eda adelantado en los \u00faltimos d\u00edas<\/b>\u00a0de la semana pasada, y era el referido a la simplificaci\u00f3n del tr\u00e1mite por el cual se pueden\u00a0<a title=\"https:\/\/www.infobae.com\/economia\/2025\/03\/14\/el-gobierno-oficializo-el-nuevo-certificado-de-seguridad-vehicular-como-sera-de-ahora-en-mas\/\" href=\"https:\/\/www.infobae.com\/economia\/2025\/03\/14\/el-gobierno-oficializo-el-nuevo-certificado-de-seguridad-vehicular-como-sera-de-ahora-en-mas\/\" target=\"_blank\" rel=\"noopener noreferrer\" data-mrf-link=\"https:\/\/www.infobae.com\/economia\/2025\/03\/14\/el-gobierno-oficializo-el-nuevo-certificado-de-seguridad-vehicular-como-sera-de-ahora-en-mas\/\"><b>homologar trailers y casas rodantes, evitando las dobles certificaciones<\/b><\/a>\u00a0que exist\u00edan hasta esta reforma. En el decreto publicado hoy, se agregan tambi\u00e9n los mismos requisitos simplificados para la importaci\u00f3n. Todo se resolvi\u00f3 con la creaci\u00f3n de un nuevo documento llamado\u00a0<b>Certificado de Seguridad Vehicular (CSV)<\/b>, que se podr\u00e1 extender tanto para unidades fabricadas en Argentina como importadas desde otros pa\u00edses.<\/p>\n<p class=\"paragraph\" data-mrf-recirculation=\"Links inline\">Ese certificado se emitir\u00e1 contra la presentaci\u00f3n de la documentaci\u00f3n que garantice, para el caso de los importados, que las unidades se fabricaron bajo el amparo de certificaciones emitidos por\u00a0<b>organismos reconocidos por las Naciones Unidas conforme la reglamentaci\u00f3n Trans-WP29-343.<\/b><\/p>\n<p class=\"paragraph\" data-mrf-recirculation=\"Links inline\">El resto de las reformas aplicadas a la Ley Nacional de Tr\u00e1nsito son las siguientes:<\/p>\n<div class=\"headline-wrapper\">\n<h2 class=\"header headline-class-h2\">1- Importaci\u00f3n de autos autom\u00e1tica m\u00e1s simple<\/h2>\n<\/div>\n<p class=\"paragraph\" data-mrf-recirculation=\"Links inline\">Se facilita la importaci\u00f3n de veh\u00edculos en general. Para el caso de las importaciones en serie, que hasta ahora necesitaban la\u00a0<b>Licencia de Configuraci\u00f3n de Modelo (LCM) y la Licencia de Configuraci\u00f3n Ambiental (LCA)<\/b>, esa documentaci\u00f3n ya no ser\u00e1 necesaria siempre y cuando sean veh\u00edculos que provengan de los considerados\u00a0<b>\u201cmercados de alta vigilancia\u201d<\/b>. En ese caso, con la sola presentaci\u00f3n de las certificaciones internacionales reconocidas, las mismas Trans-WP29-343, esos veh\u00edculos quedar\u00e1n autom\u00e1ticamente homologados para circular por el territorio argentino.<\/p>\n<p class=\"paragraph\" data-mrf-recirculation=\"Links inline\">Para el caso de los autos que no se importar\u00e1n en serie, sino como operaciones\u00a0<b>particulares e individuales<\/b>, se podr\u00e1 gestionar el\u00a0<b>Certificado de Seguridad Vehicular (CSV)<\/b>\u00a0creado tambi\u00e9n para importar trailers, remolques y casas rodantes. En este caso, los requisitos se repiten en relaci\u00f3n a la certificaci\u00f3n internacional de parte del fabricante. El CSV lo emite la\u00a0<b>Agencia Nacional de Seguridad Vial (ANSV).<\/b><\/p>\n<div class=\"visual__image image-full-width\"><picture><source srcset=\"https:\/\/www.infobae.com\/resizer\/v2\/UFTGCV7ZORGJVLTSPXGUPYAVZI.jpg?auth=4519ab5dabbcb05efbad66826de63b11e6c5381d162df3e917dabab213f0dd1f&amp;smart=true&amp;width=1200&amp;height=675&amp;quality=85\" media=\"(min-width: 1200px)\" \/><source srcset=\"https:\/\/www.infobae.com\/resizer\/v2\/UFTGCV7ZORGJVLTSPXGUPYAVZI.jpg?auth=4519ab5dabbcb05efbad66826de63b11e6c5381d162df3e917dabab213f0dd1f&amp;smart=true&amp;width=992&amp;height=558&amp;quality=85\" media=\"(min-width: 1000px)\" \/><source srcset=\"https:\/\/www.infobae.com\/resizer\/v2\/UFTGCV7ZORGJVLTSPXGUPYAVZI.jpg?auth=4519ab5dabbcb05efbad66826de63b11e6c5381d162df3e917dabab213f0dd1f&amp;smart=true&amp;width=768&amp;height=432&amp;quality=85\" media=\"(min-width: 768px)\" \/><source srcset=\"https:\/\/www.infobae.com\/resizer\/v2\/UFTGCV7ZORGJVLTSPXGUPYAVZI.jpg?auth=4519ab5dabbcb05efbad66826de63b11e6c5381d162df3e917dabab213f0dd1f&amp;smart=true&amp;width=577&amp;height=325&amp;quality=85\" media=\"(min-width: 580px)\" \/><source srcset=\"https:\/\/www.infobae.com\/resizer\/v2\/UFTGCV7ZORGJVLTSPXGUPYAVZI.jpg?auth=4519ab5dabbcb05efbad66826de63b11e6c5381d162df3e917dabab213f0dd1f&amp;smart=true&amp;width=420&amp;height=236&amp;quality=85\" media=\"(min-width: 350px)\" \/><source srcset=\"https:\/\/www.infobae.com\/resizer\/v2\/UFTGCV7ZORGJVLTSPXGUPYAVZI.jpg?auth=4519ab5dabbcb05efbad66826de63b11e6c5381d162df3e917dabab213f0dd1f&amp;smart=true&amp;width=350&amp;height=197&amp;quality=85\" media=\"(min-width: 80px)\" \/><img loading=\"lazy\" decoding=\"async\" class=\"global-image\" src=\"https:\/\/www.infobae.com\/resizer\/v2\/UFTGCV7ZORGJVLTSPXGUPYAVZI.jpg?auth=4519ab5dabbcb05efbad66826de63b11e6c5381d162df3e917dabab213f0dd1f&amp;smart=true&amp;width=350&amp;height=197&amp;quality=85\" alt=\"La importaci\u00f3n de autos y\" width=\"1920\" height=\"1080\" \/><\/picture><span style=\"font-size: 8pt;\"><strong>La importaci\u00f3n de autos y autopartes ser\u00e1 libre de tr\u00e1mites t\u00e9cnicos. Las certificaciones internacionales ser\u00e1n v\u00e1lidas<\/strong><\/span><\/div>\n<div class=\"headline-wrapper\">\n<h2 class=\"header headline-class-h2\">2- Importaci\u00f3n libre de autopartes<\/h2>\n<\/div>\n<p class=\"paragraph\" data-mrf-recirculation=\"Links inline\">Se libera la importaci\u00f3n de todo tipo de autopartes vehiculares. A partir de la publicaci\u00f3n de este decreto ya no ser\u00e1 exigible el\u00a0<b>Certificado de Homologaci\u00f3n de autopartes de Seguridad (CHAS).<\/b>\u00a0Ese certificado requer\u00eda tr\u00e1mites superpuestos con los de las certificaciones internacionales al solo efecto de ser admitidos en Argentina, pero adem\u00e1s, esos tr\u00e1mites inclu\u00edan pruebas t\u00e9cnicas muy costosas que, en su gran mayor\u00eda, no se hac\u00edan en el pa\u00eds.<\/p>\n<div class=\"headline-wrapper\">\n<h2 class=\"header headline-class-h2\">3- Eliminaci\u00f3n de LiNTI para choferes profesionales<\/h2>\n<\/div>\n<p class=\"paragraph\" data-mrf-recirculation=\"Links inline\">Se confirma la eliminaci\u00f3n de la\u00a0<b>Licencia Nacional de Transporte Interjurisdiccional (LiNTI)<\/b>. A partir de ahora, las licencias profesionales de conducir clases C, D y\/o E, emitidas por las jurisdicciones que adhieran a las normas de la Agencia Nacional de Seguridad Vial (ANSV), tendr\u00e1n validez para el transporte entre las distintas jurisdicciones. Eliminar la LiNTI permite\u00a0<b>simplificar un doble tr\u00e1mite\u00a0<\/b>que se hac\u00eda por parte de los transportistas profesionales, que requer\u00eda sacar dos licencias, la de su propia jurisdicci\u00f3n, y la que le permit\u00eda circular por todo el pa\u00eds con cargas y pasajeros.<\/p>\n<div class=\"visual__image image-full-width\"><picture><source srcset=\"https:\/\/www.infobae.com\/resizer\/v2\/UZHOMP5BJBFKZIIM6NJAAAVJFE.jpg?auth=5f88de48d2220e51326ffdf7dd5a58a81d892d12be4fa8eb558e0c1f91191b64&amp;smart=true&amp;width=1200&amp;height=675&amp;quality=85\" media=\"(min-width: 1200px)\" \/><source srcset=\"https:\/\/www.infobae.com\/resizer\/v2\/UZHOMP5BJBFKZIIM6NJAAAVJFE.jpg?auth=5f88de48d2220e51326ffdf7dd5a58a81d892d12be4fa8eb558e0c1f91191b64&amp;smart=true&amp;width=992&amp;height=558&amp;quality=85\" media=\"(min-width: 1000px)\" \/><source srcset=\"https:\/\/www.infobae.com\/resizer\/v2\/UZHOMP5BJBFKZIIM6NJAAAVJFE.jpg?auth=5f88de48d2220e51326ffdf7dd5a58a81d892d12be4fa8eb558e0c1f91191b64&amp;smart=true&amp;width=768&amp;height=432&amp;quality=85\" media=\"(min-width: 768px)\" \/><source srcset=\"https:\/\/www.infobae.com\/resizer\/v2\/UZHOMP5BJBFKZIIM6NJAAAVJFE.jpg?auth=5f88de48d2220e51326ffdf7dd5a58a81d892d12be4fa8eb558e0c1f91191b64&amp;smart=true&amp;width=577&amp;height=325&amp;quality=85\" media=\"(min-width: 580px)\" \/><source srcset=\"https:\/\/www.infobae.com\/resizer\/v2\/UZHOMP5BJBFKZIIM6NJAAAVJFE.jpg?auth=5f88de48d2220e51326ffdf7dd5a58a81d892d12be4fa8eb558e0c1f91191b64&amp;smart=true&amp;width=420&amp;height=236&amp;quality=85\" media=\"(min-width: 350px)\" \/><source srcset=\"https:\/\/www.infobae.com\/resizer\/v2\/UZHOMP5BJBFKZIIM6NJAAAVJFE.jpg?auth=5f88de48d2220e51326ffdf7dd5a58a81d892d12be4fa8eb558e0c1f91191b64&amp;smart=true&amp;width=350&amp;height=197&amp;quality=85\" media=\"(min-width: 80px)\" \/><img loading=\"lazy\" decoding=\"async\" class=\"global-image\" src=\"https:\/\/www.infobae.com\/resizer\/v2\/UZHOMP5BJBFKZIIM6NJAAAVJFE.jpg?auth=5f88de48d2220e51326ffdf7dd5a58a81d892d12be4fa8eb558e0c1f91191b64&amp;smart=true&amp;width=350&amp;height=197&amp;quality=85\" alt=\"Las RTO y VTV se\" width=\"1920\" height=\"1082\" \/><\/picture><span style=\"font-size: 8pt;\"><strong>Las RTO y VTV se podr\u00e1n hacer en concesionarias oficiales y talleres autorizados<\/strong><\/span><\/div>\n<div class=\"headline-wrapper\">\n<h2 class=\"header headline-class-h2\">4- Desregulaci\u00f3n de las Revisiones T\u00e9cnicas<\/h2>\n<\/div>\n<p class=\"paragraph\" data-mrf-recirculation=\"Links inline\">Apertura de las\u00a0<b>Revisiones T\u00e9cnicas Obligatorias (RTO)<\/b>, tambi\u00e9n llamadas Verificaci\u00f3n T\u00e9cnica Vehicular\u00a0<b>(VTV)<\/b>\u00a0o Inspecci\u00f3n T\u00e9cnica Vehicular\u00a0<b>(ITV)<\/b>\u00a0en distintas jurisdicciones. Ahora, siempre que se cumpla con los requisitos a nivel t\u00e9cnico y de instalaciones, se podr\u00e1n registrar\u00a0<b>nuevos espacios privados<\/b>\u00a0donde hacer las inspecciones, que ahora podr\u00e1n efectuarse en concesionarios oficiales y talleres autorizados.<\/p>\n<p class=\"paragraph\" data-mrf-recirculation=\"Links inline\">Las RTO, tanto las plantas de autos particulares como las de transporte pesado, de cargas y pasajeros,\u00a0<b>no tendr\u00e1n una tarifa \u00fanica oficial<\/b>\u00a0en las jurisdicciones que adhieran a esta reforma de la Ley Nacional de Tr\u00e1nsito. Las RTO tendr\u00e1n una certificaci\u00f3n f\u00edsica como es actualmente con una oblea pero tambi\u00e9n una\u00a0<b>certificaci\u00f3n digital en la plataforma \u201cMi Argentina\u201d<\/b>, del mismo modo que hoy se puede exhibir la c\u00e9dula verde, la licencia de conducir o la autorizaci\u00f3n de manejo a un tercero.<\/p>\n<div class=\"headline-wrapper\">\n<h2 class=\"header headline-class-h2\">5- Rutas Nacionales con peaje autom\u00e1tico<\/h2>\n<\/div>\n<p class=\"paragraph\" data-mrf-recirculation=\"Links inline\">Las\u00a0<b>rutas nacionales adoptar\u00e1n peajes libres de cabinas y con cobro autom\u00e1tico.<\/b>\u00a0Este programa tendr\u00e1 un modo de aplicaci\u00f3n progresivo que consta de tres etapas. En la primera etapa, que llegar\u00e1 hasta el\u00a0<b>31 de diciembre de 2025<\/b>, al menos una cabina de cada estaci\u00f3n de peaje de las rutas nacionales tendr\u00e1 que tener el sistema de cobro autom\u00e1tico conocido como Telepase.<\/p>\n<p class=\"paragraph\" data-mrf-recirculation=\"Links inline\">En una segunda etapa, que finaliza el\u00a0<b>31 de diciembre de 2026<\/b>, al menos la mitad de los peajes de todas las rutas nacionales tendr\u00e1n que tener paso libre tipo \u201cfree flow\u201d, sin cabina, y la otra mitad con cabinas pero sin barrera y con pago autom\u00e1tico. Finalmente, el\u00a0<b>30 de junio de 2027<\/b>, todas las rutas nacionales deber\u00e1n tener exclusivamente son sistemas free flow.<\/p>\n<div class=\"visual__image image-full-width\"><picture><source srcset=\"https:\/\/www.infobae.com\/resizer\/v2\/KZIXLEQRI5H7HGVJB2B5JEEAGE.jpeg?auth=dbbb3138e9e1f0dd78fd835db8af5851db1ea7006161ad292e2243f6908018dc&amp;smart=true&amp;width=1200&amp;height=800&amp;quality=85\" media=\"(min-width: 1200px)\" \/><source srcset=\"https:\/\/www.infobae.com\/resizer\/v2\/KZIXLEQRI5H7HGVJB2B5JEEAGE.jpeg?auth=dbbb3138e9e1f0dd78fd835db8af5851db1ea7006161ad292e2243f6908018dc&amp;smart=true&amp;width=992&amp;height=661&amp;quality=85\" media=\"(min-width: 1000px)\" \/><source srcset=\"https:\/\/www.infobae.com\/resizer\/v2\/KZIXLEQRI5H7HGVJB2B5JEEAGE.jpeg?auth=dbbb3138e9e1f0dd78fd835db8af5851db1ea7006161ad292e2243f6908018dc&amp;smart=true&amp;width=768&amp;height=512&amp;quality=85\" media=\"(min-width: 768px)\" \/><source srcset=\"https:\/\/www.infobae.com\/resizer\/v2\/KZIXLEQRI5H7HGVJB2B5JEEAGE.jpeg?auth=dbbb3138e9e1f0dd78fd835db8af5851db1ea7006161ad292e2243f6908018dc&amp;smart=true&amp;width=577&amp;height=385&amp;quality=85\" media=\"(min-width: 580px)\" \/><source srcset=\"https:\/\/www.infobae.com\/resizer\/v2\/KZIXLEQRI5H7HGVJB2B5JEEAGE.jpeg?auth=dbbb3138e9e1f0dd78fd835db8af5851db1ea7006161ad292e2243f6908018dc&amp;smart=true&amp;width=420&amp;height=280&amp;quality=85\" media=\"(min-width: 350px)\" \/><source srcset=\"https:\/\/www.infobae.com\/resizer\/v2\/KZIXLEQRI5H7HGVJB2B5JEEAGE.jpeg?auth=dbbb3138e9e1f0dd78fd835db8af5851db1ea7006161ad292e2243f6908018dc&amp;smart=true&amp;width=350&amp;height=233&amp;quality=85\" media=\"(min-width: 80px)\" \/><img loading=\"lazy\" decoding=\"async\" class=\"global-image\" src=\"https:\/\/www.infobae.com\/resizer\/v2\/KZIXLEQRI5H7HGVJB2B5JEEAGE.jpeg?auth=dbbb3138e9e1f0dd78fd835db8af5851db1ea7006161ad292e2243f6908018dc&amp;smart=true&amp;width=350&amp;height=233&amp;quality=85\" alt=\"Las Rutas Nacionales tendr\u00e1n que\" width=\"1600\" height=\"1066\" \/><\/picture><span style=\"font-size: 8pt;\"><strong>Las Rutas Nacionales tendr\u00e1n que tener peajes tipo Free Flow para el 30 de junio de 2027<\/strong><\/span><\/div>\n<div class=\"headline-wrapper\">\n<h2 class=\"header headline-class-h2\">6- Incorporaci\u00f3n de la conducci\u00f3n aut\u00f3noma<\/h2>\n<\/div>\n<p class=\"paragraph\" data-mrf-recirculation=\"Links inline\">Se adec\u00faa la normativa para permitir la circulaci\u00f3n de veh\u00edculos de conducci\u00f3n aut\u00f3noma. Lo que se hace con esta incorporaci\u00f3n es\u00a0<b>aceptar que la conducci\u00f3n pueda no ser realizada por un conductor humano.<\/b>\u00a0Si bien todav\u00eda el sistema de conducci\u00f3n aut\u00f3noma en todo el mundo apenas est\u00e1 llegando a aceptar el Nivel 3 (de una escala de cinco niveles), esto s\u00f3lo ocurre en muy pocos tramos de ciertas rutas en\u00a0<b>Alemania, Jap\u00f3n y algunos estados norteamericanos.<\/b><\/p>\n<p class=\"paragraph\" data-mrf-recirculation=\"Links inline\">Adecuar la norma en Argentina, en esta etapa, s\u00f3lo\u00a0<b>contempla algo que no estaba incorporado\u00a0<\/b>a la legislaci\u00f3n del tr\u00e1nsito en la v\u00eda p\u00fablica para cuando en el futuro esa tecnolog\u00eda sea masiva y pueda llegar a todo el mundo.<\/p>\n<div class=\"headline-wrapper\">\n<h2 class=\"header headline-class-h2\">7- Licencia de conducir sin vencimiento<\/h2>\n<\/div>\n<p class=\"paragraph\" data-mrf-recirculation=\"Links inline\">La\u00a0<b>Licencia Nacional de Conducir ser\u00e1 digital y no tendr\u00e1 vencimiento.<\/b>\u00a0S\u00f3lo se requerir\u00e1 una renovaci\u00f3n del estado\u00a0<b>psicof\u00edsico<\/b>\u00a0de los conductores, el cual podr\u00e1 ser emitido s\u00f3lo por profesionales de organismos p\u00fablicos o privados, que est\u00e9n registrados para realizar esa certificaci\u00f3n. Desde la primera licencia, la actualizaci\u00f3n de los datos psicof\u00edsicos\u00a0<b>ser\u00e1 necesaria a cada 5 a\u00f1os<\/b>. Quienes tengan\u00a0<b>m\u00e1s de 65 a\u00f1os<\/b>\u00a0y menos de 70, deber\u00e1n hacerla\u00a0<b>cada 3 a\u00f1os.<\/b>\u00a0Las personas de\u00a0<b>m\u00e1s de 70 a\u00f1os lo har\u00e1n anualmente.<\/b><\/p>\n<p class=\"paragraph\" data-mrf-recirculation=\"Links inline\">La licencia f\u00edsica continuar\u00e1 emiti\u00e9ndose s\u00f3lo como un documento optativo, pero\u00a0<b>la licencia v\u00e1lida ser\u00e1 la de formato digital que se encontrar\u00e1 entre los documentos oficiales de la aplicaci\u00f3n \u201cMi Argentina\u201d<\/b>. La actualizaci\u00f3n del estado psicof\u00edsico se har\u00e1 de manera remota y digital e impactar\u00e1 autom\u00e1ticamente en la licencia de conducir digital.<\/p>\n<div class=\"visual__image image-full-width\"><picture><source srcset=\"https:\/\/www.infobae.com\/resizer\/v2\/JM6XWIXF5FBXNIXERPNZJEHSVI.jpg?auth=5fec43696f975bf7a7475db0a6ec763e6617f6a49f4a51dce6f26bc76d362dd3&amp;smart=true&amp;width=1200&amp;height=675&amp;quality=85\" media=\"(min-width: 1200px)\" \/><source srcset=\"https:\/\/www.infobae.com\/resizer\/v2\/JM6XWIXF5FBXNIXERPNZJEHSVI.jpg?auth=5fec43696f975bf7a7475db0a6ec763e6617f6a49f4a51dce6f26bc76d362dd3&amp;smart=true&amp;width=992&amp;height=558&amp;quality=85\" media=\"(min-width: 1000px)\" \/><source srcset=\"https:\/\/www.infobae.com\/resizer\/v2\/JM6XWIXF5FBXNIXERPNZJEHSVI.jpg?auth=5fec43696f975bf7a7475db0a6ec763e6617f6a49f4a51dce6f26bc76d362dd3&amp;smart=true&amp;width=768&amp;height=432&amp;quality=85\" media=\"(min-width: 768px)\" \/><source srcset=\"https:\/\/www.infobae.com\/resizer\/v2\/JM6XWIXF5FBXNIXERPNZJEHSVI.jpg?auth=5fec43696f975bf7a7475db0a6ec763e6617f6a49f4a51dce6f26bc76d362dd3&amp;smart=true&amp;width=577&amp;height=325&amp;quality=85\" media=\"(min-width: 580px)\" \/><source srcset=\"https:\/\/www.infobae.com\/resizer\/v2\/JM6XWIXF5FBXNIXERPNZJEHSVI.jpg?auth=5fec43696f975bf7a7475db0a6ec763e6617f6a49f4a51dce6f26bc76d362dd3&amp;smart=true&amp;width=420&amp;height=236&amp;quality=85\" media=\"(min-width: 350px)\" \/><source srcset=\"https:\/\/www.infobae.com\/resizer\/v2\/JM6XWIXF5FBXNIXERPNZJEHSVI.jpg?auth=5fec43696f975bf7a7475db0a6ec763e6617f6a49f4a51dce6f26bc76d362dd3&amp;smart=true&amp;width=350&amp;height=197&amp;quality=85\" media=\"(min-width: 80px)\" \/><img loading=\"lazy\" decoding=\"async\" class=\"global-image\" src=\"https:\/\/www.infobae.com\/resizer\/v2\/JM6XWIXF5FBXNIXERPNZJEHSVI.jpg?auth=5fec43696f975bf7a7475db0a6ec763e6617f6a49f4a51dce6f26bc76d362dd3&amp;smart=true&amp;width=350&amp;height=197&amp;quality=85\" alt=\"La Licencia Nacional de Conducir\" width=\"1920\" height=\"1080\" \/><\/picture><span style=\"font-size: 8pt;\"><strong>La Licencia Nacional de Conducir ser\u00e1 digital y se deber\u00e1 renovar \u00fanicamente la condici\u00f3n psicof\u00edsica cada 5 a\u00f1os<\/strong><\/span><\/div>\n<div class=\"headline-wrapper\">\n<h2 class=\"header headline-class-h2\">8- Eliminaci\u00f3n de la renovaci\u00f3n inicial<\/h2>\n<\/div>\n<p class=\"paragraph\" data-mrf-recirculation=\"Links inline\">Tambi\u00e9n se elimina la obligaci\u00f3n de renovaci\u00f3n al cumplirse el primer a\u00f1o de la licencia de conducir inicial. Sin embargo,\u00a0<b>si en el transcurso de los dos primeros a\u00f1os<\/b>\u00a0un conductor comete infracciones graves, se puede\u00a0<b>suspender su licencia<\/b>\u00a0y el conductor tendr\u00e1 que rendir el examen completo para recuperarla.<\/p>\n<div class=\"headline-wrapper\">\n<h2 class=\"header headline-class-h2\">9- Eliminaci\u00f3n de la renovaci\u00f3n ante cambio de domicilio<\/h2>\n<\/div>\n<p class=\"paragraph\" data-mrf-recirculation=\"Links inline\">Dentro de la reforma que implica la licencia de conducir profesional, queda eliminada tambi\u00e9n la obligaci\u00f3n de<b>\u00a0renovar la licencia ante un cambio de jurisdicci\u00f3n<\/b>\u00a0en el domicilio del titular. Hasta ahora, aun cuando la licencia no hubiera vencido, si un conductor o chofer profesional cambiaba su domicilio en el\u00a0<b>Documento Nacional de Identidad<\/b>, por otro en otra ciudad o provincia, deb\u00eda renovar su licencia de conducir tambi\u00e9n por una de su nueva jurisdicci\u00f3n.<\/p>\n<div class=\"headline-wrapper\">\n<h2 class=\"header headline-class-h2\">10- Elevaci\u00f3n de est\u00e1ndares de seguridad<\/h2>\n<\/div>\n<p class=\"paragraph\" data-mrf-recirculation=\"Links inline\">El \u00faltimo punto est\u00e1 referido a importaciones de\u00a0<b>autopartes y cascos de motos<\/b>. En ambos casos se establecen\u00a0<b>normas IRAM<\/b>\u00a0como est\u00e1ndares de calidad m\u00ednima en elementos de seguridad en general y en cascos de motocicletas en particular, promoviendo una circulaci\u00f3n m\u00e1s segura en la v\u00eda p\u00fablica.<\/p>\n<div class=\"rawHTML raw_html \">\n<div class=\"container-video\"><iframe loading=\"lazy\" src=\"https:\/\/drive.google.com\/file\/d\/1H-6IS8COTPVMWHs6rTuJg__t5rP4gdHx\/preview\" width=\"100%\" height=\"480\" data-mce-fragment=\"1\"><\/iframe><\/div>\n<\/div>\n<div class=\"second-saved-buttons\">\n<div class=\"body-share-note\"><\/div>\n<\/div>\n<\/div>\n<\/article>\n","protected":false},"excerpt":{"rendered":"<p>Los 10 cambios que deber\u00e1n tener en cuenta los automovilistas. Licencias de conducir sin vencimiento, VTV en talleres particulares, peajes sin cabinas en todo el pa\u00eds y homologaci\u00f3n autom\u00e1tica de autos importados con certificaciones internacionales, son los puntos m\u00e1s salientes del anuncio publicado en el Bolet\u00edn Oficial. Luego de un a\u00f1o de trabajo intenso, el &hellip;<\/p>\n","protected":false},"author":2,"featured_media":6467,"comment_status":"open","ping_status":"open","sticky":false,"template":"","format":"standard","meta":{"footnotes":""},"categories":[54,33],"tags":[1586],"class_list":["post-6465","post","type-post","status-publish","format-standard","has-post-thumbnail","hentry","category-interes-ganeral","category-nacionales","tag-ley-nacional-de-transito"],"_links":{"self":[{"href":"https:\/\/cafeprensa.com.ar\/index.php\/wp-json\/wp\/v2\/posts\/6465","targetHints":{"allow":["GET"]}}],"collection":[{"href":"https:\/\/cafeprensa.com.ar\/index.php\/wp-json\/wp\/v2\/posts"}],"about":[{"href":"https:\/\/cafeprensa.com.ar\/index.php\/wp-json\/wp\/v2\/types\/post"}],"author":[{"embeddable":true,"href":"https:\/\/cafeprensa.com.ar\/index.php\/wp-json\/wp\/v2\/users\/2"}],"replies":[{"embeddable":true,"href":"https:\/\/cafeprensa.com.ar\/index.php\/wp-json\/wp\/v2\/comments?post=6465"}],"version-history":[{"count":1,"href":"https:\/\/cafeprensa.com.ar\/index.php\/wp-json\/wp\/v2\/posts\/6465\/revisions"}],"predecessor-version":[{"id":6468,"href":"https:\/\/cafeprensa.com.ar\/index.php\/wp-json\/wp\/v2\/posts\/6465\/revisions\/6468"}],"wp:featuredmedia":[{"embeddable":true,"href":"https:\/\/cafeprensa.com.ar\/index.php\/wp-json\/wp\/v2\/media\/6467"}],"wp:attachment":[{"href":"https:\/\/cafeprensa.com.ar\/index.php\/wp-json\/wp\/v2\/media?parent=6465"}],"wp:term":[{"taxonomy":"category","embeddable":true,"href":"https:\/\/cafeprensa.com.ar\/index.php\/wp-json\/wp\/v2\/categories?post=6465"},{"taxonomy":"post_tag","embeddable":true,"href":"https:\/\/cafeprensa.com.ar\/index.php\/wp-json\/wp\/v2\/tags?post=6465"}],"curies":[{"name":"wp","href":"https:\/\/api.w.org\/{rel}","templated":true}]}}