{"id":6475,"date":"2025-03-18T11:51:08","date_gmt":"2025-03-18T10:51:08","guid":{"rendered":"https:\/\/cafeprensa.com.ar\/?p=6475"},"modified":"2025-03-18T11:51:22","modified_gmt":"2025-03-18T10:51:22","slug":"impulsan-la-creacion-del-registro-nacional-de-deudores-alimentarios","status":"publish","type":"post","link":"https:\/\/cafeprensa.com.ar\/index.php\/2025\/03\/18\/impulsan-la-creacion-del-registro-nacional-de-deudores-alimentarios\/","title":{"rendered":"Impulsan la creaci\u00f3n del Registro Nacional de Deudores Alimentarios"},"content":{"rendered":"<div class=\"post-content\">\n<p>El proyecto tuvo media sanci\u00f3n en Diputados en 2022, pero no fue tratado en el Senado. Ahora vuelven a presentarlo con el objetivo que se pueda centralizar toda la informaci\u00f3n.<\/p>\n<\/div>\n<div class=\"contenido-post\">\n<p>La diputada nacional por Santa Cruz\u00a0<strong>Roxana Reyes<\/strong>\u00a0(UCR) present\u00f3 nuevamente el proyecto de ley para la creaci\u00f3n del <strong>Registro Nacional de Deudores Alimentarios Morosos (ReNDAM)<\/strong>, una iniciativa que busca garantizar el cumplimiento de las obligaciones alimentarias y evitar que los responsables de estas deudas eludan sus obligaciones. El proyecto, que hab\u00eda obtenido media sanci\u00f3n en la <strong>C\u00e1mara de Diputados en 2022<\/strong>, pero perdi\u00f3 estado parlamentario al no ser tratado en el Senado, propone la conformaci\u00f3n de una base de datos unificada y de acceso p\u00fablico dentro del \u00e1mbito del <strong>Ministerio de Justicia de la Naci\u00f3n.<\/strong><\/p>\n<p><strong>\u201cEl objetivo del proyecto es la creaci\u00f3n de un registro unificado a nivel nacional que permita centralizar la informaci\u00f3n, evitando que los deudores eludan sus responsabilidades cambiando de provincia o haciendo uso de vac\u00edos administrativos\u201d,<\/strong> explic\u00f3 la diputada.<\/p>\n<p><strong>Medidas concretas para evitar el incumplimiento<\/strong><\/p>\n<p>Entre las principales disposiciones del proyecto, se establece que los deudores inscriptos en el ReNDAM enfrentar\u00e1n restricciones para realizar tr\u00e1mites esenciales como la renovaci\u00f3n de la licencia de conducir, la apertura de cuentas bancarias, la obtenci\u00f3n de pasaporte o la inscripci\u00f3n como proveedores del Estado. Adem\u00e1s, se les prohibir\u00e1 el ingreso a espect\u00e1culos deportivos y juegos de azar, una medida que ya ha sido aplicada en otros pa\u00edses con buenos resultados.<\/p>\n<p><strong>\u201cCon este proyecto, se vincular\u00e1 la infracci\u00f3n del progenitor con tr\u00e1mites esenciales como la obtenci\u00f3n de licencias, habilitaciones comerciales o inscripci\u00f3n en organismos p\u00fablicos. De esta manera, se fortalecer\u00e1 el cumplimiento de las obligaciones alimentarias mediante medidas de coacci\u00f3n efectiva y progresiva\u201d,<\/strong> sostuvo la legisladora.<\/p>\n<p><img loading=\"lazy\" decoding=\"async\" class=\"alignnone wp-image-6476 size-large\" src=\"https:\/\/cafeprensa.com.ar\/wp-content\/uploads\/2025\/03\/60d8e0c63584fe778cdaa78d6642ec8e-1024x678.jpg\" alt=\"\" width=\"1024\" height=\"678\" srcset=\"https:\/\/cafeprensa.com.ar\/wp-content\/uploads\/2025\/03\/60d8e0c63584fe778cdaa78d6642ec8e-1024x678.jpg 1024w, https:\/\/cafeprensa.com.ar\/wp-content\/uploads\/2025\/03\/60d8e0c63584fe778cdaa78d6642ec8e-300x199.jpg 300w, https:\/\/cafeprensa.com.ar\/wp-content\/uploads\/2025\/03\/60d8e0c63584fe778cdaa78d6642ec8e-768x509.jpg 768w, https:\/\/cafeprensa.com.ar\/wp-content\/uploads\/2025\/03\/60d8e0c63584fe778cdaa78d6642ec8e.jpg 1280w\" sizes=\"auto, (max-width: 1024px) 100vw, 1024px\" \/><\/p>\n<p><strong>Un problema estructural en Argentina<\/strong><\/p>\n<p>El incumplimiento de las obligaciones alimentarias es una problem\u00e1tica recurrente en Argentina. Seg\u00fan diversas estimaciones, m\u00e1s del 60% de los progenitores que deben pagar cuota alimentaria no cumplen en tiempo y forma. En muchos casos, esta situaci\u00f3n se traduce en dificultades econ\u00f3micas severas para los hogares monoparentales, mayormente encabezados por mujeres.<\/p>\n<p>Roxana Reyes destac\u00f3 que <strong>\u201cel proyecto busca garantizar que los progenitores cumplan con sus obligaciones alimentarias y que no exista una dispersi\u00f3n de registros en el pa\u00eds\u201d<\/strong> ya que actualmente hay registros de esta naturaleza en algunas provincias. En este sentido, la diputada insisti\u00f3 en la necesidad de una herramienta legislativa que permita unificar la informaci\u00f3n de todas las jurisdicciones y cerrar las brechas que permiten que los deudores escapen de sus responsabilidades.<strong>\u201cLa cuota alimentaria no es una decisi\u00f3n de los padres, es un derecho del ni\u00f1o\u201d<\/strong>, enfatiz\u00f3 Roxana Reyes, remarcando el compromiso del Estado en garantizar estos derechos.<\/p>\n<p>El proyecto cuenta con el respaldo de un grupo de diputados de Juntos por el Cambio, entre ellos\u00a0<strong>Fabio Quetglas, Soledad Carrizo, Lisandro Nieri, Gabriela Brouwer de Koning, Pamela Verasay, Gerardo Cipolini, Julio Cobos, Ana Clara Romero, Alida Ferreyra, Mar\u00eda Sotolano<\/strong>\u00a0y\u00a0<strong>Marcela Campagnoli.<\/strong><\/p>\n<p>Roxana Reyes record\u00f3 que experiencias similares han sido exitosas en pa\u00edses como M\u00e9xico, Uruguay y Paraguay, donde los registros nacionales de deudores alimentarios han contribuido a reducir significativamente los niveles de incumplimiento.<strong>\u201cLa creaci\u00f3n del ReNDAM no solo es un avance en la protecci\u00f3n de los derechos de la infancia, sino que tambi\u00e9n es un paso fundamental hacia una sociedad m\u00e1s justa y equitativa, donde el bienestar de los ni\u00f1os y ni\u00f1as no dependa de la voluntad de quien debe cumplir con su responsabilidad\u201d<\/strong>, concluy\u00f3 la legisladora.<\/p>\n<p>El debate sobre la implementaci\u00f3n del <strong>Registro Nacional de Deudores Alimentarios Morosos<\/strong> promete ser un eje central en la agenda legislativa de este a\u00f1o, y su aprobaci\u00f3n definitiva depender\u00e1 del consenso que logre reunir en ambas c\u00e1maras del Congreso.<\/p>\n<\/div>\n","protected":false},"excerpt":{"rendered":"<p>El proyecto tuvo media sanci\u00f3n en Diputados en 2022, pero no fue tratado en el Senado. Ahora vuelven a presentarlo con el objetivo que se pueda centralizar toda la informaci\u00f3n. La diputada nacional por Santa Cruz\u00a0Roxana Reyes\u00a0(UCR) present\u00f3 nuevamente el proyecto de ley para la creaci\u00f3n del Registro Nacional de Deudores Alimentarios Morosos (ReNDAM), una &hellip;<\/p>\n","protected":false},"author":2,"featured_media":6477,"comment_status":"open","ping_status":"open","sticky":false,"template":"","format":"standard","meta":{"footnotes":""},"categories":[54,33],"tags":[1589,1588],"class_list":["post-6475","post","type-post","status-publish","format-standard","has-post-thumbnail","hentry","category-interes-ganeral","category-nacionales","tag-roxana-reyes","tag-santa-cruz"],"_links":{"self":[{"href":"https:\/\/cafeprensa.com.ar\/index.php\/wp-json\/wp\/v2\/posts\/6475","targetHints":{"allow":["GET"]}}],"collection":[{"href":"https:\/\/cafeprensa.com.ar\/index.php\/wp-json\/wp\/v2\/posts"}],"about":[{"href":"https:\/\/cafeprensa.com.ar\/index.php\/wp-json\/wp\/v2\/types\/post"}],"author":[{"embeddable":true,"href":"https:\/\/cafeprensa.com.ar\/index.php\/wp-json\/wp\/v2\/users\/2"}],"replies":[{"embeddable":true,"href":"https:\/\/cafeprensa.com.ar\/index.php\/wp-json\/wp\/v2\/comments?post=6475"}],"version-history":[{"count":2,"href":"https:\/\/cafeprensa.com.ar\/index.php\/wp-json\/wp\/v2\/posts\/6475\/revisions"}],"predecessor-version":[{"id":6479,"href":"https:\/\/cafeprensa.com.ar\/index.php\/wp-json\/wp\/v2\/posts\/6475\/revisions\/6479"}],"wp:featuredmedia":[{"embeddable":true,"href":"https:\/\/cafeprensa.com.ar\/index.php\/wp-json\/wp\/v2\/media\/6477"}],"wp:attachment":[{"href":"https:\/\/cafeprensa.com.ar\/index.php\/wp-json\/wp\/v2\/media?parent=6475"}],"wp:term":[{"taxonomy":"category","embeddable":true,"href":"https:\/\/cafeprensa.com.ar\/index.php\/wp-json\/wp\/v2\/categories?post=6475"},{"taxonomy":"post_tag","embeddable":true,"href":"https:\/\/cafeprensa.com.ar\/index.php\/wp-json\/wp\/v2\/tags?post=6475"}],"curies":[{"name":"wp","href":"https:\/\/api.w.org\/{rel}","templated":true}]}}