{"id":6508,"date":"2025-03-19T12:50:18","date_gmt":"2025-03-19T11:50:18","guid":{"rendered":"https:\/\/cafeprensa.com.ar\/?p=6508"},"modified":"2025-03-19T12:50:32","modified_gmt":"2025-03-19T11:50:32","slug":"adorni-no-descarto-competir-en-las-elecciones","status":"publish","type":"post","link":"https:\/\/cafeprensa.com.ar\/index.php\/2025\/03\/19\/adorni-no-descarto-competir-en-las-elecciones\/","title":{"rendered":"Adorni no descart\u00f3 competir en las elecciones"},"content":{"rendered":"<div class=\"article__header max-width-md\">\n<p class=\"article__title\">Y les hizo un pedido a quienes marchan \u00ableg\u00edtimamente\u00bb \u00abSomos todos candidatos hasta el cierre de listas\u00bb, sugiri\u00f3 el vocero de Javier Milei, quien tambi\u00e9n se refiri\u00f3 al estado de salud del fot\u00f3grafo Pablo Grillo.<\/p>\n<\/div>\n<div class=\"col-fluid col-fluid-max col-fluid--clip\">\n<div class=\"article__main max-width-md\">\n<div class=\"article__wrapper\">\n<div id=\"article-content\" class=\"article__content standard\">\n<p>El vocero presidencial,\u00a0<a href=\"https:\/\/www.perfil.com\/noticias\/cordoba\/adorni-suenos-humedos-de-autocratas-y-crisis-del-periodismo.phtml\" target=\"_blank\" rel=\"noopener\"><strong>Manuel Adorni<\/strong><\/a>, asegur\u00f3 este martes 18 de marzo que\u00a0<strong>postularse como candidato a legislador porte\u00f1o\u00a0<\/strong>por\u00a0<a href=\"https:\/\/www.perfil.com\/noticias\/politica\/la-libertad-avanza-propone-eliminar-la-legislatura-de-santa-fe-ahorro-y-redistribucion-de-recursos.phtml\" target=\"_blank\" rel=\"noopener\">La Libertad Avanza (LLA)<\/a><strong>\u00a0\u201ces una posibilidad\u201d<\/strong>, pero remarc\u00f3 que la decisi\u00f3n final depende de\u00a0<a href=\"https:\/\/www.perfil.com\/noticias\/actualidad\/javier-milei-se-dio-un-golpe-mas-bien-un-porrazo.phtml\" target=\"_blank\" rel=\"noopener\">Javier Milei<\/a>. \u201c<strong>Somos todos candidatos hasta el cierre de listas.<\/strong>\u00a0Despu\u00e9s ya no depende de m\u00ed. Donde el presidente me necesite, ah\u00ed voy a estar\u201d, sugiri\u00f3.<\/p>\n<p>En medio de las cr\u00edticas por las consecuencias del operativo del mi\u00e9rcoles pasado, el vocero Adorni dio la sensaci\u00f3n de \u00abbajar un cambio\u00bb y valid\u00f3 y les habl\u00f3 a los manifestantes que este mi\u00e9rcoles se comporten \u00abpac\u00edficamente\u00bb<a href=\"https:\/\/www.perfil.com\/noticias\/politica\/nueva-marcha-de-jubilados-como-prepara-el-gobierno-el-nuevo-operativo-de-seguridad.phtml\" target=\"_blank\" rel=\"noopener\">\u00a0en la marcha en Congreso<\/a>. Aunque no se ahorr\u00f3 la cuota de advertencia. \u201cAquel que vaya a manifestarse pac\u00edficamente\u00a0<strong>y vea violencia, que se corra<\/strong>, porque las fuerzas de seguridad van a actuar. Si tienen que reprimir a los violentos, lo van a hacer\u201d, advirti\u00f3 en una entrevista en LN+<\/p>\n<p class=\"destacadoNota\"><a href=\"https:\/\/el%20gobierno%20ofrece%20una%20recompensa%20para%20quienes%20aporten%20datos%20sobre%20los%20autores%20de%20disturbios%20en%20el%20congreso\/\" target=\"_blank\" rel=\"noopener\">El Gobierno ofrece una recompensa para quienes aporten datos sobre los autores de disturbios en el Congreso<\/a><\/p>\n<p>Lo dijo en la previa de una nueva protesta de jubilados y diferentes sectores, despu\u00e9s de los incidentes de la semana pasada, con detenidos y varios heridos, entre ellos el fot\u00f3grafo\u00a0<a href=\"https:\/\/www.perfil.com\/noticias\/politica\/quien-es-pablo-grillo-el-fotografo-fusilado-por-la-policia-de-patricia-bullrich.phtml\" target=\"_blank\" rel=\"noopener\"><strong>Pablo Grillo<\/strong><\/a>, que una semana despu\u00e9s sigue internado en estado grave,<\/p>\n<p>\u00abLos que se manifiestan leg\u00edtimamente, independientemente de que podamos no estar de acuerdo con ellos,\u00a0<strong>merecen hacerlo en paz<\/strong>. Sin infiltrados, sin violencia, sin barras, sin tirapiedras, sin quemacoches\u201d, marc\u00f3 el vocero del gobierno de Javier Milei.<\/p>\n<div>\n<figure class=\"image pointer\" data-order=\"1\"><picture><source srcset=\"https:\/\/fotos.perfil.com\/\/2025\/03\/13\/440\/0\/pablo-grillo-1984186.jpg?webp\" media=\"(max-width: 440px)\" \/><source srcset=\"https:\/\/fotos.perfil.com\/\/2025\/03\/13\/712\/0\/pablo-grillo-1984186.jpg?webp\" media=\"(max-width: 1019px)\" \/><img decoding=\"async\" src=\"https:\/\/fotos.perfil.com\/\/2025\/03\/13\/900\/0\/pablo-grillo-1984186.jpg?webp\" alt=\"Pablo Grillo\" \/><\/picture><figcaption>Pablo Grillo sufri\u00f3 fractura de cr\u00e1neo y p\u00e9rdida de masa encef\u00e1lica<\/figcaption><\/figure>\n<\/div>\n<p><strong>Las advertencias de Adorni: \u00abAl\u00e9jense\u00bb<\/strong><\/p>\n<p>\u201c<strong>Hay un grupo de gente que ve la violencia como reemplazo de las urnas<\/strong>. Veremos si esos impresentables est\u00e1n ma\u00f1ana presentes en la marcha.\u00a0<strong>Los que vayan genuinamente al escenario de violencia, al\u00e9jense<\/strong>\u201d, avis\u00f3. El vocero presidencial asegur\u00f3: \u201c<strong>La gente no est\u00e1 dispuesta a entregarle la calle a los violentos<\/strong>. No es el Gobierno. El Gobierno act\u00faa en representaci\u00f3n de gente que no solo nos vot\u00f3, sino que, por m\u00e1s que no nos haya votado, en su mayor\u00eda no quiere violencia en las calles\u201d. El funcionario cuestion\u00f3: \u201c\u00bfQui\u00e9n defiende un patrullero incendiado, un piedrazo? Los violentos, nada m\u00e1s.\u00a0<strong>La gente de bien, que es la gran mayor\u00eda de los argentinos, quiere vivir en paz, caminar en paz, trabajar en paz<\/strong>.<\/p>\n<p><strong>\u201cEst\u00e1 claro que quieren que el Gobierno se termine, que el presidente Milei se vaya\u201d,<\/strong>\u00a0reconoci\u00f3 el vocero. \u201cEl tema es que no pueden entrar por los lugares que entran habitualmente a los gobiernos.\u00a0<strong>Por las urnas no pueden entrar ni van a poder entrar<\/strong>. El problema que tienen es que saben lo que les va a pasar, que no van a volver m\u00e1s\u201d, lanz\u00f3.<\/p>\n<p class=\"destacadoNota\"><a href=\"https:\/\/www.perfil.com\/noticias\/politica\/patricia-bullrich-identifico-a-las-29-personas-que-habrian-causado-los-disturbios-en-la-marcha-de-jubilados-y-pidio-su-detencion.phtml\" target=\"_blank\" rel=\"noopener\">Patricia Bullrich identific\u00f3 a 29 personas que habr\u00edan causado disturbios en la marcha de jubilados y pidi\u00f3 su detenci\u00f3n<\/a><\/p>\n<p>Entonces Adorni vincul\u00f3 la violencia registrada en protestas anteriores con el temor de ciertos partidos a perder poder en el futuro: \u201cEl miedo y la violencia no es por el hoy, es por el ma\u00f1ana. Es porque saben que no tienen posibilidades dentro del juego democr\u00e1tico.\u00a0<strong>Hay un sector de la vieja pol\u00edtica que no vuelve m\u00e1s\u00a0<\/strong>y lo saben. Es el sector de<strong>\u00a0la pol\u00edtica de tirapiedra<\/strong>\u201d. El vocero tambi\u00e9n se refiri\u00f3 a los reclamos de los manifestantes y descart\u00f3 que exista un escenario de crisis inminente para el Gobierno: \u201c<strong>Ya empez\u00f3 a crecer la econom\u00eda<\/strong>, ya est\u00e1 bajando la inflaci\u00f3n, y el acuerdo con el FMI est\u00e1 a puertas de ocurrir\u201d, celebr\u00f3. En este sentido, mientras amenazan con volver a reprimir la manifestaci\u00f3n fuera del Congreso, dentro del recinto este mi\u00e9rcoles una\u00a0<a href=\"https:\/\/www.perfil.com\/noticias\/politica\/el-gobierno-consiguio-los-votos-para-ratificar-este-miercoles-19-de-marzo-en-la-camara-de-diputados-el-dnu-sobre-el-acuerdo-con-el-fmi.phtml\" target=\"_blank\" rel=\"noopener\">sesi\u00f3n especial de la C\u00e1mara de Diputados discutir\u00e1 el DNU<\/a>\u00a0de Milei sobre el nuevo acuerdo con el FMI.<\/p>\n<p>Respecto a los rumores sobre una posible corrida cambiaria, Adorni desestim\u00f3 una posible crisis: \u201cLes recuerdo que Alberto (Fern\u00e1ndez) asumi\u00f3 con un d\u00f3lar de 60 y se fue con un d\u00f3lar de 1.200. Nosotros asumimos con un d\u00f3lar de 1.200. Estamos en un d\u00f3lar de 1.200 sin monedas.\u00a0<strong>Cuando vos ten\u00e9s una pol\u00edtica fiscal correcta y una pol\u00edtica monetaria correcta, m\u00e1s tarde o m\u00e1s temprano los resultados son buenos.\u00a0<\/strong>Y es lo que est\u00e1 pasando\u201d.<\/p>\n<p><span style=\"font-size: 8pt;\"><strong>https:\/\/www.perfil.com\/noticias\/politica\/manuel-adorni-hablo-de-su-posibilidad-de-presentarse-en-las-proximas-elecciones-y-se-refirio-al-estado-del-fotografo-pablo-grillo.phtml<\/strong><\/span><\/p>\n<\/div>\n<\/div>\n<\/div>\n<\/div>\n","protected":false},"excerpt":{"rendered":"<p>Y les hizo un pedido a quienes marchan \u00ableg\u00edtimamente\u00bb \u00abSomos todos candidatos hasta el cierre de listas\u00bb, sugiri\u00f3 el vocero de Javier Milei, quien tambi\u00e9n se refiri\u00f3 al estado de salud del fot\u00f3grafo Pablo Grillo. El vocero presidencial,\u00a0Manuel Adorni, asegur\u00f3 este martes 18 de marzo que\u00a0postularse como candidato a legislador porte\u00f1o\u00a0por\u00a0La Libertad Avanza (LLA)\u00a0\u201ces una &hellip;<\/p>\n","protected":false},"author":2,"featured_media":6509,"comment_status":"open","ping_status":"open","sticky":false,"template":"","format":"standard","meta":{"footnotes":""},"categories":[33,25],"tags":[1598,1050],"class_list":["post-6508","post","type-post","status-publish","format-standard","has-post-thumbnail","hentry","category-nacionales","category-politica","tag-adorni","tag-elecciones-2025"],"_links":{"self":[{"href":"https:\/\/cafeprensa.com.ar\/index.php\/wp-json\/wp\/v2\/posts\/6508","targetHints":{"allow":["GET"]}}],"collection":[{"href":"https:\/\/cafeprensa.com.ar\/index.php\/wp-json\/wp\/v2\/posts"}],"about":[{"href":"https:\/\/cafeprensa.com.ar\/index.php\/wp-json\/wp\/v2\/types\/post"}],"author":[{"embeddable":true,"href":"https:\/\/cafeprensa.com.ar\/index.php\/wp-json\/wp\/v2\/users\/2"}],"replies":[{"embeddable":true,"href":"https:\/\/cafeprensa.com.ar\/index.php\/wp-json\/wp\/v2\/comments?post=6508"}],"version-history":[{"count":2,"href":"https:\/\/cafeprensa.com.ar\/index.php\/wp-json\/wp\/v2\/posts\/6508\/revisions"}],"predecessor-version":[{"id":6511,"href":"https:\/\/cafeprensa.com.ar\/index.php\/wp-json\/wp\/v2\/posts\/6508\/revisions\/6511"}],"wp:featuredmedia":[{"embeddable":true,"href":"https:\/\/cafeprensa.com.ar\/index.php\/wp-json\/wp\/v2\/media\/6509"}],"wp:attachment":[{"href":"https:\/\/cafeprensa.com.ar\/index.php\/wp-json\/wp\/v2\/media?parent=6508"}],"wp:term":[{"taxonomy":"category","embeddable":true,"href":"https:\/\/cafeprensa.com.ar\/index.php\/wp-json\/wp\/v2\/categories?post=6508"},{"taxonomy":"post_tag","embeddable":true,"href":"https:\/\/cafeprensa.com.ar\/index.php\/wp-json\/wp\/v2\/tags?post=6508"}],"curies":[{"name":"wp","href":"https:\/\/api.w.org\/{rel}","templated":true}]}}