{"id":6512,"date":"2025-03-19T13:06:44","date_gmt":"2025-03-19T12:06:44","guid":{"rendered":"https:\/\/cafeprensa.com.ar\/?p=6512"},"modified":"2025-03-19T13:06:44","modified_gmt":"2025-03-19T12:06:44","slug":"velaron-los-restos-de-antonio-gasalla-en-el-teatro-maipo","status":"publish","type":"post","link":"https:\/\/cafeprensa.com.ar\/index.php\/2025\/03\/19\/velaron-los-restos-de-antonio-gasalla-en-el-teatro-maipo\/","title":{"rendered":"Velaron los restos de Antonio Gasalla en el Teatro Maipo"},"content":{"rendered":"<div class=\"lay --apertura\">\n<div class=\"row\">\n<div class=\"col-12\">\n<p class=\"com-title --font-primary --sixxl --font-extra\"><span style=\"font-size: 12pt;\">El capoc\u00f3mico, que ten\u00eda 84 a\u00f1os, fue velado en este espacio cultural del centro porte\u00f1o y honrado por su p\u00fablico y por la comunidad actoral. <\/span>Actor y creador de personajes entra\u00f1ables como La abuela, La empleada p\u00fablica, Soledad Solari, Mam\u00e1 Cora y B\u00e1rbara Don\u2019t Worry, entre muchos otros,\u00a0<a class=\"com-link\" title=\"Antonio Gasalla\" href=\"https:\/\/www.lanacion.com.ar\/espectaculos\/personajes\/murio-antonio-gasalla-el-retratista-mas-cruel-e-ironico-de-la-sociedad-argentina-nid18032025\/\" target=\"_self\" data-mrf-recirculation=\"n_link_parrafo\" data-mrf-link=\"https:\/\/www.lanacion.com.ar\/espectaculos\/personajes\/murio-antonio-gasalla-el-retratista-mas-cruel-e-ironico-de-la-sociedad-argentina-nid18032025\/\">Antonio Gasalla<\/a><strong>\u00a0<\/strong>fue\u00a0<strong>velado desde las 19 de este martes en el Teatro Maipo,\u00a0<\/strong>escenario en el que\u00a0<strong>brill\u00f3 como pocos.<\/strong>\u00a0En una despedida abierta al p\u00fablico, muchos de los actores que compartieron trabajos con \u00e9l, de sus amigos del medio y de quienes lo admiraron por su trabajo se acercaron para darle el \u00faltimo adi\u00f3s.<\/p>\n<\/div>\n<\/div>\n<\/div>\n<div class=\"lay-sidebar\">\n<div class=\"sidebar__main\">\n<section class=\"cuerpo__nota\">\n<div class=\"row\">\n<div class=\"col-deskxl-10 offset-deskxl-1 col-desksm-11\">\n<div class=\"row\">\n<div class=\"col-12\">\n<p class=\"com-paragraph   --s\">El empresario y productor teatral\u00a0<strong>Carlos Rottemberg<\/strong> fue uno de los primeros en llegar al Maipo. All\u00ed lo despidi\u00f3 el p\u00fablico y el mundo del espect\u00e1culo. Como Mar\u00eda Rosa, quien durante a\u00f1os visti\u00f3 al actor. <strong>Gasalla recurr\u00eda a ella, que hoy tiene un local en la Avenida Santa Fe, para el vestuario de personajes como Barbara don\u00b4t worry. \u201c\u2018Loca, \u00bfd\u00f3nde est\u00e1s?\u2019, me llamaba cada vez que cambiaba de local\u201d, cont\u00f3 Mar\u00eda Rosa\u00a0<\/strong><\/p>\n<div class=\"content-media\">\n<section class=\"mod-media --zoom  \" role=\"button\">\n<figure class=\"mod-figure \" role=\"button\">\n<div class=\"placeholder \">\n<div class=\"com-image\"><picture><source srcset=\"https:\/\/resizer.glanacion.com\/resizer\/v2\/el-empresario-teatral-carlos-rottemberg-quien-hoy-A2Y6MXTR5FBGRICDNJBFTX3OGA.jpg?auth=62461158787bf6df6ffc2b86dc91dfe554253fc98bc649ab8015512e9515ef16&amp;width=780&amp;height=519&amp;quality=70&amp;smart=true\" media=\"(min-width: 768px)\" \/><img loading=\"lazy\" decoding=\"async\" class=\"image flex com-image --cover\" src=\"https:\/\/resizer.glanacion.com\/resizer\/v2\/el-empresario-teatral-carlos-rottemberg-quien-hoy-A2Y6MXTR5FBGRICDNJBFTX3OGA.jpg?auth=62461158787bf6df6ffc2b86dc91dfe554253fc98bc649ab8015512e9515ef16&amp;width=420&amp;height=279&amp;quality=70&amp;smart=true\" alt=\"El empresario teatral Carlos Rottemberg, quien hoy dio la triste noticia del fallecimiento de Antonio Gasalla, a los 84 a\u00f1os\" width=\"1600\" height=\"1064\" \/><\/picture><\/div>\n<\/div><figcaption class=\"mod-figcaption\"><span style=\"font-size: 8pt;\"><strong><span class=\"com-text --caption --twoxs\">El empresario teatral Carlos Rottemberg, quien hoy dio la triste noticia del fallecimiento de Antonio Gasalla, a los 84 a\u00f1os<\/span><span class=\"com-text --credit --twoxs\">Gerardo Viercovich &#8211;\u00a0<\/span><\/strong><\/span><\/figcaption><\/figure>\n<\/section>\n<\/div>\n<p class=\"com-paragraph   --s\"><strong>\u201c\u00c9ramos familia,<\/strong>\u00a0durante 16 a\u00f1os hablamos todos los d\u00edas por tel\u00e9fono\u201d, dijo\u00a0<strong>Marcelo Polino,\u00a0<\/strong>uno de sus m\u00e1s cercanos amigos y quien estuvo con \u00e9l hasta el final de sus d\u00edas.<strong> \u201c\u00c9l en su casa y yo en la m\u00eda ve\u00edamos la tele y nos re cag\u00e1bamos de risa. \u2018Esto lo tenemos que grabar\u2019, dec\u00edamos. Para m\u00ed era familia. Los genios siempre van a estar, va a estar siempre ac\u00e1. Es un referente para muchas generaciones. A m\u00ed me ayud\u00f3 un mont\u00f3n, me ense\u00f1\u00f3 a escribir, a c\u00f3mo pararme en un escenario\u201d,<\/strong> agreg\u00f3.<\/p>\n<div class=\"content-media\">\n<section class=\"mod-media --zoom  \" role=\"button\">\n<figure class=\"mod-figure \" role=\"button\">\n<div class=\"placeholder \">\n<div class=\"com-image\"><picture><source srcset=\"https:\/\/resizer.glanacion.com\/resizer\/v2\/la-llegada-de-los-restos-de-antonio-gasalla-el-4TQBNGVE4BESLLS2NV3TFIDOAU.jpg?auth=26883dc1671e00365e616efc3c2994ebbb7da0088eecb20253811ee3b578ff37&amp;width=780&amp;height=519&amp;quality=70&amp;smart=true\" media=\"(min-width: 768px)\" \/><img loading=\"lazy\" decoding=\"async\" class=\"image flex com-image --cover\" src=\"https:\/\/resizer.glanacion.com\/resizer\/v2\/la-llegada-de-los-restos-de-antonio-gasalla-el-4TQBNGVE4BESLLS2NV3TFIDOAU.jpg?auth=26883dc1671e00365e616efc3c2994ebbb7da0088eecb20253811ee3b578ff37&amp;width=420&amp;height=279&amp;quality=70&amp;smart=true\" alt=\"La llegada de los restos de Antonio Gasalla. El capoc\u00f3mico fue despedido en el Teatro Maipo\" width=\"1600\" height=\"1064\" \/><\/picture><\/div>\n<\/div><figcaption class=\"mod-figcaption\"><span style=\"font-size: 8pt;\"><strong><span class=\"com-text --caption --twoxs\">La llegada de los restos de Antonio Gasalla. El capoc\u00f3mico fue despedido en el Teatro Maipo\u00a0<\/span><\/strong><\/span><\/figcaption><\/figure>\n<\/section>\n<\/div>\n<p class=\"com-paragraph   --s\"><strong>El actor Daniel Ar\u00e1oz<\/strong>\u00a0pas\u00f3 temprano por el teatro y<strong>\u00a0<\/strong>se\u00f1al\u00f3: \u201cVengo a despedir a un amigo con el que recorrimos mucho camino y siempre en el arte, en la actuaci\u00f3n. Y eso que \u00e9l transmit\u00eda, cuando empec\u00e9 a trabajar, que es la transgresi\u00f3n. Despu\u00e9s, la historia que vivimos juntos, que no la puedo resumir ac\u00e1. Trabajamos en diferentes \u00e9pocas. Me encant\u00f3 el viaje que nos propuso para llegar a este lugar, despedirlo en el teatro. No en la Legislatura. El teatro, que es nuestro lugar sagrado\u201d.<\/p>\n<div class=\"content-media\">\n<section class=\"mod-media --zoom  \" role=\"button\">\n<figure class=\"mod-figure \" role=\"button\">\n<div class=\"placeholder \">\n<div class=\"com-image\"><picture><source srcset=\"https:\/\/resizer.glanacion.com\/resizer\/v2\/daniel-araoz-vengo-a-despedir-a-un-TFLWWHVTFJFUZOKHQ5CMUAMCIY.jpg?auth=59001c6cd849154a8d4b055bb95ab2b57505494347b913cd2ea57206591d853b&amp;width=780&amp;height=519&amp;quality=70&amp;smart=true\" media=\"(min-width: 768px)\" \/><img loading=\"lazy\" decoding=\"async\" class=\"image flex com-image --cover\" src=\"https:\/\/resizer.glanacion.com\/resizer\/v2\/daniel-araoz-vengo-a-despedir-a-un-TFLWWHVTFJFUZOKHQ5CMUAMCIY.jpg?auth=59001c6cd849154a8d4b055bb95ab2b57505494347b913cd2ea57206591d853b&amp;width=420&amp;height=279&amp;quality=70&amp;smart=true\" alt=\"Daniel Ar\u00e1oz: &quot;Vengo a despedir a un amigo&quot;\" width=\"1600\" height=\"1064\" \/><\/picture><\/div>\n<\/div><figcaption class=\"mod-figcaption\"><span style=\"font-size: 8pt;\"><strong><span class=\"com-text --caption --twoxs\">Daniel Ar\u00e1oz: \u00abVengo a despedir a un amigo\u00bb<\/span><\/strong><\/span><\/figcaption><\/figure>\n<\/section>\n<\/div>\n<div class=\"content-media\">\n<section class=\"mod-media --zoom  \" role=\"button\">\n<figure class=\"mod-figure \" role=\"button\">\n<div class=\"placeholder \">\n<div class=\"com-image\"><picture><source srcset=\"https:\/\/resizer.glanacion.com\/resizer\/v2\/el-ataud-con-los-restos-de-antonio-gasalla-es-P3UYGDH4B5BGBMQ2HLOIVR3LOI.jpg?auth=fb2a579b00d8193a4e740f5cfc578cdf945b6c060a2ab4d868f1ba6ce57deeae&amp;width=780&amp;height=519&amp;quality=70&amp;smart=true\" media=\"(min-width: 768px)\" \/><img loading=\"lazy\" decoding=\"async\" class=\"image flex com-image --cover\" src=\"https:\/\/resizer.glanacion.com\/resizer\/v2\/el-ataud-con-los-restos-de-antonio-gasalla-es-P3UYGDH4B5BGBMQ2HLOIVR3LOI.jpg?auth=fb2a579b00d8193a4e740f5cfc578cdf945b6c060a2ab4d868f1ba6ce57deeae&amp;width=420&amp;height=279&amp;quality=70&amp;smart=true\" alt=\"El ata\u00fad con los restos de Antonio Gasalla es trasladado al interior del Teatro Maipo\" width=\"4256\" height=\"2832\" \/><\/picture><\/div>\n<\/div><figcaption class=\"mod-figcaption\"><span style=\"font-size: 8pt;\"><strong><span class=\"com-text --caption --twoxs\">El ata\u00fad con los restos de Antonio Gasalla es trasladado al interior del Teatro Maipo<\/span><\/strong><\/span><\/figcaption><\/figure>\n<\/section>\n<\/div>\n<div class=\"content-media\">\n<section class=\"mod-media --zoom  \" role=\"button\">\n<figure class=\"mod-figure \" role=\"button\">\n<div class=\"placeholder \">\n<div class=\"com-image\"><picture><source srcset=\"https:\/\/resizer.glanacion.com\/resizer\/v2\/adriana-aguirre-y-ricardo-garcia-en-el-velorio-de-O5MNGIZ2IFGPTDLINRTQXONNLI.jpg?auth=c44c67387d5ea4d0c381c02ae994d4294f7328a29672751786ef4572dafc9eb8&amp;width=780&amp;height=1170&amp;quality=70&amp;smart=true\" media=\"(min-width: 768px)\" \/><img loading=\"lazy\" decoding=\"async\" class=\"image flex com-image --cover\" src=\"https:\/\/resizer.glanacion.com\/resizer\/v2\/adriana-aguirre-y-ricardo-garcia-en-el-velorio-de-O5MNGIZ2IFGPTDLINRTQXONNLI.jpg?auth=c44c67387d5ea4d0c381c02ae994d4294f7328a29672751786ef4572dafc9eb8&amp;width=420&amp;height=630&amp;quality=70&amp;smart=true\" alt=\"Adriana Aguirre y Ricardo Garc\u00eda en el velorio de Antonio Gasalla\" width=\"1333\" height=\"2000\" \/><\/picture><\/div>\n<\/div><figcaption class=\"mod-figcaption\"><span style=\"font-size: 8pt;\"><strong><span class=\"com-text --caption --twoxs\">Adriana Aguirre y Ricardo Garc\u00eda en el velorio de Antonio Gasalla<\/span><\/strong><\/span><\/figcaption><\/figure>\n<\/section>\n<\/div>\n<p class=\"com-paragraph   --s\"><strong>Unos minutos despu\u00e9s de las 20.30 lleg\u00f3 al lugar la sobrina de Gasalla junto a su marido y sus dos hijos.<\/strong>\u00a0Con la idea de mantener el perfil bajo, opt\u00f3 por no hablar con la prensa y entr\u00f3 lo m\u00e1s r\u00e1pido que pudo al teatro. A lo largo de la velada, cada media hora, se escucharon aplausos dedicados al capoc\u00f3mico.<\/p>\n<p class=\"com-paragraph   --s\">Del brazo de\u00a0<strong>Ricardo Garc\u00eda,\u00a0<\/strong><mark class=\"hl_underline\"><strong>Adriana Aguirre<\/strong>\u00a0fue una de las primeras en llegar<\/mark>\u00a0y aprovech\u00f3 los micr\u00f3fonos para recordar su experiencia junto a Gasalla. <span style=\"font-size: 12pt;\"><strong>\u201cEstoy muy emocionada porque fui bastante amiga de Enrique Pinti y trabaj\u00e9 junto a Antonio Gasalla y Carlos Perciavalle en una pel\u00edcula con Moria Cas\u00e1n hace much\u00edsimos a\u00f1os. Ese fue mi debut con Gasalla. Luego hicimos much\u00edsimas cosas juntos\u201d<\/strong><\/span>, repas\u00f3.<\/p>\n<div class=\"content-media\">\n<section class=\"mod-media --zoom  \" role=\"button\">\n<figure class=\"mod-figure \" role=\"button\">\n<div class=\"placeholder \">\n<div class=\"com-image\"><picture><source srcset=\"https:\/\/resizer.glanacion.com\/resizer\/v2\/el-empresario-teatral-carlos-rottemberg-habla-con-SEO7JKDRBJHZ5CQXIBMJXZJMQ4.jpg?auth=d0f332ce9e01ad54deff370c000631b7dc04997dd7956597a6aad4bd14f6bb7e&amp;width=780&amp;height=519&amp;quality=70&amp;smart=true\" media=\"(min-width: 768px)\" \/><img loading=\"lazy\" decoding=\"async\" class=\"image flex com-image --cover\" src=\"https:\/\/resizer.glanacion.com\/resizer\/v2\/el-empresario-teatral-carlos-rottemberg-habla-con-SEO7JKDRBJHZ5CQXIBMJXZJMQ4.jpg?auth=d0f332ce9e01ad54deff370c000631b7dc04997dd7956597a6aad4bd14f6bb7e&amp;width=420&amp;height=279&amp;quality=70&amp;smart=true\" alt=\"El empresario teatral Carlos Rottemberg habla con los medios apostados en el Teatro Maipo\" width=\"1600\" height=\"1064\" \/><\/picture><\/div>\n<\/div><figcaption class=\"mod-figcaption\"><span style=\"font-size: 8pt;\"><strong><span class=\"com-text --caption --twoxs\">El empresario teatral Carlos Rottemberg habla con los medios apostados en el Teatro Maipo<\/span><\/strong><\/span><\/figcaption><\/figure>\n<\/section>\n<\/div>\n<div class=\"content-media\">\n<section class=\"mod-media --zoom  \" role=\"button\">\n<figure class=\"mod-figure \" role=\"button\">\n<div class=\"placeholder \">\n<div class=\"com-image\"><picture><source srcset=\"https:\/\/resizer.glanacion.com\/resizer\/v2\/marcelo-polino-en-su-llegada-al-estacionamiento-3TLWLSJVD5HWHCM6M3X2VSHICI.jpg?auth=e77e613575ff2ef25a86f0598557cd526f061cb616db42643ab2382013a5e9f2&amp;width=780&amp;height=519&amp;quality=70&amp;smart=true\" media=\"(min-width: 768px)\" \/><img loading=\"lazy\" decoding=\"async\" class=\"image flex com-image --cover\" src=\"https:\/\/resizer.glanacion.com\/resizer\/v2\/marcelo-polino-en-su-llegada-al-estacionamiento-3TLWLSJVD5HWHCM6M3X2VSHICI.jpg?auth=e77e613575ff2ef25a86f0598557cd526f061cb616db42643ab2382013a5e9f2&amp;width=420&amp;height=279&amp;quality=70&amp;smart=true\" alt=\"Marcelo Polino, en su llegada al estacionamiento del Maipo\" width=\"1600\" height=\"1064\" \/><\/picture><\/div>\n<\/div><figcaption class=\"mod-figcaption\"><span style=\"font-size: 8pt;\"><strong><span class=\"com-text --caption --twoxs\">Marcelo Polino, en su llegada al estacionamiento del Maipo<\/span><\/strong><\/span><\/figcaption><\/figure>\n<\/section>\n<\/div>\n<p class=\"com-paragraph   --s\">Lo primero que record\u00f3 Campi de Gasalla al llegar al Maipo fue su generosidad. El humorista explic\u00f3 que la \u00faltima vez que pudo hablar con \u00e9l fue durante el Mundial. \u201cNo estaba bien. Hac\u00eda rato que lo encontraba perdido\u201d, confes\u00f3, dolido. \u201cEn el Mundial nos juntamos la \u00faltima vez porque a \u00e9l no le gustaba el f\u00fatbol, a m\u00ed tampoco, y nos juntamos a chusmear\u201d, record\u00f3.<\/p>\n<div class=\"content-media\">\n<section class=\"mod-media --zoom  \" role=\"button\">\n<figure class=\"mod-figure \" role=\"button\">\n<div class=\"placeholder \">\n<div class=\"com-image\"><picture><source srcset=\"https:\/\/resizer.glanacion.com\/resizer\/v2\/el-teatro-maipo-escenario-que-tantas-veces-piso-NT7V63TAFVFU3EJGHRHRA5ALDM.jpg?auth=5482be1295450ed266c99c70df7445d693df1d6c7c116fb9668c9e7a09929b7e&amp;width=780&amp;height=519&amp;quality=70&amp;smart=true\" media=\"(min-width: 768px)\" \/><img loading=\"lazy\" decoding=\"async\" class=\"image flex com-image --cover\" src=\"https:\/\/resizer.glanacion.com\/resizer\/v2\/el-teatro-maipo-escenario-que-tantas-veces-piso-NT7V63TAFVFU3EJGHRHRA5ALDM.jpg?auth=5482be1295450ed266c99c70df7445d693df1d6c7c116fb9668c9e7a09929b7e&amp;width=420&amp;height=279&amp;quality=70&amp;smart=true\" alt=\"El Teatro Maipo, escenario que tantas veces pis\u00f3 Antoinio Gasalla, despide sus restos\" width=\"1600\" height=\"1064\" \/><\/picture><\/div>\n<\/div><figcaption class=\"mod-figcaption\"><span style=\"font-size: 8pt;\"><strong><span class=\"com-text --caption --twoxs\">El Teatro Maipo, escenario que tantas veces pis\u00f3 Antoinio Gasalla, despide sus restos<\/span><\/strong><\/span><\/figcaption><\/figure>\n<\/section>\n<\/div>\n<p class=\"com-paragraph   --s\">Georgina Barbarossa apur\u00f3 el paso ni bien pisaron el lugar. Nazareno Mottola, quien tuvo la oportunidad de trabajar en \u201cM\u00e1s respeto que soy tu madre\u201d con \u00e9l y con quien forj\u00f3 una relaci\u00f3n entra\u00f1able, pas\u00f3 por la entrada muy bien camuflado. Roberto Piazza, en cambio, se detuvo para recordar la \u00faltima vez que estuvo con el capoc\u00f3mico. \u201cLa \u00faltima vez que habl\u00e9 con \u00e9l fue cuando hice un desfile llamado Hollywood. \u00c9l iba a desfilar y me llam\u00f3 para decirme que no se sent\u00eda bien. De ah\u00ed en m\u00e1s empez\u00f3 la pandemia y todo lo que ocurri\u00f3 despu\u00e9s\u201d, repas\u00f3. <strong>\u201cA Antonio lo desped\u00ed con mucha tristeza pero con muchos recuerdos buenos. Me cuesta hablar de esto. Fue una persona que quiero y voy a querer siempre por el respeto que me ha dado, por lo que me ense\u00f1\u00f3\u201d, cont\u00f3 Mottola al salir del Maipo. Adem\u00e1s, catalog\u00f3 al c\u00f3mico como un maestro para \u00e9l y record\u00f3 la marca que le dej\u00f3 de su \u00e9poca de espectador de El mundo de Antonio Gasalla. \u201cSiempre se lo dije, cada vez que escucho \u00b4Fanky\u00b4, la canci\u00f3n de Charly, lo primero que se me viene a la cabeza es Antonio\u201d.<\/strong><\/p>\n<div class=\"content-media\">\n<section class=\"mod-media --zoom  \" role=\"button\">\n<figure class=\"mod-figure \" role=\"button\">\n<div class=\"placeholder \">\n<div class=\"com-image\"><picture><source srcset=\"https:\/\/resizer.glanacion.com\/resizer\/v2\/roberto-piazza-en-el-velorio-de-antonio-FIXW6NTSZFBEFKBVYF7VCARMNY.jpg?auth=4963ae07f234ea9383084f4ba171abaeac7b94f3fd2d80488cc66969db41b29e&amp;width=780&amp;height=1170&amp;quality=70&amp;smart=true\" media=\"(min-width: 768px)\" \/><img loading=\"lazy\" decoding=\"async\" class=\"image flex com-image --cover\" src=\"https:\/\/resizer.glanacion.com\/resizer\/v2\/roberto-piazza-en-el-velorio-de-antonio-FIXW6NTSZFBEFKBVYF7VCARMNY.jpg?auth=4963ae07f234ea9383084f4ba171abaeac7b94f3fd2d80488cc66969db41b29e&amp;width=420&amp;height=630&amp;quality=70&amp;smart=true\" alt=\"Roberto Piazza en el velorio de Antonio Gasalla\" width=\"1333\" height=\"2000\" \/><\/picture><\/div>\n<\/div><figcaption class=\"mod-figcaption\"><span style=\"font-size: 8pt;\"><strong><span class=\"com-text --caption --twoxs\">Roberto Piazza en el velorio de Antonio Gasalla<\/span><\/strong><\/span><\/figcaption><\/figure>\n<\/section>\n<\/div>\n<div class=\"content-media\">\n<section class=\"mod-media --zoom  \" role=\"button\">\n<figure class=\"mod-figure \" role=\"button\">\n<div class=\"placeholder \">\n<div class=\"com-image\"><picture><source srcset=\"https:\/\/resizer.glanacion.com\/resizer\/v2\/georgina-KLMDPJ7I45HYNLQBLGEI2LUJB4.jpg?auth=f5e08793ced6c9dc16a704526c2758149dcb354344472bccd2fc4e0944d60570&amp;width=780&amp;height=1170&amp;quality=70&amp;smart=true\" media=\"(min-width: 768px)\" \/><img loading=\"lazy\" decoding=\"async\" class=\"image flex com-image --cover\" src=\"https:\/\/resizer.glanacion.com\/resizer\/v2\/georgina-KLMDPJ7I45HYNLQBLGEI2LUJB4.jpg?auth=f5e08793ced6c9dc16a704526c2758149dcb354344472bccd2fc4e0944d60570&amp;width=420&amp;height=630&amp;quality=70&amp;smart=true\" alt=\"Georgina Barbarossa\" width=\"1333\" height=\"2000\" \/><\/picture><\/div>\n<\/div><figcaption class=\"mod-figcaption\"><span style=\"font-size: 8pt;\"><strong><span class=\"com-text --caption --twoxs\">Georgina Barbarossa<\/span><\/strong><\/span><\/figcaption><\/figure>\n<\/section>\n<\/div>\n<div class=\"content-media\">\n<section class=\"mod-media --zoom  \" role=\"button\">\n<figure class=\"mod-figure \" role=\"button\">\n<div class=\"placeholder \">\n<div class=\"com-image\"><picture><source srcset=\"https:\/\/resizer.glanacion.com\/resizer\/v2\/el-ministro-de-desarrollo-economico-de-la-ciudad-ZSRO7K3RAJBTPNNRIOT3VI72ZI.jpg?auth=fd563e4c0d11bfd8da10229f18bba59ed310b08f7e242b7b6bbebadfad3346e4&amp;width=780&amp;height=519&amp;quality=70&amp;smart=true\" media=\"(min-width: 768px)\" \/><img loading=\"lazy\" decoding=\"async\" class=\"image flex com-image --cover\" src=\"https:\/\/resizer.glanacion.com\/resizer\/v2\/el-ministro-de-desarrollo-economico-de-la-ciudad-ZSRO7K3RAJBTPNNRIOT3VI72ZI.jpg?auth=fd563e4c0d11bfd8da10229f18bba59ed310b08f7e242b7b6bbebadfad3346e4&amp;width=420&amp;height=279&amp;quality=70&amp;smart=true\" alt=\"El ministro de Desarrollo Econ\u00f3mico de la Ciudad, Hern\u00e1n Lombardi, presente en la despedida de Antonio Gasalla\" width=\"1600\" height=\"1064\" \/><\/picture><\/div>\n<\/div><figcaption class=\"mod-figcaption\"><span style=\"font-size: 8pt;\"><strong><span class=\"com-text --caption --twoxs\">El ministro de Desarrollo Econ\u00f3mico de la Ciudad, Hern\u00e1n Lombardi, presente en la despedida de Antonio Gasalla<\/span><\/strong><\/span><\/figcaption><\/figure>\n<\/section>\n<\/div>\n<p class=\"com-paragraph   --s\">\u201c50 a\u00f1os de vida compartida entre los dos\u201d, solt\u00f3 Cecilia Rossetto, casi como un suspiro, a\u00a0<strong>LA NACION\u00a0<\/strong>durante la despedida. \u201co conoc\u00ed a Antonio en el a\u00f1o 69, y el primer espect\u00e1culo que hicimos juntos fue en el 75. 50 a\u00f1os\u201d, agreg\u00f3. \u201cUn grande. No va a haber otro as\u00ed. Absolutamente integral como productor, como escritor, como creador. \u00c9l dise\u00f1aba los vestuarios. Lo hizo conmigo en un espect\u00e1culo m\u00edo. Era como un artista renacentista\u201d, destac\u00f3, conmovida. Por \u00faltimo, asegur\u00f3 que cuando se conocieron ella era muy j\u00f3ven \u201cAprend\u00ed con \u00e9l mucho m\u00e1s que en una academia\u201d, celebr\u00f3, y explic\u00f3 que tuvo contacto con \u00e9l hasta que se enferm\u00f3.<\/p>\n<div class=\"content-media\">\n<section class=\"mod-media --zoom  \" role=\"button\">\n<figure class=\"mod-figure \" role=\"button\">\n<div class=\"placeholder \">\n<div class=\"com-image\"><picture><source srcset=\"https:\/\/resizer.glanacion.com\/resizer\/v2\/cecilia-rossetto-se-mostro-muy-conmovida-en-la-KHK4MFXPVZFMVA5GGDN63U54RA.jpg?auth=81c929e6cded54baeacf3af5c6660fd75f5617cb2e4f636ea7a01106523a3726&amp;width=780&amp;height=1173&amp;quality=70&amp;smart=true\" media=\"(min-width: 768px)\" \/><img loading=\"lazy\" decoding=\"async\" class=\"image flex com-image --cover\" src=\"https:\/\/resizer.glanacion.com\/resizer\/v2\/cecilia-rossetto-se-mostro-muy-conmovida-en-la-KHK4MFXPVZFMVA5GGDN63U54RA.jpg?auth=81c929e6cded54baeacf3af5c6660fd75f5617cb2e4f636ea7a01106523a3726&amp;width=420&amp;height=632&amp;quality=70&amp;smart=true\" alt=\"Cecilia Rossetto se mostr\u00f3 muy conmovida en la despedida a Gasalla\" width=\"1064\" height=\"1600\" \/><\/picture><\/div>\n<\/div><figcaption class=\"mod-figcaption\"><span class=\"com-text --caption --twoxs\">C<strong>ecilia Rossetto se mostr\u00f3 muy conmovida en la despedida a Gasalla<\/strong><\/span><\/figcaption><\/figure>\n<\/section>\n<\/div>\n<div class=\"content-media\">\n<section class=\"mod-media --zoom  \" role=\"button\">\n<figure class=\"mod-figure \" role=\"button\">\n<div class=\"placeholder \">\n<div class=\"com-image\"><picture><source srcset=\"https:\/\/resizer.glanacion.com\/resizer\/v2\/mirtha-legrand-hizo-llegar-flores-al-velorio-de-LGLMPLAZGRCHNPOHLS2MY4BOQU.jpg?auth=23df15495be53325d585717e90f62bfc439d462f8463ac6527f6860390252d76&amp;width=780&amp;height=1170&amp;quality=70&amp;smart=true\" media=\"(min-width: 768px)\" \/><img loading=\"lazy\" decoding=\"async\" class=\"image flex com-image --cover\" src=\"https:\/\/resizer.glanacion.com\/resizer\/v2\/mirtha-legrand-hizo-llegar-flores-al-velorio-de-LGLMPLAZGRCHNPOHLS2MY4BOQU.jpg?auth=23df15495be53325d585717e90f62bfc439d462f8463ac6527f6860390252d76&amp;width=420&amp;height=630&amp;quality=70&amp;smart=true\" alt=\"Mirtha Legrand hizo llegar flores al velorio de Antonio Gasalla\" width=\"1333\" height=\"2000\" \/><\/picture><\/div>\n<\/div><figcaption class=\"mod-figcaption\"><span style=\"font-size: 8pt;\"><strong><span class=\"com-text --caption --twoxs\">Mirtha Legrand hizo llegar flores al velorio de Antonio Gasalla<\/span><\/strong><\/span><\/figcaption><\/figure>\n<\/section>\n<\/div>\n<p class=\"com-paragraph   --s\">\u201cMirtha Legrand y familia te recordar\u00e1n con mucho cari\u00f1o, querido amigo\u201d, rezaba la corona de flores que mand\u00f3 la diva de la televisi\u00f3n Argentina a la despedida de Gasalla en el Maipo. Tambi\u00e9n lleg\u00f3 al lugar un arreglo floral enviado desde el Instituto Nacional de Cine y Artes Audiovisuales (INCAA).<\/p>\n<div class=\"content-media\">\n<section class=\"mod-media --zoom  \" role=\"button\">\n<figure class=\"mod-figure \" role=\"button\">\n<div class=\"placeholder \">\n<div class=\"com-image\"><picture><source srcset=\"https:\/\/resizer.glanacion.com\/resizer\/v2\/miguel-angel-pierri-quien-fuera-el-representante-UT6PHYRI3FCOJAV3SHLMO54LYU.JPG?auth=df0ae9cb70eb3057bd6dd4c40c72436c94f7d452b69b0102627fd343f009ac6f&amp;width=780&amp;height=519&amp;quality=70&amp;smart=true\" media=\"(min-width: 768px)\" \/><img loading=\"lazy\" decoding=\"async\" class=\"image flex com-image --cover\" src=\"https:\/\/resizer.glanacion.com\/resizer\/v2\/miguel-angel-pierri-quien-fuera-el-representante-UT6PHYRI3FCOJAV3SHLMO54LYU.JPG?auth=df0ae9cb70eb3057bd6dd4c40c72436c94f7d452b69b0102627fd343f009ac6f&amp;width=420&amp;height=279&amp;quality=70&amp;smart=true\" alt=\"Miguel Angel Pierri, quien fuera el representante legal de Antonio Gasalla durante muchos a\u00f1os, dijo presente en su despedida\" width=\"2000\" height=\"1330\" \/><\/picture><\/div>\n<\/div><figcaption class=\"mod-figcaption\"><span style=\"font-size: 8pt;\"><strong><span class=\"com-text --caption --twoxs\">Miguel Angel Pierri, quien fuera el representante legal de Antonio Gasalla durante muchos a\u00f1os, dijo presente en su despedida<\/span><\/strong><\/span><\/figcaption><\/figure>\n<\/section>\n<\/div>\n<p class=\"com-paragraph   --s\">Pasadas las 21.30 Miguel Angel Pierri apareci\u00f3 en escena. El medi\u00e1tico abogado mantuvo una relaci\u00f3n muy cercana con Gasalla, incluso trabaj\u00f3 para \u00e9l y durante la pandemia hizo algunas veces de su vocero. Sin embargo, en el 2023, ese v\u00ednculo laboral se rompi\u00f3 en medio de una pol\u00e9mica que incluy\u00f3 acusaciones cruzadas con la familia del actor.<\/p>\n<p class=\"com-paragraph   --s\">\u201cLo desped\u00ed el d\u00eda que lo internaron. El d\u00eda que se lo llevaron de su casa. Ese fue el d\u00eda que muri\u00f3 Antonio\u201d, dispar\u00f3 picante Pierri al salir del teatro, donde estuvo muy pocos minutos. Luego, cont\u00f3 que pudo ingresar al teatro y que estuvo al lado de \u00e9l. Tras una corta estad\u00eda en el lugar, el letrado prefiri\u00f3 no hablar del entorno de Gasalla. \u201cMi relaci\u00f3n es con mi amigo\u201d, cerr\u00f3.<\/p>\n<div class=\"content-media\">\n<section class=\"mod-media --zoom  \" role=\"button\">\n<figure class=\"mod-figure \" role=\"button\">\n<div class=\"placeholder \">\n<div class=\"com-image\"><picture><source srcset=\"https:\/\/resizer.glanacion.com\/resizer\/v2\/nacha-guevara-llega-al-WIDNDOL4TZE2HHHVXGZXL6WNYI.JPG?auth=2fb3ff8bd6d4f10fa3748fbab731e1deba93e1c1d794e41018c603b45cf7f963&amp;width=780&amp;height=1173&amp;quality=70&amp;smart=true\" media=\"(min-width: 768px)\" \/><img loading=\"lazy\" decoding=\"async\" class=\"image flex com-image --cover\" src=\"https:\/\/resizer.glanacion.com\/resizer\/v2\/nacha-guevara-llega-al-WIDNDOL4TZE2HHHVXGZXL6WNYI.JPG?auth=2fb3ff8bd6d4f10fa3748fbab731e1deba93e1c1d794e41018c603b45cf7f963&amp;width=420&amp;height=632&amp;quality=70&amp;smart=true\" alt=\"Nacha Guevara llega al Maipo\" width=\"1330\" height=\"2000\" \/><\/picture><\/div>\n<\/div><figcaption class=\"mod-figcaption\"><span style=\"font-size: 8pt;\"><strong><span class=\"com-text --caption --twoxs\">Nacha Guevara llega al Maipo<\/span><\/strong><\/span><\/figcaption><\/figure>\n<\/section>\n<\/div>\n<p class=\"com-paragraph   --s\">\u201cMuchos recuerdos para decir una sola cosa\u201d, reaccion\u00f3 Nacha Guevara cuando le preguntaron por la partida de Gasalla y su relaci\u00f3n con \u00e9l apenas sali\u00f3 del Maipo del brazo de Polino. \u201cEra un irrepetible\u201d, subray\u00f3 luego, y celebr\u00f3 despedirlo en un teatro. \u201cEse fue su lugar. Fue un artista, y un artista siempre deja algo\u201d, agreg\u00f3, y lo describi\u00f3 como un \u201ccompa\u00f1ero de andanzas\u201d.<\/p>\n<div class=\"content-media\">\n<section class=\"mod-media --zoom  \" role=\"button\">\n<figure class=\"mod-figure \" role=\"button\">\n<div class=\"placeholder \">\n<div class=\"com-image\"><picture><source srcset=\"https:\/\/resizer.glanacion.com\/resizer\/v2\/la-conductora-gabriela-guerrero-marthineitz-hija-UTOMDIW5LVHEVLGIFKZHK7ZE3Y.JPG?auth=d4c89696482d6aff4c08ce28828fad5e7126cc8b4ef432f1cec47380e19a64e2&amp;width=780&amp;height=1173&amp;quality=70&amp;smart=true\" media=\"(min-width: 768px)\" \/><img loading=\"lazy\" decoding=\"async\" class=\"image flex com-image --cover\" src=\"https:\/\/resizer.glanacion.com\/resizer\/v2\/la-conductora-gabriela-guerrero-marthineitz-hija-UTOMDIW5LVHEVLGIFKZHK7ZE3Y.JPG?auth=d4c89696482d6aff4c08ce28828fad5e7126cc8b4ef432f1cec47380e19a64e2&amp;width=420&amp;height=632&amp;quality=70&amp;smart=true\" alt=\"La conductora Gabriela Guerrero Marthineitz, hija del periodista y conductor radial Hugo Guerrero Marthineitz, pas\u00f3 por el Maipo\n\" width=\"1330\" height=\"2000\" \/><\/picture><\/div>\n<\/div><figcaption class=\"mod-figcaption\"><span style=\"font-size: 8pt;\"><strong><span class=\"com-text --caption --twoxs\">La conductora Gabriela Guerrero Marthineitz, hija del periodista y conductor radial Hugo Guerrero Marthineitz, pas\u00f3 por el Maipo<\/span><\/strong><\/span><\/figcaption><\/figure>\n<\/section>\n<\/div>\n<div class=\"content-media\">\n<section class=\"mod-media --zoom  \" role=\"button\">\n<figure class=\"mod-figure \" role=\"button\">\n<div class=\"placeholder \">\n<div class=\"com-image\"><picture><source srcset=\"https:\/\/resizer.glanacion.com\/resizer\/v2\/el-enorme-cartel-y-la-eterna-sonrisa-de-antonio-MYD6SKR7ERFFDFQQYEI7KFVC2A.JPG?auth=231324363b65d1ce348374c47f8e1b17c082a3b04c5a80996c819837af661912&amp;width=780&amp;height=1173&amp;quality=70&amp;smart=true\" media=\"(min-width: 768px)\" \/><img loading=\"lazy\" decoding=\"async\" class=\"image flex com-image --cover\" src=\"https:\/\/resizer.glanacion.com\/resizer\/v2\/el-enorme-cartel-y-la-eterna-sonrisa-de-antonio-MYD6SKR7ERFFDFQQYEI7KFVC2A.JPG?auth=231324363b65d1ce348374c47f8e1b17c082a3b04c5a80996c819837af661912&amp;width=420&amp;height=632&amp;quality=70&amp;smart=true\" alt=\"El enorme cartel y la eterna sonrisa de Antonio Gasalla, en la entrada del Maipo\" width=\"1330\" height=\"2000\" \/><\/picture><\/div>\n<\/div><figcaption class=\"mod-figcaption\"><strong><span class=\"com-text --caption --twoxs\">El enorme cartel y la eterna sonrisa de Antonio Gasalla, en la entrada del Maipo<\/span><\/strong><\/figcaption><\/figure>\n<\/section>\n<\/div>\n<p class=\"com-paragraph   --s\">\u201cEs un alivio por \u00e9l\u201d, confes\u00f3 Carlos Gasalla, cerca de las 23, cuando se encontr\u00f3 con los periodistas asentados en el lugar luego de salir del Maipo. El hermano del capoc\u00f3mico habl\u00f3, adem\u00e1s, del lugar central que ocup\u00f3 Antonio en el mundo del espect\u00e1culo, de su irrupci\u00f3n vanguardista en la cultura local y del legado que dej\u00f3. \u201cFue una irrupci\u00f3n un poco delirante tambi\u00e9n, hasta en la vestimenta, que implant\u00f3 en la Argentina una manera de hablar, de comentar la vida de los argentinos de forma desenfadada\u201c, sum\u00f3.<\/p>\n<p class=\"com-paragraph   --s\">Carlos record\u00f3 adem\u00e1s que Antonio siempre fue un gran observador. \u201cDe chico ya estaba el germen ah\u00ed de lo que iba despu\u00e9s a traslucir con sus personajes\u201d, record\u00f3, \u201cFue una ruptura que pareci\u00f3 al principio un poco agresiva pero que despu\u00e9s, con el tiempo, la gente comprendi\u00f3 c\u00f3mo se tomaba en broma muchas cosas que antes eran serias\u201d, resalt\u00f3, y asinti\u00f3 cuando le nombraron a uno de los personajes m\u00e1s recordados: el de Flora, la empleada p\u00fablica.<\/p>\n<div class=\"content-media\">\n<section class=\"mod-media --zoom  \" role=\"button\">\n<figure class=\"mod-figure \" role=\"button\">\n<div class=\"placeholder \">\n<div class=\"com-image\"><picture><source srcset=\"https:\/\/resizer.glanacion.com\/resizer\/v2\/velorio-de-antonio-gasalla-en-el-teatro-QKTZKLCREBB3DJSY3WJHWQQ2G4.JPG?auth=19226f3ced29959a08e80bb531de1ee01e6fef71fbc6a9ed5d44cdf7e99f3fd6&amp;width=780&amp;height=1170&amp;quality=70&amp;smart=true\" media=\"(min-width: 768px)\" \/><img loading=\"lazy\" decoding=\"async\" class=\"image flex com-image --cover\" src=\"https:\/\/resizer.glanacion.com\/resizer\/v2\/velorio-de-antonio-gasalla-en-el-teatro-QKTZKLCREBB3DJSY3WJHWQQ2G4.JPG?auth=19226f3ced29959a08e80bb531de1ee01e6fef71fbc6a9ed5d44cdf7e99f3fd6&amp;width=420&amp;height=630&amp;quality=70&amp;smart=true\" alt=\"Velorio de Antonio Gasalla en el Teatro Maipo\" width=\"1333\" height=\"2000\" \/><\/picture><\/div>\n<\/div><figcaption class=\"mod-figcaption\"><span style=\"font-size: 8pt;\"><strong><span class=\"com-text --caption --twoxs\">Velorio de Antonio Gasalla en el Teatro Maipo<\/span><\/strong><\/span><\/figcaption><\/figure>\n<\/section>\n<\/div>\n<p class=\"com-paragraph   --s\">Por \u00faltimo Carlos habl\u00f3 de la importancia del Teatro Maipo en la vida de su hermano. \u201cYo no quiero decir que Antonio modific\u00f3 un poco la revista existente hasta ese momento, pero si la moderniz\u00f3 enormemente\u201d, asegur\u00f3, y de inmediato dio ejemplos. \u201cAntonio trajo bailarinas de Inglaterra, cambi\u00f3 los vestuarios, trajo de Estados Unidos un nuevo tel\u00f3n que se inaugur\u00f3 cuando \u00e9l empez\u00f3 la primera temporada. Tuvo cosas bastante vanguardistas en ese momento\u201d, enumer\u00f3. \u201cFue un renovador de muchas cosas. Aport\u00f3 un mont\u00f3n de cosas que a\u00fan hoy siguen en vigencia\u201d, complet\u00f3.<\/p>\n<p class=\"com-paragraph   --s\">Antes de despedirse, Carlos record\u00f3 que Gasalla era \u201cmuy cascarrabias y exigente\u201d, pero que con todos los que trabaj\u00f3 fue tambi\u00e9n \u201cmuy generoso y muy consejero\u201d. \u201cSiempre convoc\u00f3 elencos de los cuales sab\u00eda exprimir lo que \u00e9l quer\u00eda sacar. Ten\u00eda una visi\u00f3n y un ojo muy grande para elegir elencos. Antonio era muy completo\u201d, cerr\u00f3.<\/p>\n<div class=\"content-media\">\n<section class=\"mod-media --zoom  \" role=\"button\">\n<figure class=\"mod-figure \" role=\"button\">\n<div class=\"placeholder \">\n<div class=\"com-image\"><picture><source srcset=\"https:\/\/resizer.glanacion.com\/resizer\/v2\/el-productor-guillermo-MXM7XEHPIFHNJLAQG4AX2S572E.jpg?auth=d8efa0753374e26d48b0028b06f3a4e60f4b05555ce3171ffa355360478d9d52&amp;width=780&amp;height=1170&amp;quality=70&amp;smart=true\" media=\"(min-width: 768px)\" \/><img loading=\"lazy\" decoding=\"async\" class=\"image flex com-image --cover\" src=\"https:\/\/resizer.glanacion.com\/resizer\/v2\/el-productor-guillermo-MXM7XEHPIFHNJLAQG4AX2S572E.jpg?auth=d8efa0753374e26d48b0028b06f3a4e60f4b05555ce3171ffa355360478d9d52&amp;width=420&amp;height=630&amp;quality=70&amp;smart=true\" alt=\"El productor Guillermo Mar\u00edn\" width=\"1333\" height=\"2000\" \/><\/picture><\/div>\n<\/div><figcaption class=\"mod-figcaption\"><span style=\"font-size: 8pt;\"><strong><span class=\"com-text --caption --twoxs\">El productor Guillermo Mar\u00edn<\/span><\/strong><\/span><\/figcaption><\/figure>\n<\/section>\n<\/div>\n<\/div>\n<\/div>\n<\/div>\n<\/div>\n<\/section>\n<\/div>\n<\/div>\n","protected":false},"excerpt":{"rendered":"<p>El capoc\u00f3mico, que ten\u00eda 84 a\u00f1os, fue velado en este espacio cultural del centro porte\u00f1o y honrado por su p\u00fablico y por la comunidad actoral. Actor y creador de personajes entra\u00f1ables como La abuela, La empleada p\u00fablica, Soledad Solari, Mam\u00e1 Cora y B\u00e1rbara Don\u2019t Worry, entre muchos otros,\u00a0Antonio Gasalla\u00a0fue\u00a0velado desde las 19 de este martes &hellip;<\/p>\n","protected":false},"author":2,"featured_media":6513,"comment_status":"open","ping_status":"open","sticky":false,"template":"","format":"standard","meta":{"footnotes":""},"categories":[30,33],"tags":[1599],"class_list":["post-6512","post","type-post","status-publish","format-standard","has-post-thumbnail","hentry","category-cultura-y-espectaculos","category-nacionales","tag-antonio-gasalla"],"_links":{"self":[{"href":"https:\/\/cafeprensa.com.ar\/index.php\/wp-json\/wp\/v2\/posts\/6512","targetHints":{"allow":["GET"]}}],"collection":[{"href":"https:\/\/cafeprensa.com.ar\/index.php\/wp-json\/wp\/v2\/posts"}],"about":[{"href":"https:\/\/cafeprensa.com.ar\/index.php\/wp-json\/wp\/v2\/types\/post"}],"author":[{"embeddable":true,"href":"https:\/\/cafeprensa.com.ar\/index.php\/wp-json\/wp\/v2\/users\/2"}],"replies":[{"embeddable":true,"href":"https:\/\/cafeprensa.com.ar\/index.php\/wp-json\/wp\/v2\/comments?post=6512"}],"version-history":[{"count":1,"href":"https:\/\/cafeprensa.com.ar\/index.php\/wp-json\/wp\/v2\/posts\/6512\/revisions"}],"predecessor-version":[{"id":6514,"href":"https:\/\/cafeprensa.com.ar\/index.php\/wp-json\/wp\/v2\/posts\/6512\/revisions\/6514"}],"wp:featuredmedia":[{"embeddable":true,"href":"https:\/\/cafeprensa.com.ar\/index.php\/wp-json\/wp\/v2\/media\/6513"}],"wp:attachment":[{"href":"https:\/\/cafeprensa.com.ar\/index.php\/wp-json\/wp\/v2\/media?parent=6512"}],"wp:term":[{"taxonomy":"category","embeddable":true,"href":"https:\/\/cafeprensa.com.ar\/index.php\/wp-json\/wp\/v2\/categories?post=6512"},{"taxonomy":"post_tag","embeddable":true,"href":"https:\/\/cafeprensa.com.ar\/index.php\/wp-json\/wp\/v2\/tags?post=6512"}],"curies":[{"name":"wp","href":"https:\/\/api.w.org\/{rel}","templated":true}]}}